{"id":564,"date":"2020-03-12T17:53:20","date_gmt":"2020-03-12T17:53:20","guid":{"rendered":"https:\/\/www.affinite.fr\/index.php\/2020\/03\/12\/amazon-restreint-la-vente-de-produits-contre-le-coronavirus-pour-lutter-contre-les-abus\/"},"modified":"2020-03-12T17:53:20","modified_gmt":"2020-03-12T17:53:20","slug":"amazon-restreint-la-vente-de-produits-contre-le-coronavirus-pour-lutter-contre-les-abus","status":"publish","type":"post","link":"https:\/\/www.affinite.fr\/index.php\/2020\/03\/12\/amazon-restreint-la-vente-de-produits-contre-le-coronavirus-pour-lutter-contre-les-abus\/","title":{"rendered":"Amazon restreint la vente de produits contre le coronavirus pour lutter contre les abus"},"content":{"rendered":"<p> [ad_1]<br \/>\n<br \/><img decoding=\"async\" src=\"https:\/\/img.bfmtv.com\/i\/0\/0\/dbe\/a3bd43f88485a39b7df1b40e3af8e.jpeg\" \/><\/p>\n<div itemprop=\"articleBody\">\n<p>Amazon part en guerre contre les vendeurs de sa plate-forme Marketplace qui proposent des produits contre le coronavirus \u00e0 des prix prohibitifs. Citons par exemple les masques de protection, les gels hydroalcooliques, les lingettes de nettoyage et l&rsquo;alcool isopropylique.<br \/>Ainsi, des vendeurs ont re\u00e7u un message d&rsquo;Amazon, indiquant que leurs offres ont \u00e9t\u00e9 retir\u00e9es du site. En revanche, le cyber-marchand ne pr\u00e9cise pas quels sont les crit\u00e8res utilis\u00e9s pour faire le tri entre les vendeurs des produits concern\u00e9s.<\/p>\n<aside class=\"bg-color-0 padding-inside-all-s bloc border-s\">\n<h4 class=\"box-txt-normal\">\n<p><strong>A d\u00e9couvrir aussi en vid\u00e9o<\/strong><\/p>\n<\/h4>\n<\/aside>\n<p>Le site va refuser les nouvelles propositions des vendeurs Marketplace concernant les produits li\u00e9s au coronavirus, mais conserve sur son site les offres actuelles \u00e0 des prix raisonnables.\u00a0Pour les vendeurs dont les produits exclus sont d\u00e9j\u00e0 dans les centres de distribution, Amazon propose un remboursement des frais de retour jusqu&rsquo;au 31 mai.<\/p>\n<p>Le cyber-marchand a \u00e9galement supprim\u00e9 de son site plus d&rsquo;un million de produits frauduleux, annonc\u00e9s comme pouvant combattre ou gu\u00e9rir la maladie Covid-19.<\/p>\n<p><strong>Source <\/strong>: <a href=\"https:\/\/www.theverge.com\/2020\/3\/11\/21175719\/amazon-restricts-sale-face-masks-hand-sanitizer-coronavirus-price-gouging\" target=\"_blank\" rel=\"noopener noreferrer\">The Verge<\/a><\/p>\n<\/p><\/div>\n<p><script>\n         !function(f,b,e,v,n,t,s){if(f.fbq)return;n=f.fbq=function()\n         {n.callMethod? n.callMethod.apply(n,arguments):n.queue.push(arguments)}\n         ;if(!f._fbq)f._fbq=n;\n             n.push=n;n.loaded=!0;n.version='2.0';n.queue=[];t=b.createElement(e);t.async=!0;\n             t.src=v;s=b.getElementsByTagName(e)[0];s.parentNode.insertBefore(t,s)}(window,\n                 document,'script','https:\/\/connect.facebook.net\/en_US\/fbevents.js');\n         fbq('init', '1065890633454496');\n         fbq('track', 'PageView');\n     <\/script><br \/>\n<br \/>[ad_2]<br \/>\n<br \/><a href=\"https:\/\/www.01net.com\/actualites\/amazon-restreint-la-vente-de-produits-contre-le-coronavirus-sur-sa-plate-forme-marketplace-1873542.html\">Source link <\/a><\/p>\n","protected":false},"excerpt":{"rendered":"<p>[ad_1] Amazon part en guerre contre les vendeurs de sa plate-forme Marketplace qui proposent des produits contre le coronavirus \u00e0 &hellip; <a href=\"https:\/\/www.affinite.fr\/index.php\/2020\/03\/12\/amazon-restreint-la-vente-de-produits-contre-le-coronavirus-pour-lutter-contre-les-abus\/\" class=\"more-link\">Plus <span class=\"screen-reader-text\">Amazon restreint la vente de produits contre le coronavirus pour lutter contre les abus<\/span> <span class=\"meta-nav\">&rarr;<\/span><\/a><\/p>\n","protected":false},"author":1,"featured_media":565,"comment_status":"open","ping_status":"open","sticky":false,"template":"","format":"standard","meta":{"_sitemap_exclude":false,"_sitemap_priority":"","_sitemap_frequency":"","footnotes":""},"categories":[1],"tags":[],"class_list":["post-564","post","type-post","status-publish","format-standard","has-post-thumbnail","hentry","category-tous"],"_links":{"self":[{"href":"https:\/\/www.affinite.fr\/index.php\/wp-json\/wp\/v2\/posts\/564"}],"collection":[{"href":"https:\/\/www.affinite.fr\/index.php\/wp-json\/wp\/v2\/posts"}],"about":[{"href":"https:\/\/www.affinite.fr\/index.php\/wp-json\/wp\/v2\/types\/post"}],"author":[{"embeddable":true,"href":"https:\/\/www.affinite.fr\/index.php\/wp-json\/wp\/v2\/users\/1"}],"replies":[{"embeddable":true,"href":"https:\/\/www.affinite.fr\/index.php\/wp-json\/wp\/v2\/comments?post=564"}],"version-history":[{"count":0,"href":"https:\/\/www.affinite.fr\/index.php\/wp-json\/wp\/v2\/posts\/564\/revisions"}],"wp:featuredmedia":[{"embeddable":true,"href":"https:\/\/www.affinite.fr\/index.php\/wp-json\/wp\/v2\/media\/565"}],"wp:attachment":[{"href":"https:\/\/www.affinite.fr\/index.php\/wp-json\/wp\/v2\/media?parent=564"}],"wp:term":[{"taxonomy":"category","embeddable":true,"href":"https:\/\/www.affinite.fr\/index.php\/wp-json\/wp\/v2\/categories?post=564"},{"taxonomy":"post_tag","embeddable":true,"href":"https:\/\/www.affinite.fr\/index.php\/wp-json\/wp\/v2\/tags?post=564"}],"curies":[{"name":"wp","href":"https:\/\/api.w.org\/{rel}","templated":true}]}}