{"id":5629,"date":"2020-12-09T22:12:12","date_gmt":"2020-12-09T22:12:12","guid":{"rendered":"https:\/\/www.affinite.fr\/index.php\/2020\/12\/09\/verrines-legeres-poire-pain-depices\/"},"modified":"2020-12-09T22:12:12","modified_gmt":"2020-12-09T22:12:12","slug":"verrines-legeres-poire-pain-depices","status":"publish","type":"post","link":"https:\/\/www.affinite.fr\/index.php\/2020\/12\/09\/verrines-legeres-poire-pain-depices\/","title":{"rendered":"Verrines l\u00e9g\u00e8res poire pain d&#039;\u00e9pices"},"content":{"rendered":"<p> [ad_1]<br \/>\n<\/p>\n<div dir=\"ltr\" style=\"text-align: left\">\n<div class=\"hrecipe\">Une recette facile et rapide pour No\u00ebl : les <span style=\"font-size: large\"><b><span class=\"fn\">verrines poire et pain d&rsquo;\u00e9pices<\/span><\/b><\/span> ! On alterne ici les couches de poires mix\u00e9es, de cr\u00e8me fouett\u00e9e et de pain d&rsquo;\u00e9pices, pour une recette super l\u00e9g\u00e8re et fondante.<\/p>\n<p>  La recette en vid\u00e9o est ici : <a href=\"https:\/\/youtu.be\/6pf-u1t7Jtw\" target=\"_blank\" rel=\"noopener noreferrer\">verrines poire et pain d&rsquo;\u00e9pices en vid\u00e9o<\/a>.<\/p>\n<div class=\"separator\" style=\"clear: both;text-align: center\"><a href=\"https:\/\/www.iletaitunefoislapatisserie.com\/2018\/12\/verrines-legeres-poire-pain-depices.html\"><img decoding=\"async\" alt=\"verrine poire d'\u00e9pice\" border=\"0\" class=\"photo\" data-original-height=\"433\" data-original-width=\"650\" src=\"https:\/\/4.bp.blogspot.com\/-dvds2umuXOc\/W__r8V-mQVI\/AAAAAAAA2z0\/bIBz67ydz1wEtAm_3sT03CUPIeZEv57XwCLcBGAs\/s1600\/recette-verrine-legere.jpg\" title=\"verrines poire et pain d'\u00e9pices\" \/><\/a><\/div>\n<p><a name='more'><\/a><br \/>Vous verrez la recette est vraiment <b>facile<\/b>, et super agr\u00e9able en bouche. Elle est peu sucr\u00e9e mais \u00e7a n&rsquo;a pas emp\u00each\u00e9 que mes filles se r\u00e9galent avec ces verrines.<\/p>\n<p>Donc parfait apr\u00e8s un repas un peu costaud !<\/p>\n<div class=\"separator\" style=\"clear: both;text-align: center\"><a href=\"https:\/\/4.bp.blogspot.com\/-dBH7I7tvg3A\/W__qc3qhnII\/AAAAAAAA2zk\/YARHr-YsXKIIcCC6KinxYuIUiX6cFv-pgCLcBGAs\/s1600\/verrines-poire-pain-depices.jpg\" style=\"margin-left: 1em;margin-right: 1em\"><img decoding=\"async\" alt=\"recette de verrines \u00e0 la poire\" border=\"0\" data-original-height=\"433\" data-original-width=\"650\" src=\"https:\/\/4.bp.blogspot.com\/-dBH7I7tvg3A\/W__qc3qhnII\/AAAAAAAA2zk\/YARHr-YsXKIIcCC6KinxYuIUiX6cFv-pgCLcBGAs\/s1600\/verrines-poire-pain-depices.jpg\" title=\"recette verrines poire\" \/><\/a><\/div>\n<p>Pour le pain d&rsquo;\u00e9pices, vous pouvez prendre du pain d&rsquo;\u00e9pices tout fait, ou bien le pr\u00e9parer maison. Je vous conseille <a href=\"https:\/\/www.iletaitunefoislapatisserie.com\/2015\/10\/pain-d-epices-maison-moelleux.html\" target=\"_blank\" rel=\"noopener noreferrer\">cette recette de pain d&rsquo;\u00e9pices<\/a> qui est de loin ma pr\u00e9f\u00e9r\u00e9e !<\/p>\n<div style=\"text-align: center\"><a href=\"https:\/\/www.iletaitunefoislapatisserie.com\/2015\/10\/pain-d-epices-maison-moelleux.html\" target=\"_blank\" rel=\"noopener noreferrer\"><img loading=\"lazy\" decoding=\"async\" alt=\"recette pain d'\u00e9pices\" border=\"0\" height=\"640\" src=\"https:\/\/1.bp.blogspot.com\/-5hT2UoGqJ_Y\/ViaXZ_auANI\/AAAAAAAAIXg\/vcmkBnK7auY\/s640\/pain-depices.jpg\" title=\"pain d'\u00e9pice\" width=\"485\" \/><\/a><\/div>\n<table>\n<tbody>\n<tr>\n<td width=\"66%\">\n<div class=\"materiel\"><u><b>MAT\u00c9RIEL N\u00c9CESSAIRE :<\/b><\/u> <\/p>\n<ul style=\"padding-left: 1em;text-align: left\">\n<li><a href=\"http:\/\/p.dm\/adpzn\" rel=\"nofollow noopener noreferrer\" target=\"_blank\">Un blender<\/a><\/li>\n<li><a href=\"http:\/\/p.dm\/Hqch6\" rel=\"nofollow noopener noreferrer\" target=\"_blank\">Fouet \u00e9lectrique<\/a><\/li>\n<\/ul>\n<p>Vous trouverez tout mon <a href=\"http:\/\/www.iletaitunefoislapatisserie.com\/2015\/05\/mon-materiel-de-patisserie.html\" target=\"_blank\" rel=\"noopener noreferrer\">mat\u00e9riel recommand\u00e9 ici<\/a>.<\/div>\n<\/td>\n<td valign=\"top\" width=\"34%\">\n<div class=\"snippet\">&nbsp; Parts : <b><span class=\"yield\">6<\/span><\/b><br \/><i class=\"fas fa-utensils\"><\/i>&nbsp; Pr\u00e9paration : <b><span class=\"preptime\">10<span class=\"value-title\" title=\"PT00H10M\"><\/span><\/span><\/b><br \/><i class=\"fas fa-cookie\"><\/i>&nbsp; Cuisson : <b><span class=\"cooktime\">10 mn<span class=\"value-title\" title=\"PT00H10M\"><\/span><\/span><\/b><br \/><i class=\"far fa-clock\"><\/i>&nbsp; Total : <b><span class=\"duration\">20 mn<span class=\"value-title\" title=\"PT00H20M\"><\/span><\/span><\/b><\/div>\n<\/td>\n<\/tr>\n<\/tbody>\n<\/table>\n<div class=\"quantite\">\n<div style=\"text-align: left\"><b><u>INGR\u00c9DIENTS POUR 6 PETITES VERRINES POIRE PAIN D\u2019\u00c9PICES:<\/u><\/b><i><u><br \/><\/u><\/i><\/div>\n<p><\/p>\n<ul style=\"text-align: left\">\n<li><span class=\"ingredient\">15 cl de cr\u00e8me liquide enti\u00e8re<\/span><\/li>\n<li><span class=\"ingredient\">15 g de sucre en poudre<\/span><\/li>\n<li><span class=\"ingredient\">4 petites poires ou 3 grosses (+ 1 poire pour la d\u00e9co)<\/span><\/li>\n<li><span class=\"ingredient\">300 g de pain d&rsquo;\u00e9pices<\/span><\/li>\n<\/ul>\n<p><\/div>\n<p><!--Dans l'article--><\/p>\n<p><\/p>\n<div style=\"text-align: left\"><b><u>PR\u00c9PARATION :<\/u><\/b><\/div>\n<p>La recette <a href=\"https:\/\/youtu.be\/6pf-u1t7Jtw\" target=\"_blank\" rel=\"noopener noreferrer\">en vid\u00e9o est ici<\/a> :<\/p>\n<div class=\"videoresp\"><\/div>\n<p><span class=\"instructions\">Commencez par laver et essuyer les poires. \u00d4tez le c\u0153ur et les p\u00e9pins et coupez-les en morceaux.<\/span><\/p>\n<div class=\"separator\" style=\"clear: both;text-align: center\"><a href=\"https:\/\/2.bp.blogspot.com\/-Ei0DvV-llmw\/XBNk2IcPHPI\/AAAAAAAA33w\/QZwkGNn4tn8wLfM2IoSjY2ihMQhPMVowwCLcBGAs\/s1600\/IMG_3189.jpg\" style=\"margin-left: 1em;margin-right: 1em\"><img decoding=\"async\" border=\"0\" data-original-height=\"270\" data-original-width=\"400\" src=\"https:\/\/2.bp.blogspot.com\/-Ei0DvV-llmw\/XBNk2IcPHPI\/AAAAAAAA33w\/QZwkGNn4tn8wLfM2IoSjY2ihMQhPMVowwCLcBGAs\/s1600\/IMG_3189.jpg\" \/><\/a><\/div>\n<p><span class=\"instructions\">Versez-les dans un mixeur et mixez jusqu&rsquo;\u00e0 obtenir une pur\u00e9e.<\/span><br \/><span class=\"instructions\"><\/span><br \/><span class=\"instructions\">J&rsquo;ai r\u00e9alis\u00e9 la vid\u00e9o de cette recette pour la marque Electrod\u00e9p\u00f4t. J&rsquo;ai donc utilis\u00e9 leur <span class=\"lienamazon\"><a href=\"http:\/\/p.dm\/adpzn\" rel=\"nofollow noopener noreferrer\" target=\"_blank\">blender<\/a><\/span> \u00e0 tout petit prix pour mixer mes poires.<\/span><br \/><span class=\"instructions\"><br \/><\/span><\/p>\n<div class=\"separator\" style=\"clear: both;text-align: center\"><a href=\"http:\/\/p.dm\/adpzn\" rel=\"nofollow noopener noreferrer\" target=\"_blank\"><img decoding=\"async\" alt=\"http:\/\/p.dm\/adpzn\" border=\"0\" data-original-height=\"630\" data-original-width=\"400\" src=\"https:\/\/4.bp.blogspot.com\/-MJdz5F3vS5w\/XBNf_Z3NPPI\/AAAAAAAA33k\/_73OlLUUh342pvD6eQtjoK3pMlWTmEsDQCLcBGAs\/s1600\/IMG_3191.jpg\" \/><\/a><\/div>\n<p><\/p>\n<div style=\"text-align: center\"><span class=\"instructions\"><span class=\"acheter\"><a href=\"http:\/\/p.dm\/adpzn\" rel=\"nofollow noopener noreferrer\" target=\"_blank\">En savoir plus sur le blender <\/a><\/span><\/span><\/div>\n<p><span class=\"instructions\"><br \/>R\u00e9partissez la moiti\u00e9 de cette pur\u00e9e de poires dans 6 verrines.<\/span><\/p>\n<p><\/p>\n<div class=\"separator\" style=\"clear: both;text-align: center\"><img decoding=\"async\" border=\"0\" data-original-height=\"280\" data-original-width=\"400\" src=\"https:\/\/3.bp.blogspot.com\/-9VVSUU-Ha8I\/XBNk2HpR6tI\/AAAAAAAA334\/OeVQECdy-Ow1E58ag_tILYiMyFqKy_fkgCLcBGAs\/s1600\/IMG_3193.jpg\" \/><\/div>\n<p>Avec un <span class=\"lienamazon\"><a href=\"http:\/\/p.dm\/Hqch6\" rel=\"nofollow noopener noreferrer\" target=\"_blank\">fouet \u00e9lectrique<\/a><\/span>, fouettez la cr\u00e8me liquide pendant 10 minutes environ, en augmentant la vitesse progressivement.<\/p>\n<p>Quand la cr\u00e8me est bien <a href=\"https:\/\/www.affinite.fr\/index.php\/2022\/10\/22\/la-creme-glacee-la-nouvelle-culture-commerciale\/\">ferme<\/a>, ajoutez le sucre et fouettez encore 30 secondes.<\/p>\n<p>R\u00e9partissez la moiti\u00e9 de la cr\u00e8me dans les verrines. <\/p>\n<div class=\"separator\" style=\"clear: both;text-align: center\"><img decoding=\"async\" border=\"0\" data-original-height=\"272\" data-original-width=\"400\" src=\"https:\/\/3.bp.blogspot.com\/-dlPM5Lfn4bQ\/XBNk2K3TzrI\/AAAAAAAA330\/g1hHnQXJ-uoAyF3knwVVOfQpGJ19QFfawCLcBGAs\/s1600\/IMG_3194.jpg\" \/><\/div>\n<p><span class=\"instructions\">\u00c9miettez la moiti\u00e9 du pain d&rsquo;\u00e9pices dans les verrines, puis recommencez avec une couche de pur\u00e9e de poires, une couche de cr\u00e8me Chantilly puis une derni\u00e8re couche de pain d&rsquo;\u00e9pices.<\/span><\/p>\n<p><span class=\"instructions\"><a href=\"https:\/\/2.bp.blogspot.com\/-4QsZPqjIPwE\/W__r8X9870I\/AAAAAAAA2z4\/VOmiWuYnpcc7UwcuMiwPFBO25RIWJ_0qgCLcBGAs\/s1600\/recette-verrines-poire.jpg\" style=\"margin-left: 1em;margin-right: 1em\"><img decoding=\"async\" alt=\"verrines pour noel\" border=\"0\" data-original-height=\"927\" data-original-width=\"650\" src=\"https:\/\/2.bp.blogspot.com\/-4QsZPqjIPwE\/W__r8X9870I\/AAAAAAAA2z4\/VOmiWuYnpcc7UwcuMiwPFBO25RIWJ_0qgCLcBGAs\/s1600\/recette-verrines-poire.jpg\" title=\"verrines l\u00e9g\u00e8re noel\" \/><\/a> <\/span><\/p>\n<p><span class=\"instructions\">C&rsquo;est pr\u00eat !<\/span><\/p>\n<div class=\"separator\" style=\"clear: both;text-align: center\"><a href=\"https:\/\/1.bp.blogspot.com\/-Te6d1S-k8tM\/XBNnT8Cba2I\/AAAAAAAA34Q\/PNv7ZtUCm3sCoChV-3rLKaKqPQ2eY6OzgCLcBGAs\/s1600\/verrines-poire-pain-d-epices.jpg\" style=\"margin-left: 1em;margin-right: 1em\"><img decoding=\"async\" alt=\"verrines noel\" border=\"0\" data-original-height=\"801\" data-original-width=\"650\" src=\"https:\/\/1.bp.blogspot.com\/-Te6d1S-k8tM\/XBNnT8Cba2I\/AAAAAAAA34Q\/PNv7ZtUCm3sCoChV-3rLKaKqPQ2eY6OzgCLcBGAs\/s1600\/verrines-poire-pain-d-epices.jpg\" title=\"verrines poire pain d'\u00e9pices\" \/><\/a><\/div>\n<div class=\"separator\" style=\"clear: both;text-align: center\"><\/div>\n<p><span class=\"instructions\">Retrouvez ici mes <a href=\"https:\/\/www.iletaitunefoislapatisserie.com\/search\/label\/verrine\" target=\"_blank\" rel=\"noopener noreferrer\">recettes de verrines<\/a> et l\u00e0 mes <a href=\"https:\/\/www.iletaitunefoislapatisserie.com\/search\/label\/poire\" target=\"_blank\" rel=\"noopener noreferrer\">recettes \u00e0 base de poires<\/a>.<\/span><br \/><span class=\"author\">Christelle<\/span><\/div>\n<\/div>\n<p>[ad_2]<br \/>\n<br \/><a href=\"https:\/\/www.iletaitunefoislapatisserie.com\/2018\/12\/verrines-legeres-poire-pain-depices.html\">Source link <\/a><\/p>\n","protected":false},"excerpt":{"rendered":"<p>[ad_1] Une recette facile et rapide pour No\u00ebl : les verrines poire et pain d&rsquo;\u00e9pices ! On alterne ici les &hellip; <a href=\"https:\/\/www.affinite.fr\/index.php\/2020\/12\/09\/verrines-legeres-poire-pain-depices\/\" class=\"more-link\">Plus <span class=\"screen-reader-text\">Verrines l\u00e9g\u00e8res poire pain d&#039;\u00e9pices<\/span> <span class=\"meta-nav\">&rarr;<\/span><\/a><\/p>\n","protected":false},"author":1,"featured_media":5630,"comment_status":"open","ping_status":"open","sticky":false,"template":"","format":"standard","meta":{"_sitemap_exclude":false,"_sitemap_priority":"","_sitemap_frequency":"","footnotes":""},"categories":[1],"tags":[],"class_list":["post-5629","post","type-post","status-publish","format-standard","has-post-thumbnail","hentry","category-tous"],"_links":{"self":[{"href":"https:\/\/www.affinite.fr\/index.php\/wp-json\/wp\/v2\/posts\/5629"}],"collection":[{"href":"https:\/\/www.affinite.fr\/index.php\/wp-json\/wp\/v2\/posts"}],"about":[{"href":"https:\/\/www.affinite.fr\/index.php\/wp-json\/wp\/v2\/types\/post"}],"author":[{"embeddable":true,"href":"https:\/\/www.affinite.fr\/index.php\/wp-json\/wp\/v2\/users\/1"}],"replies":[{"embeddable":true,"href":"https:\/\/www.affinite.fr\/index.php\/wp-json\/wp\/v2\/comments?post=5629"}],"version-history":[{"count":0,"href":"https:\/\/www.affinite.fr\/index.php\/wp-json\/wp\/v2\/posts\/5629\/revisions"}],"wp:featuredmedia":[{"embeddable":true,"href":"https:\/\/www.affinite.fr\/index.php\/wp-json\/wp\/v2\/media\/5630"}],"wp:attachment":[{"href":"https:\/\/www.affinite.fr\/index.php\/wp-json\/wp\/v2\/media?parent=5629"}],"wp:term":[{"taxonomy":"category","embeddable":true,"href":"https:\/\/www.affinite.fr\/index.php\/wp-json\/wp\/v2\/categories?post=5629"},{"taxonomy":"post_tag","embeddable":true,"href":"https:\/\/www.affinite.fr\/index.php\/wp-json\/wp\/v2\/tags?post=5629"}],"curies":[{"name":"wp","href":"https:\/\/api.w.org\/{rel}","templated":true}]}}