{"id":5605,"date":"2020-12-04T18:29:58","date_gmt":"2020-12-04T18:29:58","guid":{"rendered":"https:\/\/www.affinite.fr\/index.php\/2020\/12\/04\/les-soldes-dhiver-2021-debuteront-le-20-janvier-prochain\/"},"modified":"2020-12-04T18:29:58","modified_gmt":"2020-12-04T18:29:58","slug":"les-soldes-dhiver-2021-debuteront-le-20-janvier-prochain","status":"publish","type":"post","link":"https:\/\/www.affinite.fr\/index.php\/2020\/12\/04\/les-soldes-dhiver-2021-debuteront-le-20-janvier-prochain\/","title":{"rendered":"Les soldes d&rsquo;hiver 2021\u00a0d\u00e9buteront le 20\u00a0janvier prochain"},"content":{"rendered":"<p> [ad_1]<br \/>\n<br \/><img decoding=\"async\" src=\"https:\/\/img-3.journaldesfemmes.fr\/-7yBjGENBE5mZB5Gb93i5tkHW9Q=\/1280x\/smart\/5e9633867e1046518720f733d2bec790\/ccmcms-jdf\/17041170.jpg\" \/><\/p>\n<p>\n                Changement de date pour les soldes d&rsquo;hiver 2021\u00a0! Les associations de commer\u00e7ants ont r\u00e9ussi \u00e0 obtenir leur report au 20\u00a0janvier prochain.            <\/p>\n<div>\n<p>Apr\u00e8s les soldes d&rsquo;\u00e9t\u00e9 2020\u00a0et le\u00a0Black Friday, c&rsquo;est au tour des <strong>soldes d&rsquo;hiver 2021<\/strong>\u00a0d&rsquo;\u00eatre report\u00e9s.\u00a0Initialement pr\u00e9vus le 6\u00a0janvier, ils commenceront deux semaines plus tard, le 20\u00a0janvier 2021 et dureront quatre semaines. Les associations de commer\u00e7ants ont obtenu ce report exceptionnel apr\u00e8s de nombreuses demandes adress\u00e9es au gouvernement.\u00a0Et la raison est simple. Les magasins non essentiels, qui ont rouvert ce 28\u00a0novembre apr\u00e8s un mois de confinement, regorgent de pi\u00e8ces des collections automne-hiver 2020\/2021 que les commer\u00e7ants voudraient\u00a0pouvoir \u00e9couler au prix fort dans les prochaines semaines.\u00a0Ils esp\u00e8rent ainsi r\u00e9ussir \u00e0 compenser partiellement le manque \u00e0 gagner des 30\u00a0derniers jours de fermeture contrainte.<\/p>\n<p>Les professionnels du retail se sont prononc\u00e9s.\u00a0Du 1er au 7\u00a0avril, l&rsquo;organisateur du plus grand\u00a0salon\u00a0professionnel en France, le Who&rsquo;s Next,\u00a0a sond\u00e9 pr\u00e8s de\u00a04\u00a0735\u00a0acteurs du milieu\u00a0sur la probl\u00e9matique.\u00a088\u00a0% d&rsquo;entre eux se sont montr\u00e9s favorables \u00e0 <strong>un report des dates<\/strong>\u00a0de quatre \u00e0 huit semaines. Toujours interrog\u00e9 par le HuffPost, Francis Palombi, explique :<em>\u00ab\u00a0Nous n&rsquo;avons rien vendu depuis deux mois, r\u00e9sultat, nos commer\u00e7ants souhaiteraient pouvoir \u00e9couler leur stock de printemps au juste prix, avant d&rsquo;entamer des d\u00e9marques.\u00a0\u00bb<\/em> Une demande qui a \u00e9t\u00e9 entendue par le gouvernement. Les soldes d&rsquo;\u00e9t\u00e9 2020 ont donc \u00e9t\u00e9 report\u00e9es, et, dans le sillage du\u00a0nouveau confinement automnale, les soldes d&rsquo;hiver 2021 \u00e9galement.<\/p>\n<aside id=\"NL_205935280\" class=\"newsletter_subscription jNlBlock\"><noscript><br \/>\n            <\/noscript><\/p>\n<h3 class=\"newsletter_subscription-title\">Newsletter <\/h3>\n<p><a href=\"\/\/mailing.ccmbg.com\/archive\/last-85\" target=\"_blank\" class=\"a_hover\" rel=\"noopener noreferrer\">Voir un exemple<\/a><\/p>\n<\/aside>\n<p>Si on peu observer les cons\u00e9quences directes de la crise du coronavirus a court terme sur la\u00a0prochaine saison des soldes, c&rsquo;est tout le syst\u00e8me des promotions qui est point\u00e9 du doigt. Dans une lettre ouverte publi\u00e9e le 12 mai sur BOF, des grandes maisons internationales comme Marine Serre,\u00a0Thom Browne ou encore Dries Van Noten (qui porte le projet), r\u00e9clamaient un d\u00e9calage des saisons <a href=\"https:\/\/www.journaldesfemmes.fr\/mode\/createur-de-mode\/1503196-see-now-buy-now-chanel-dior-mode-francaise-refuse-changement-defiles\/\" target=\"_blank\" rel=\"noopener noreferrer\">abord\u00e9 pr\u00e9c\u00e9demment en 2016<\/a>. Ce dernier m\u00e8nerait notamment \u00e0 la disparition du <em>Black friday<\/em> qui <em>\u00ab\u00a0\u00e9rode la rentabilit\u00e9\u00a0\u00bb<\/em>. En France, l&rsquo;op\u00e9ration\u00a0de relance post-confinement initi\u00e9e par des grands groupes nomm\u00e9e \u00ab\u00a0French days\u00a0\u00bb fait pol\u00e9mique, jug\u00e9e agressive pour les plus petits commerces. Des prises de position qui interviennent dans un climat de remise en cause g\u00e9n\u00e9rale de tout le syst\u00e8me de (sur) consommation&#8230;<\/p>\n<\/p><\/div>\n<p>[ad_2]<br \/>\n<br \/><a href=\"https:\/\/www.journaldesfemmes.fr\/mode\/magazine-mode\/2636975-soldes-hiver-2020-2021-report-date-fin-janvier\/\">Source link <\/a><\/p>\n","protected":false},"excerpt":{"rendered":"<p>[ad_1] Changement de date pour les soldes d&rsquo;hiver 2021\u00a0! Les associations de commer\u00e7ants ont r\u00e9ussi \u00e0 obtenir leur report au &hellip; <a href=\"https:\/\/www.affinite.fr\/index.php\/2020\/12\/04\/les-soldes-dhiver-2021-debuteront-le-20-janvier-prochain\/\" class=\"more-link\">Plus <span class=\"screen-reader-text\">Les soldes d&rsquo;hiver 2021\u00a0d\u00e9buteront le 20\u00a0janvier prochain<\/span> <span class=\"meta-nav\">&rarr;<\/span><\/a><\/p>\n","protected":false},"author":1,"featured_media":5606,"comment_status":"open","ping_status":"open","sticky":false,"template":"","format":"standard","meta":{"_sitemap_exclude":false,"_sitemap_priority":"","_sitemap_frequency":"","footnotes":""},"categories":[1],"tags":[],"class_list":["post-5605","post","type-post","status-publish","format-standard","has-post-thumbnail","hentry","category-tous"],"_links":{"self":[{"href":"https:\/\/www.affinite.fr\/index.php\/wp-json\/wp\/v2\/posts\/5605"}],"collection":[{"href":"https:\/\/www.affinite.fr\/index.php\/wp-json\/wp\/v2\/posts"}],"about":[{"href":"https:\/\/www.affinite.fr\/index.php\/wp-json\/wp\/v2\/types\/post"}],"author":[{"embeddable":true,"href":"https:\/\/www.affinite.fr\/index.php\/wp-json\/wp\/v2\/users\/1"}],"replies":[{"embeddable":true,"href":"https:\/\/www.affinite.fr\/index.php\/wp-json\/wp\/v2\/comments?post=5605"}],"version-history":[{"count":0,"href":"https:\/\/www.affinite.fr\/index.php\/wp-json\/wp\/v2\/posts\/5605\/revisions"}],"wp:featuredmedia":[{"embeddable":true,"href":"https:\/\/www.affinite.fr\/index.php\/wp-json\/wp\/v2\/media\/5606"}],"wp:attachment":[{"href":"https:\/\/www.affinite.fr\/index.php\/wp-json\/wp\/v2\/media?parent=5605"}],"wp:term":[{"taxonomy":"category","embeddable":true,"href":"https:\/\/www.affinite.fr\/index.php\/wp-json\/wp\/v2\/categories?post=5605"},{"taxonomy":"post_tag","embeddable":true,"href":"https:\/\/www.affinite.fr\/index.php\/wp-json\/wp\/v2\/tags?post=5605"}],"curies":[{"name":"wp","href":"https:\/\/api.w.org\/{rel}","templated":true}]}}