{"id":5583,"date":"2020-11-30T13:51:54","date_gmt":"2020-11-30T13:51:54","guid":{"rendered":"https:\/\/www.affinite.fr\/index.php\/2020\/11\/30\/les-films-et-series-a-voir-sur-canal-en-decembre-la-reine-des-neiges-2-the-singing-club-le-final-de-calls-news-series\/"},"modified":"2020-11-30T13:51:54","modified_gmt":"2020-11-30T13:51:54","slug":"les-films-et-series-a-voir-sur-canal-en-decembre-la-reine-des-neiges-2-the-singing-club-le-final-de-calls-news-series","status":"publish","type":"post","link":"https:\/\/www.affinite.fr\/index.php\/2020\/11\/30\/les-films-et-series-a-voir-sur-canal-en-decembre-la-reine-des-neiges-2-the-singing-club-le-final-de-calls-news-series\/","title":{"rendered":"Les films et s\u00e9ries \u00e0 voir sur CANAL+ en d\u00e9cembre : La Reine des Neiges 2, The Singing Club, le final de Calls &#8211; News S\u00e9ries"},"content":{"rendered":"<p> [ad_1]<br \/>\n<\/p>\n<p>A l\u2019approche de No\u00ebl, CANAL+ a pr\u00e9vu un cort\u00e8ge de cadeaux qui risquent d\u2019emballer le public. The Singing Club, Le Tra\u00eetre ou Les \u00c9blouis c\u00f4t\u00e9 cin\u00e9ma, et les nouvelles saisons de Calls et T\u00eatard pour les s\u00e9ries : voici la liste de vos envies !<\/p>\n<div id=\"article-content\">\n<figure class=\"player player-auto-play js-player\" data-model=\"{&quot;context&quot;:&quot;newspage_news&quot;,&quot;launch&quot;:&quot;auto-play&quot;,&quot;followScroll&quot;:true,&quot;endScreen&quot;:true,&quot;disableAutoPause&quot;:true,&quot;videos&quot;:[{&quot;id&quot;:19587425,&quot;sources&quot;:{&quot;medium&quot;:&quot;\/\/fr.vid.web.acsta.net\/nmedia\/33\/20\/10\/12\/14\/\/19587425_sd_013.mp4&quot;,&quot;high&quot;:&quot;\/\/fr.vid.web.acsta.net\/nmedia\/33\/20\/10\/12\/14\/\/19587425_hd_013.mp4&quot;},&quot;image&quot;:&quot;\/videothumbnails\/20\/09\/21\/15\/56\/3611155.jpg&quot;,&quot;title&quot;:&quot;The Singing Club Bande-annonce VO&quot;,&quot;trackingIdentifier&quot;:&quot;19587425-the_singing_club_bande_annonce_vo&quot;,&quot;embedUrl&quot;:&quot;ACraHRACr0cHM6Ly9wbGF5ZXIuYWxsb2NpbmUuZnIvMTk1ODc0MjUuaHRtbA==&quot;,&quot;id_type&quot;:31003,&quot;file_type&quot;:&quot;trailer&quot;,&quot;description&quot;:&quot;&lt;strong&gt;The Singing Club&lt;\/strong&gt; Bande-annonce VO&quot;,&quot;duration&quot;:103,&quot;view_count&quot;:97546,&quot;added_at&quot;:{&quot;date&quot;:&quot;2020-09-22 05:00:00.000000&quot;,&quot;timezone_type&quot;:3,&quot;timezone&quot;:&quot;Europe\/Paris&quot;},&quot;metas&quot;:{&quot;genre_main_movie&quot;:[{&quot;name&quot;:&quot;Drame&quot;,&quot;id&quot;:&quot;13008&quot;},{&quot;name&quot;:&quot;Comu00e9die&quot;,&quot;id&quot;:&quot;13005&quot;}],&quot;id_main_movie&quot;:267584,&quot;image_main_movie&quot;:&quot;\/pictures\/20\/10\/12\/18\/04\/2312215.jpg&quot;,&quot;localized_file_type&quot;:&quot;trailer&quot;,&quot;main_movie_type&quot;:4002,&quot;name_main_movie&quot;:&quot;The Singing Club&quot;,&quot;release_status_movie&quot;:&quot;Direct-To-TV&quot;,&quot;trans_file_type&quot;:&quot;Bande-annonce&quot;},&quot;relatedEntityDistributor&quot;:&quot;CANAL+PREMIu00c8RE&quot;,&quot;relatedEntityDistributorId&quot;:1000093337,&quot;relatedEntityType&quot;:&quot;movie&quot;,&quot;relatedEntityTrackingIdentifier&quot;:&quot;267584-the_singing_club&quot;,&quot;relatedEntityTitle&quot;:&quot;The Singing Club&quot;,&quot;relatedEntityId&quot;:267584,&quot;genres&quot;:[{&quot;id&quot;:&quot;13008&quot;,&quot;name&quot;:&quot;Drame&quot;},{&quot;id&quot;:&quot;13005&quot;,&quot;name&quot;:&quot;Comu00e9die&quot;}],&quot;relatedEntityUrl&quot;:&quot;ACraHRACr0cHM6Ly93d3cuYWxsb2NpbmUuZnIvZmlsbS9maWNoZWZpbG1fZ2VuX2NmaWxtPTI2NzU4NC5odG1s&quot;,&quot;mediaUrl&quot;:&quot;ACraHRACr0cHM6Ly93d3cuYWxsb2NpbmUuZnIvdmlkZW8vcGxheWVyX2dlbl9jbWVkaWE9MTk1ODc0MjUmY2ZpbG09MjY3NTg0Lmh0bWw=&quot;}],&quot;disablePreroll&quot;:false,&quot;disablePostroll&quot;:false}\" data-thumb=\"https:\/\/fr.web.img4.acsta.net\/r_640_360\/videothumbnails\/20\/09\/21\/15\/56\/3611155.jpg\">\n<\/figure>\n<p>LES INCONTOURNABLES<\/p>\n<p><strong>THE SINGING CLUB &#8211; 9 d\u00e9cembre<\/strong><\/p>\n<p>Le 9 d\u00e9cembre, CANAL+ va enchanter le public gr\u00e2ce \u00e0 la toute premi\u00e8re diffusion de <a title=\"The Singing Club (Grande-Bretagne) - 2019 (Drame,Com\u00e9die)\" href=\"http:\/\/www.allocine.fr\/film\/fichefilm_gen_cfilm=267584.html\">The Singing Club<\/a>. Cens\u00e9 rythmer les cin\u00e9mas avec une sortie pr\u00e9vue \u00e0 l\u2019origine le 11 novembre, le film berce finalement la programmation CANAL+PREMIERE, label qui d\u00e9voile chaque mois au public un film in\u00e9dit en France. Sign\u00e9e <a title=\"Peter Cattaneo (Grande-Bretagne) (R\u00e9alisateur,Producteur,Sc\u00e9nariste)\" href=\"http:\/\/www.allocine.fr\/personne\/fichepersonne_gen_cpersonne=19055.html\">Peter Cattaneo<\/a>, r\u00e9alisateur de <a title=\"The Full Monty \/ Le Grand jeu (Grande-Bretagne) - 1997 (Com\u00e9die)\" href=\"http:\/\/www.allocine.fr\/film\/fichefilm_gen_cfilm=10442.html\">The Full Monty<\/a>, cette com\u00e9die dramatique raconte l\u2019histoire d\u2019un groupe de femmes confront\u00e9es au d\u00e9part en mission de leurs compagnons soldats. Afin de tromper l\u2019ennui et l\u2019angoisse, toutes d\u00e9cident d\u2019unir leurs voix pour donner naissance \u00e0 une chorale qui ira jusque sur la sc\u00e8ne du Royal Albert Hall. Inspir\u00e9e d\u2019une histoire vraie et comptant sur un casting sans fausse note (<a title=\"Kristin Scott Thomas (Grande-Bretagne) (Acteur,Interpr\u00e8te (chansons du film),R\u00e9alisateur)\" href=\"http:\/\/www.allocine.fr\/personne\/fichepersonne_gen_cpersonne=11488.html\">Kristin Scott Thomas<\/a>, <a title=\"Sharon Horgan (Grande-Bretagne) (Sc\u00e9nariste,Acteur,Producteur d\u00e9l\u00e9gu\u00e9)\" href=\"http:\/\/www.allocine.fr\/personne\/fichepersonne_gen_cpersonne=104340.html\">Sharon Horgan<\/a>\u2026), The Singing Club sera sans aucun doute l\u2019un de vos coups de \u201cchoeur\u201d de fin d\u2019ann\u00e9e.<\/p>\n<p><strong><i>Retrouvez The Singing Club sur CANAL+ et disponible via myCANAL.<\/i><\/strong><\/p>\n<p><strong>CALLS CHAPITRE 3 &#8211; 10 d\u00e9cembre<\/strong><\/p>\n<p>Exp\u00e9rience in\u00e9dite offerte au public de CANAL+ \u00e0 partir de 2017,\u00a0<a title=\"Calls (France) (Drame,Thriller)\" href=\"http:\/\/www.allocine.fr\/series\/ficheserie_gen_cserie=22361.html\">Calls<\/a> est la Cr\u00e9ation D\u00e9cal\u00e9e qui se regarde avec les oreilles. Cr\u00e9\u00e9e par <a title=\"Timoth\u00e9e Hochet (France) (Sc\u00e9nariste,R\u00e9alisateur,Cr\u00e9ateur)\" href=\"http:\/\/www.allocine.fr\/personne\/fichepersonne_gen_cpersonne=749427.html\">Timoth\u00e9e Hochet<\/a>, cette s\u00e9rie novatrice et audacieuse nous donne \u00e0 \u00e9couter des enregistrements sonores retrouv\u00e9s apr\u00e8s de tragiques \u00e9v\u00e9nements, tous connect\u00e9s \u00e0 une apocalypse imminente. A partir du 10 d\u00e9cembre, l\u2019histoire se cl\u00f4t avec un troisi\u00e8me chapitre centr\u00e9 sur les th\u00e9matiques de l\u2019acceptation du pass\u00e9, du pardon et de l\u2019espoir. 7 \u00e9pisodes qui vont enfin r\u00e9soudre les myst\u00e8res pos\u00e9s par les deux premi\u00e8res saisons, et dans lesquels on pourra entendre <a title=\"Ana\u00efs Demoustier (France) (Acteur)\" href=\"http:\/\/www.allocine.fr\/personne\/fichepersonne_gen_cpersonne=91434.html\">Ana\u00efs Demoustier<\/a>, <a title=\"Karin Viard (France) (Acteur)\" href=\"http:\/\/www.allocine.fr\/personne\/fichepersonne_gen_cpersonne=5081.html\">Karin Viard<\/a>, <a title=\"J\u00e9r\u00f4me Niel (France) (Acteur)\" href=\"http:\/\/www.allocine.fr\/personne\/fichepersonne_gen_cpersonne=722082.html\">J\u00e9rome Niel<\/a>,\u00a0<a title=\"Anny Duperey (France) (Acteur,Sc\u00e9nariste)\" href=\"http:\/\/www.allocine.fr\/personne\/fichepersonne_gen_cpersonne=4413.html\">Anny Duperey<\/a> ou encore <a title=\"Alban Lenoir (France) (Acteur,Cr\u00e9ateur,Adaptateur)\" href=\"http:\/\/www.allocine.fr\/personne\/fichepersonne_gen_cpersonne=113170.html\">Alban Lenoir<\/a>.<\/p>\n<p><strong><i>Retrouvez Calls &#8211; chapitre 3 sur CANAL+ et disponible via myCANAL.<\/i><\/strong><\/p>\n<p><strong>LA REINE DES NEIGES 2 &#8211; 18 d\u00e9cembre<\/strong><\/p>\n<p>Lib\u00e9r\u00e9e, d\u00e9livr\u00e9e,\u00a0<a title=\"La Reine des neiges II (U.S.A.) - 2019 (Animation,Musical)\" href=\"http:\/\/www.allocine.fr\/film\/fichefilm_gen_cfilm=233713.html\">La Reine des neiges<\/a> ne compte pourtant pas prendre de vacances ! F\u00eates de fin d\u2019ann\u00e9e oblige, Elsa, Anna, Olaf, Kristoff et tous les autres arrivent d\u00e8s le 18 d\u00e9cembre sur CANAL+, un peu plus d\u2019un an apr\u00e8s avoir battu des records au box-office. Dans ce 2e opus, les stars du premier film sont de retour et comptent bien sauver le royaume envahi par les 5 forces de la nature. Exit Arendelle, nous voici plong\u00e9s dans la for\u00eat magique des Northuldra pour cette nouvelle aventure tr\u00e9pidante et remarquablement anim\u00e9e. Et pour ce qui est du tube, pr\u00e9parez-vous \u00e0 entonner Dans un autre monde (Into The Unknown dans la VO), au moins jusqu\u2019au r\u00e9veillon !<\/p>\n<p>\u00a0<strong><i>Retrouvez La Reine des Neiges 2 sur CANAL+ et disponible via myCANAL.<\/i><\/strong><\/p>\n<p>LES TEMPS FORTS<\/p>\n<p><strong>LE TRA\u00ceTRE &#8211; 1er d\u00e9cembre\u00a0<\/strong><\/p>\n<p>R\u00e9compens\u00e9 \u00e0 plusieurs reprises dans son Italie d\u2019origine et ovationn\u00e9 dans le monde entier,\u00a0<a title=\"Le Tra\u00eetre (Italie,France,Allemagne,Br\u00e9sil) - 2019 (Biopic,Drame)\" href=\"http:\/\/www.allocine.fr\/film\/fichefilm_gen_cfilm=259340.html\">Le Tra\u00eetre<\/a> raconte l\u2019histoire incroyable et pourtant vraie de Tommaso Buscetta, interpr\u00e9t\u00e9 avec brio par <a title=\"Pierfrancesco Favino (Italie) (Acteur,Producteur)\" href=\"http:\/\/www.allocine.fr\/personne\/fichepersonne_gen_cpersonne=28589.html\">Pierfrancesco Favino<\/a>. Dans les ann\u00e9es 80, alors que la guerre faisait rage au sein de la Cosa nostra, ce mafioso est le tout premier \u00e0 avoir bris\u00e9 l\u2019omerta en passant aux aveux face au juge Falcone. Un long-m\u00e9trage passionnant, r\u00e9alis\u00e9 par <a title=\"Marco Bellocchio (Italie) (R\u00e9alisateur,Sc\u00e9nariste,Acteur)\" href=\"http:\/\/www.allocine.fr\/personne\/fichepersonne_gen_cpersonne=1796.html\">Marco Bellocchio<\/a>.<\/p>\n<p>\u00a0<\/p>\n<p><i><strong>Retrouvez Le Tra\u00eetre sur CANAL+ et disponible via myCANAL.<\/strong><\/i><\/p>\n<p><strong>LES \u00c9BLOUIS &#8211; 8 d\u00e9cembre<\/strong><\/p>\n<p>Dans <a title=\"Les \u00c9blouis (France) - 2019 (Drame)\" href=\"http:\/\/www.allocine.fr\/film\/fichefilm_gen_cfilm=258262.html\">Les \u00c9blouis<\/a>, Camille (<a title=\"C\u00e9leste Brunnquell (France) (Acteur)\" href=\"http:\/\/www.allocine.fr\/personne\/fichepersonne_gen_cpersonne=873442.html\">C\u00e9leste Brunnquell<\/a>) est passionn\u00e9e de cirque et l&rsquo;a\u00een\u00e9e d\u2019une famille nombreuse. Elle int\u00e8gre une communaut\u00e9 religieuse sous l\u2019impulsion de ses parents. Face \u00e0 la remise en question de sa vie et au caract\u00e8re sectaire que prend ce groupe, la jeune femme qu\u2019elle devient va se battre pour retrouver sa libert\u00e9 et sauver ses fr\u00e8res et soeurs.<\/p>\n<p>\u00a0<\/p>\n<p><strong><i>Retrouvez Les \u00c9blouis sur CANAL+ et disponible via myCANAL.<\/i><\/strong><\/p>\n<p><strong>BROOKLYN AFFAIRS &#8211; 15 d\u00e9cembre<\/strong><\/p>\n<p>Il nous a fait vibrer dans\u00a0<a title=\"Fight Club (Allemagne,U.S.A.) - 1999 (Thriller,Drame)\" href=\"http:\/\/www.allocine.fr\/film\/fichefilm_gen_cfilm=21189.html\">Fight Club<\/a> ou <a title=\"American History X (U.S.A.) - 1998 (Drame)\" href=\"http:\/\/www.allocine.fr\/film\/fichefilm_gen_cfilm=12475.html\">American History X<\/a>,\u00a0<a title=\"Edward Norton (U.S.A.) (Acteur,Producteur,R\u00e9alisateur)\" href=\"http:\/\/www.allocine.fr\/personne\/fichepersonne_gen_cpersonne=21625.html\">Edward Norton<\/a> a enfil\u00e9 sa casquette de r\u00e9alisateur en 2019 (20 ans apr\u00e8s <a title=\"Au nom d'Anna (U.S.A.) - 2000 (Romance,Com\u00e9die dramatique)\" href=\"http:\/\/www.allocine.fr\/film\/fichefilm_gen_cfilm=29786.html\">Au nom d\u2019Anna<\/a>), pour signer <a title=\"Brooklyn Affairs (U.S.A.) - 2019 (Policier,Drame)\" href=\"http:\/\/www.allocine.fr\/film\/fichefilm_gen_cfilm=138087.html\">Brooklyn Affairs<\/a>. \u00c9galement pr\u00e9sent devant la cam\u00e9ra, le com\u00e9dien appara\u00eet sous le costume d\u2019un d\u00e9tective priv\u00e9 atteint du syndrome Gilles de la Tourette. Adapt\u00e9 du <a href=\"https:\/\/www.affinite.fr\/index.php\/2023\/08\/24\/lart-de-la-glace-transforme-en-business-la-vision-unique-de-fabien-gris\/\">livre<\/a> de Jonathan Lethem, Les orphelins de Brooklyn, ce thriller s\u2019inscrit dans la pure tradition des films noirs.<strong> <\/strong><\/p>\n<p><strong><i>Retrouvez Brooklyn Affairs sur CANAL+ et disponible via myCANAL.<\/i><\/strong><\/p>\n<p><strong>LE PRINCE OUBLI\u00c9 &#8211; 25 d\u00e9cembre<\/strong><\/p>\n<p>Derni\u00e8re cr\u00e9ation de\u00a0<a title=\"Michel Hazanavicius (France) (Sc\u00e9nariste,R\u00e9alisateur,Acteur)\" href=\"http:\/\/www.allocine.fr\/personne\/fichepersonne_gen_cpersonne=5079.html\">Michel Hazanavicius<\/a> apr\u00e8s <a title=\"Le Redoutable (France) - 2017 (Biopic,Com\u00e9die)\" href=\"http:\/\/www.allocine.fr\/film\/fichefilm_gen_cfilm=247254.html\">Le Redoutable<\/a>,\u00a0<a title=\"The Artist (France) - 2011 (Romance,Drame,Com\u00e9die)\" href=\"http:\/\/www.allocine.fr\/film\/fichefilm_gen_cfilm=183070.html\">The Artist<\/a> ou les deux premiers <a title=\"OSS 117, Le Caire nid d'espions (France) - 2006 (Com\u00e9die,Action,Espionnage)\" href=\"http:\/\/www.allocine.fr\/film\/fichefilm_gen_cfilm=61099.html\">OSS 117<\/a>,\u00a0<a title=\"Le Prince Oubli\u00e9 (France) - 2019 (Aventure,Com\u00e9die,Fantastique)\" href=\"http:\/\/www.allocine.fr\/film\/fichefilm_gen_cfilm=264386.html\">Le Prince oubli\u00e9<\/a> transforme\u00a0<a title=\"Omar Sy (France) (Acteur,Producteur,Sc\u00e9nariste)\" href=\"http:\/\/www.allocine.fr\/personne\/fichepersonne_gen_cpersonne=87127.html\">Omar Sy<\/a> en papa devant accepter que son ado grandisse et s\u2019\u00e9loigne de lui. Celui-ci plonge alors dans le Monde imaginaire des histoires qu\u2019il contait \u00e0 sa fille et se lance dans une aventure \u00e9pique pour conserver son statut de prince aupr\u00e8s d\u2019elle.<\/p>\n<p>\u00a0<\/p>\n<p><i><strong>Retrouvez Le Prince oubli\u00e9 sur CANAL+ et disponible via myCANAL.<\/strong><\/i><\/p>\n<p><strong>T\u00caTARD SAISON 2 &#8211; 21 d\u00e9cembre<\/strong><\/p>\n<p>On avait quitt\u00e9 Emma (<a title=\"B\u00e9reng\u00e8re Krief (France) (Acteur)\" href=\"http:\/\/www.allocine.fr\/personne\/fichepersonne_gen_cpersonne=533987.html\">B\u00e9reng\u00e8re Krief<\/a>) et Ben (<a title=\"Est\u00e9ban (France) (Acteur,Sc\u00e9nariste,R\u00e9alisateur)\" href=\"http:\/\/www.allocine.fr\/personne\/fichepersonne_gen_cpersonne=671554.html\">Est\u00e9ban<\/a>) face aux angoisses de la grossesse dans la saison 1 de <a title=\"T\u00eatard (France) (Com\u00e9die)\" href=\"http:\/\/www.allocine.fr\/series\/ficheserie_gen_cserie=25682.html\">T\u00eatard<\/a>, les voici d\u00e9sormais confront\u00e9s aux couches, aux pleurs, \u00e0 l\u2019\u00e9ducation et aux jets de vomi ! Une Cr\u00e9ation D\u00e9cal\u00e9e en 10 \u00e9pisodes de 8 minutes, \u00e0 consommer sans mod\u00e9ration.<\/p>\n<p><strong><i>Retrouvez la 2e saison de T\u00eatard sur CANAL+ et disponible via myCANAL.<\/i><\/strong><\/p>\n<p><strong>CROSSING SWORDS \u2013 Le 21 d\u00e9cembre<\/strong><\/p>\n<p><strong><i><br \/><\/i><\/strong><a title=\"Crossing Swords (U.S.A.) (Com\u00e9die,Animation)\" href=\"http:\/\/www.allocine.fr\/series\/ficheserie_gen_cserie=24224.html\">Crossing Swords<\/a>\u00a0ressemble \u00e0 une s\u00e9rie pour les enfants, avec ses personnages m\u00e9di\u00e9vaux en forme de jouets (sans bras !) anim\u00e9s en stop motion\u2026 Mais ne vous y trompez pas, cette p\u00e9pite parodique sign\u00e9e de deux producteurs de\u00a0<a title=\"Robot Chicken (U.S.A.) (Animation,Com\u00e9die)\" href=\"http:\/\/www.allocine.fr\/series\/ficheserie_gen_cserie=3193.html\">Robot Chicken<\/a> n\u2019est pas destin\u00e9e aux plus jeunes : la cour du roi Merriman (<a title=\"Luke Evans (Grande-Bretagne) (Acteur,Producteur ex\u00e9cutif)\" href=\"http:\/\/www.allocine.fr\/personne\/fichepersonne_gen_cpersonne=407255.html\">Luke Evans<\/a>) o\u00f9 se d\u00e9roulent les aventures comico-path\u00e9tiques de Patrick (<a title=\"Nicholas Hoult (Grande-Bretagne) (Acteur)\" href=\"http:\/\/www.allocine.fr\/personne\/fichepersonne_gen_cpersonne=79356.html\">Nicholas Hoult<\/a>) est le th\u00e9\u00e2tre de gags d\u2019un go\u00fbt douteux mais totalement assum\u00e9.<\/p>\n<p>\u00a0<\/p>\n<p><strong><i>Retrouvez\u00a0Crossing Swords sur CANAL+ et disponible via myCANAL.<\/i><\/strong><\/p>\n<p><strong>SONIC, LE FILM &#8211; 28 d\u00e9cembre\u00a0\u00a0<\/strong><\/p>\n<p>Le h\u00e9risson le plus rapide du monde d\u00e9barque sur Terre, et sur CANAL+ ! Adaptation cin\u00e9matographique du c\u00e9l\u00e8bre personnage des jeux vid\u00e9o,\u00a0<a title=\"Sonic le film (U.S.A.,Japon) - 2020 (Aventure,Famille)\" href=\"http:\/\/www.allocine.fr\/film\/fichefilm_gen_cfilm=229574.html\">Sonic, le film<\/a> m\u00eale animation et prise de vues r\u00e9elles. Pr\u00e9parez-vous \u00e0 voir la vie en bleu avec une confrontation tr\u00e9pidante face au tyrannique Dr Ivo Robotnik, mais aussi gr\u00e2ce \u00e0 un casting qui ne manque pas d\u2019allure (<a title=\"Ben Schwartz (U.S.A.) (Acteur,Sc\u00e9nariste,Sc\u00e9nariste (version originale))\" href=\"http:\/\/www.allocine.fr\/personne\/fichepersonne_gen_cpersonne=188137.html\">Ben Schwartz<\/a>,\u00a0<a title=\"James Marsden (U.S.A.) (Acteur)\" href=\"http:\/\/www.allocine.fr\/personne\/fichepersonne_gen_cpersonne=16467.html\">James Marsden<\/a> ou encore\u00a0<a title=\"Jim Carrey (Canada,U.S.A.) (Acteur,Producteur,Interpr\u00e8te (chansons du film))\" href=\"http:\/\/www.allocine.fr\/personne\/fichepersonne_gen_cpersonne=53429.html\">Jim Carrey<\/a> dans la VO, et\u00a0<a title=\"Malik Bentalha (France) (Acteur,Sc\u00e9nariste)\" href=\"http:\/\/www.allocine.fr\/personne\/fichepersonne_gen_cpersonne=560293.html\">Malik Bentalha<\/a> pour doubler le h\u00e9ros dans la VF.)<\/p>\n<p>\u00a0<\/p>\n<p><i><strong>Retrouvez Sonic, le film sur sur CANAL+ et disponible via myCANAL.<\/strong><\/i><\/p>\n<p>TOUTES LES AUTRES SORTIES DU MOIS SUR MYCANAL :<\/p>\n<p><strong>Samedi 28 novembre <\/strong><\/p>\n<p>Funeral killers<\/p>\n<p><strong>Mardi 1er d\u00e9cembre <\/strong><\/p>\n<p>L&rsquo;Echapp\u00e9e Sauvage<br \/>Factory<\/p>\n<p><strong>Mercredi 2 d\u00e9cembre<\/strong><\/p>\n<p>Les Enfants du Temps<\/p>\n<p><strong>Vendredi 4 d\u00e9cembre<\/strong><\/p>\n<p>Manhattan Lockdown<\/p>\n<p><strong>Vendredi 11 d\u00e9cembre<\/strong><\/p>\n<p>L&rsquo;appel de la For\u00eat <\/p>\n<p><strong>Samedi 12 d\u00e9cembre<\/strong><\/p>\n<p>L&rsquo;Homme Irrationnel <\/p>\n<p><strong>Dimanche 13 d\u00e9cembre<\/strong><\/p>\n<p>Holmes et Watson<\/p>\n<p><strong>Mardi 15 d\u00e9cembre <\/strong><\/p>\n<p>Demain est \u00e0 nous<\/p>\n<p><strong>Mercredi 16 d\u00e9cembre<\/strong><\/p>\n<p>Le domaine<\/p>\n<p><strong>Lundi 21 d\u00e9cembre<\/strong><\/p>\n<p>Crossing Swords<\/p>\n<p><strong>Mardi 22 d\u00e9cembre <\/strong><\/p>\n<p><a title=\"Docteur ? (France) - 2019 (Com\u00e9die)\" href=\"http:\/\/www.allocine.fr\/film\/fichefilm_gen_cfilm=271088.html\">Docteur ?<\/a><\/p>\n<p><strong>Mercredi 23 d\u00e9cembre<\/strong><\/p>\n<p>Scary stories<\/p>\n<p><strong>Vendredi 25 d\u00e9cembre <\/strong><\/p>\n<p>Hellboy 2<br \/>Samsam<br \/><a title=\"Bullit et Riper (France) (Com\u00e9die,Policier)\" href=\"http:\/\/www.allocine.fr\/series\/ficheserie_gen_cserie=27778.html\">Bullit et Riper<\/a><\/p>\n<p><strong>Samedi 26 d\u00e9cembre<\/strong><\/p>\n<p>Cold Blood Legacy: La m\u00e9moire du sang<\/p>\n<p><strong>Dimanche 27 d\u00e9cembre<\/strong><\/p>\n<p>Sol<\/p>\n<p><strong>Lundi 28 d\u00e9cembre<\/strong><\/p>\n<p>La derni\u00e8re vie de Simon<\/p>\n<p><strong>Mardi 29 d\u00e9cembre <\/strong><\/p>\n<p><a title=\"Selfie (France) - 2018 (Com\u00e9die)\" href=\"http:\/\/www.allocine.fr\/film\/fichefilm_gen_cfilm=265262.html\">Selfie<\/a><\/p>\n<p><strong>Jeudi 31 d\u00e9cembre<\/strong><\/p>\n<p><a title=\"Le Lion (France) - 2019 (Com\u00e9die,Espionnage)\" href=\"http:\/\/www.allocine.fr\/film\/fichefilm_gen_cfilm=266064.html\">Le Lion<\/a><br \/><i><strong><br \/>Retrouvez <span class=\"ACraHRACr0cHM6Ly9zdGFncy5ibHVla2FpLmNvbS9zaXRlLzUyNDcxP3BoaW50PWV2ZW50PWNsaWMmcGhpbnQ9Y21wX2NoYW5uZWw9UEFSVE5FUlNISVAmcGhpbnQ9Y21wX25hbWU9V0VCRURJQSZwaGludD1jbXBfZW50aXR5PVZFTCZwaGludD1jbXBfdGhlbWF0aWM9Q0lORU1BJnBoaW50PXNpdGU9bXljYW5hbCZwaGludD1jbXBfZGF0ZT0yMDIwJnBoaW50PWNtcF9zdXBwb3J0PUFMTE9DSU5FJnBoaW50PWNtcF9jcmVhPUFSVElDTEUmcmVkaXI9aHR0cHMlM0ElMkYlMkZzbnI0LmNhbmFscGx1cy5jb20lMkZkeW5jbGljayUyRmxlc29mZnJlc2NhbmFsJTJGJTNGZXB0LW5hbWUlM0RWRUxfUEFSVE5FUlNISVBfQ0lORU1BX1dFQkVESUFfMjAyMC1BTExPQ0lORSUyNmVwdC1tZWRpYXBsYW4lM0RWRUxfUEFSVE5FUlNISVBfQ0lORU1BX1dFQkVESUFfMjAyMCUyNmVzZWctbmFtZSUzRGVtcGxhY2VtZW50JTI2ZXNlZy1pdGVtJTNEQVJUSUNMRSUyNmVwdC1wdWJsaXNoZXIlM0RBTExPQ0lORSUyNmVwdC1sb2NhdGlvbiUzREFMTE9DSU5FJTI2ZXB0LWNyZWF0aXZlJTNEQVJUSUNMRSUyNmVwdC1jcmVhdGl2ZXR5cGUlM0QxeDElMjZldXJsJTNEaHR0cHMlM0ElMkYlMkZ3d3cuY2FuYWxwbHVzLmNvbSUyRmxlLWNpbmVtYS1kZS1jYW5hbC1wbHVzJTJGJTNGY21wX2VudGl0eSUzRFZFTCUyNmNtcF9jaGFubmVsJTNEUEFSVE5FUlNISVAlMjZjbXBfdGhlbWF0aWMlM0RDSU5FTUElMjZjbXBfZGF0ZSUzRDIwMjAlMjZjbXBfbmFtZSUzRFdFQkVESUElMjZjbXBfc3VwcG9ydCUzREFMTE9DSU5FJTI2Y21wX2NyZWElM0RBUlRJQ0xF\" rel=\"sponsored\" target=\"_blank\">tous ces films<\/span> et <span class=\"ACraHRACr0cHM6Ly9zdGFncy5ibHVla2FpLmNvbS9zaXRlLzUyNDcxP3BoaW50PWV2ZW50PWNsaWMmcGhpbnQ9Y21wX2NoYW5uZWw9UEFSVE5FUlNISVAmcGhpbnQ9Y21wX25hbWU9V0VCRURJQSZwaGludD1jbXBfZW50aXR5PVZFTCZwaGludD1jbXBfdGhlbWF0aWM9U0VSSUUmcGhpbnQ9c2l0ZT1teWNhbmFsJnBoaW50PWNtcF9kYXRlPTIwMjAmcGhpbnQ9Y21wX3N1cHBvcnQ9QUxMT0NJTkUmcGhpbnQ9Y21wX2NyZWE9QVJUSUNMRSZyZWRpcj1odHRwcyUzQSUyRiUyRnNucjQuY2FuYWxwbHVzLmNvbSUyRmR5bmNsaWNrJTJGbGVzb2ZmcmVzY2FuYWwlMkYlM0ZlcHQtbmFtZSUzRFZFTF9QQVJUTkVSU0hJUF9TRVJJRV9XRUJFRElBXzIwMjAtQUxMT0NJTkUlMjZlcHQtbWVkaWFwbGFuJTNEVkVMX1BBUlRORVJTSElQX1NFUklFX1dFQkVESUFfMjAyMCUyNmVzZWctbmFtZSUzRGVtcGxhY2VtZW50JTI2ZXNlZy1pdGVtJTNEQVJUSUNMRSUyNmVwdC1wdWJsaXNoZXIlM0RBTExPQ0lORSUyNmVwdC1sb2NhdGlvbiUzREFMTE9DSU5FJTI2ZXB0LWNyZWF0aXZlJTNEQVJUSUNMRSUyNmVwdC1jcmVhdGl2ZXR5cGUlM0QxeDElMjZldXJsJTNEaHR0cHMlM0ElMkYlMkZ3d3cuY2FuYWxwbHVzLmNvbSUyRmxlcy1zZXJpZXMtZGUtY2FuYWwtcGx1cyUzRmNtcF9lbnRpdHklM0RWRUwlMjZjbXBfY2hhbm5lbCUzRFBBUlRORVJTSElQJTI2Y21wX3RoZW1hdGljJTNEU0VSSUUlMjZjbXBfZGF0ZSUzRDIwMjAlMjZjbXBfbmFtZSUzRFdFQkVESUElMjZjbXBfc3VwcG9ydCUzREFMTE9DSU5FJTI2Y21wX2NyZWElM0RBUlRJQ0xF\" rel=\"sponsored\" target=\"_blank\">s\u00e9ries sur myCANAL<\/span>.<\/strong><\/i><\/p>\n<p>Et suivez toute l\u2019actualit\u00e9 <span class=\"ACraHRACr0cHM6Ly93d3cuYWxsb2NpbmUuZnIvbXljYW5hbC8=\">CANAL+ sur AlloCin\u00e9.<\/span><\/p>\n<p>\u00a0<\/p>\n<div class=\"news-ecrin-affiliation\">\n<div class=\"affiliation-logo\">\n    <a class=\"affiliation-link\" href=\"http:\/\/www.allocine.fr\/mycanal\/\" data-ga-trigger=\"clic\" data-ga=\"{&quot;hitType&quot;:&quot;event&quot;,&quot;eventCategory&quot;:&quot;op-mycanal&quot;,&quot;eventAction&quot;:&quot;clic&quot;,&quot;eventLabel&quot;:&quot;svod_homepage_redirecting&quot;,&quot;dimension34&quot;:&quot;18694965-les_films_et_series_a_voir_sur_canal_en_decembre_la_reine_des_neiges_2_the_singing_club_le_final_de_calls&quot;}\"><\/p>\n<figure class=\"affiliation-logo-provider\"><img decoding=\"async\" src=\"data:image\/gif;base64,R0lGODlhAQABAIAAAAAAAAAAACH5BAEAAAAALAAAAAABAAEAAAICRAEAOw==\" data-src=\"https:\/\/fr.web.img4.acsta.net\/f_png\/r_150_75\/commons\/v9\/common\/svod_providers\/square-mycanal.png\" class=\"logo-provider\" alt=\"mycanal\"\/><\/figure>\n<p><\/a>\n  <\/div>\n<div class=\"affiliation-text\">\n<p>A d\u00e9couvrir aussi<\/p>\n<p>Les meilleurs films et s\u00e9ries \u00e0 voir sur CANAL+<\/p>\n<\/p><\/div>\n<\/div><\/div>\n<p>[ad_2]<br \/>\n<br \/><a href=\"http:\/\/rss.allocine.fr\/~r\/ac\/actualites\/~3\/04JLlimPmKU\/fichearticle_gen_carticle=18694965.html\">Source link <\/a><\/p>\n","protected":false},"excerpt":{"rendered":"<p>[ad_1] A l\u2019approche de No\u00ebl, CANAL+ a pr\u00e9vu un cort\u00e8ge de cadeaux qui risquent d\u2019emballer le public. The Singing Club, &hellip; <a href=\"https:\/\/www.affinite.fr\/index.php\/2020\/11\/30\/les-films-et-series-a-voir-sur-canal-en-decembre-la-reine-des-neiges-2-the-singing-club-le-final-de-calls-news-series\/\" class=\"more-link\">Plus <span class=\"screen-reader-text\">Les films et s\u00e9ries \u00e0 voir sur CANAL+ en d\u00e9cembre : La Reine des Neiges 2, The Singing Club, le final de Calls &#8211; News S\u00e9ries<\/span> <span class=\"meta-nav\">&rarr;<\/span><\/a><\/p>\n","protected":false},"author":1,"featured_media":5584,"comment_status":"open","ping_status":"open","sticky":false,"template":"","format":"standard","meta":{"_sitemap_exclude":false,"_sitemap_priority":"","_sitemap_frequency":"","footnotes":""},"categories":[1],"tags":[],"class_list":["post-5583","post","type-post","status-publish","format-standard","has-post-thumbnail","hentry","category-tous"],"_links":{"self":[{"href":"https:\/\/www.affinite.fr\/index.php\/wp-json\/wp\/v2\/posts\/5583"}],"collection":[{"href":"https:\/\/www.affinite.fr\/index.php\/wp-json\/wp\/v2\/posts"}],"about":[{"href":"https:\/\/www.affinite.fr\/index.php\/wp-json\/wp\/v2\/types\/post"}],"author":[{"embeddable":true,"href":"https:\/\/www.affinite.fr\/index.php\/wp-json\/wp\/v2\/users\/1"}],"replies":[{"embeddable":true,"href":"https:\/\/www.affinite.fr\/index.php\/wp-json\/wp\/v2\/comments?post=5583"}],"version-history":[{"count":0,"href":"https:\/\/www.affinite.fr\/index.php\/wp-json\/wp\/v2\/posts\/5583\/revisions"}],"wp:featuredmedia":[{"embeddable":true,"href":"https:\/\/www.affinite.fr\/index.php\/wp-json\/wp\/v2\/media\/5584"}],"wp:attachment":[{"href":"https:\/\/www.affinite.fr\/index.php\/wp-json\/wp\/v2\/media?parent=5583"}],"wp:term":[{"taxonomy":"category","embeddable":true,"href":"https:\/\/www.affinite.fr\/index.php\/wp-json\/wp\/v2\/categories?post=5583"},{"taxonomy":"post_tag","embeddable":true,"href":"https:\/\/www.affinite.fr\/index.php\/wp-json\/wp\/v2\/tags?post=5583"}],"curies":[{"name":"wp","href":"https:\/\/api.w.org\/{rel}","templated":true}]}}