{"id":5498,"date":"2020-11-11T18:06:51","date_gmt":"2020-11-11T18:06:51","guid":{"rendered":"https:\/\/www.affinite.fr\/index.php\/2020\/11\/11\/date-en-novembre-rsa-apl-ass-montant\/"},"modified":"2020-11-11T18:06:51","modified_gmt":"2020-11-11T18:06:51","slug":"date-en-novembre-rsa-apl-ass-montant","status":"publish","type":"post","link":"https:\/\/www.affinite.fr\/index.php\/2020\/11\/11\/date-en-novembre-rsa-apl-ass-montant\/","title":{"rendered":"date en novembre, RSA, APL, ASS, montant"},"content":{"rendered":"<p> [ad_1]<br \/>\n<br \/><img decoding=\"async\" src=\"https:\/\/img-3.journaldesfemmes.fr\/sFNMfi3UTxnzvwlYDZLiAJE2rIU=\/1280x\/smart\/e54e4b5bfd214ed8b4ebace95263d2d3\/ccmcms-jdf\/19998266.jpg\" \/><\/p>\n<p>\n                [AIDE EXCEPTIONNELLE CAF]. Pour faire face \u00e0 cette deuxi\u00e8me vague de covid-19, l&rsquo;aide exceptionnelle de la Caf, d&rsquo;un montant de 150\u00a0euros et 100\u00a0euros suppl\u00e9mentaires par enfant, sera vers\u00e9e d\u00e8s le le 27\u00a0novembre. Ce qu&rsquo;il faut savoir.            <\/p>\n<div>\n<aside class=\"ccmsummary marqueur_module ccmcss_cms_summary ccmcss_cms_summary--right\">\n<p>Sommaire<\/p>\n<\/aside>\n<p><strong>[Mise \u00e0 jour du 11 novembre \u00e0 18h58].\u00a0<\/strong>Quand<strong> l&rsquo;aide exceptionnelle de solidarit\u00e9<\/strong> sera-t-elle vers\u00e9e par la Caf\u00a0?\u00a0<strong>APL, ASS, RSA, jeunes de moins de 25 ans<\/strong>&#8230;\u00a0Qui pourra\u00a0b\u00e9n\u00e9ficier de cette aide de la Caf destin\u00e9e \u00e0 soutenir les foyers les plus d\u00e9munis face aux difficult\u00e9s financi\u00e8res li\u00e9es \u00e0 la crise du Covid ?\u00a0Quelles sont les conditions pour l&rsquo;obtenir\u00a0?\u00a0Montants en fonction de votre situation ou du nombre d&rsquo;enfants,<strong> date de versement.<\/strong>..\u00a0On vous dit tout sur l&rsquo;aide exceptionnelle <strong>vers\u00e9e fin novembre.<\/strong><\/p>\n<p>L<strong>&lsquo;<\/strong>aide exceptionnelle de solidarit\u00e9 sera vers\u00e9e ce<strong> vendredi 27 novembre 2020.<\/strong><\/p>\n<p><strong>Le versement de cette aide exceptionnelle\u00a0sera automatique et vers\u00e9 en une seule fois<\/strong>, d\u00e8s lors que vous b\u00e9n\u00e9ficiez de l&rsquo;APL, de l&rsquo;ASS ou du RSA&#8230; aux mois de septembre ou octobre 2020. Aucune d\u00e9marche n&rsquo;est donc n\u00e9cessaire pour l&rsquo;obtenir.\u00a0Elle sera vers\u00e9e\u00a0par\u00a0les<strong> caisses d&rsquo;<a href=\"https:\/\/www.journaldesfemmes.fr\/maman\/2562394-allocation-familiale-montant\/\" title=\"Allocation\">allocations familiales<\/a>, les caisses de la mutualit\u00e9 agricole ou P\u00f4le Emploi <\/strong>et\u00a0s&rsquo;ajoutera aux aides sociales vers\u00e9es mensuellement toute au long de l&rsquo;ann\u00e9e.\u00a0V\u00e9rifiez n\u00e9anmoins que vos coordonn\u00e9es bancaires sont bien \u00e0 jour. A noter qu&rsquo;une seule aide sera vers\u00e9e par foyer. Enfin, rappelons \u00e9galement que le <a href=\"https:\/\/www.journaldesfemmes.fr\/maman\/guide-allocations-et-droits\/1443739-prime-de-noel-2020\/\" target=\"_blank\" rel=\"noopener noreferrer\">prime de No\u00ebl<\/a>\u00a0devrait \u00eatre vers\u00e9e le mois suivant, g\u00e9n\u00e9ralement deux semaines avant No\u00ebl.<\/p>\n<p>Cette prime de la Caf, qui avait d\u00e9j\u00e0 \u00e9t\u00e9 vers\u00e9e au printemps lors du premier <a href=\"https:\/\/www.journaldesfemmes.fr\/societe\/actu\/2670599-confinement-long-controle-sorties-deplacements-magasins-ouverts-noel-sapins-castex\/\" title=\"Confin\u00e9\">confinement<\/a>, concerne aussi les<strong> jeunes de moins de 25\u00a0ans<\/strong> qui touchent les APL ainsi que\u00a0<span style=\"font-size: 1rem;\">les \u00e9l\u00e8ves boursiers avait pr\u00e9cis\u00e9 le gouvernement.\u00a0\u00ab\u00a0<\/span><strong style=\"font-size: 1rem;\">150\u00a0euros seront vers\u00e9s aux 400\u00a0000\u00a0jeunes qui touchent les APL et aux \u00e9tudiants boursiers\u00a0\u00bb<\/strong><span style=\"font-size: 1rem;\">, avait d\u00e9clar\u00e9\u00a0le Premier ministre Jean Castex\u00a0<\/span><span style=\"font-size: 1rem;\">ce 17\u00a0octobre.\u00a0\u00ab\u00a0<\/span><em style=\"font-size: 1rem;\">Nous avons pleinement conscience que lorsque survient une crise \u00e9conomique, elle touche d&rsquo;abord et de plein fouet les personnes pr\u00e9caires et les jeunes\u00a0\u00bb<\/em><span style=\"font-size: 1rem;\">. Voici les personnes concern\u00e9es par cette aide exceptionnelle de solidarit\u00e9 :\u00a0<\/span><\/p>\n<ul>\n<li>Les personnes qui touchent <strong>le revenu de solidarit\u00e9 active (RSA)<\/strong>\u00a0ou\u00a0<strong>l&rsquo;allocation de solidarit\u00e9 sp\u00e9cifique (ASS)<\/strong>\u00a0peuvent b\u00e9n\u00e9ficier de cette aide exceptionnelle de 150 euros et de\u00a0100 euros suppl\u00e9mentaires par enfant \u00e0 charge.<\/li>\n<li>Les parents qui ne touchent pas l&rsquo;ASS ou le RSA, mais per\u00e7oivent les <strong>aides aux logements (APL)<\/strong> percevront 100 euros par enfant.<\/li>\n<li><strong>Les jeunes de moins de 25 ans qui touchent les APL<\/strong>\u00a0percevront 150 euros (\u00e9tudiants salari\u00e9s ou non \u00e9tudiants)<\/li>\n<li>Les personnes b\u00e9n\u00e9ficiant de l&rsquo;<strong>allocation \u00e9quivalent <a href=\"https:\/\/www.affinite.fr\/index.php\/2023\/07\/29\/changer-de-vie-voyager-complement-de-retraite-devenez-vendeur-de-glace-a-litalienne\/\">retraite<\/a> (AER)<\/strong><\/li>\n<li>La <strong>prime forfaitaire pour la reprise d&rsquo;activit\u00e9<\/strong><\/li>\n<li>Le <strong>revenu de solidarit\u00e9 (RSO)<\/strong><\/li>\n<li>Pour que les parents puissent en\u00a0b\u00e9n\u00e9ficier, <strong>les enfants \u00e0 charge doivent \u00eatre \u00e2g\u00e9s de moins de 20 ans.<\/strong>\u00a0<\/li>\n<li>Cette aide exceptionnelle est destin\u00e9e aux allocataires, partout en France (m\u00e9tropole et outre-mer), m\u00eame si leur lieu de r\u00e9sidence n&rsquo;est pas concern\u00e9 par le couvre-feu.<\/li>\n<li>Si vous vivez en couple, une seule aide sera vers\u00e9e par foyer.<\/li>\n<\/ul>\n<p>Les familles qui b\u00e9n\u00e9ficient du\u00a0RSA ou de\u00a0l&rsquo;ASS toucheront<strong> 150 euros, un montant major\u00e9 de 100 euros par enfant<\/strong>. Ceux qui per\u00e7oivent les APL auront droit \u00e0<strong>\u00a0100 euros\u00a0par enfant.<\/strong><\/p>\n<h3><a id=\"aide-exceptionnelle-apl\" name=\"aide-exceptionnelle-apl\"><strong>Montant de l&rsquo;aide exceptionnelle pour les b\u00e9n\u00e9ficiaires des APL<\/strong><\/a><\/h3>\n<p><strong>Si vous percevez les aides personnelles au logement<\/strong>, mais que vous ne b\u00e9n\u00e9ficiez pas du RSA ou de l&rsquo;ASS, vous pourrez alors toucher une <strong>aide de 100 euros par enfant,<\/strong> \u00e0 condition qu&rsquo;il soit \u00e2g\u00e9 de moins de 20 ans. Les jeunes de moins de 25 ans (apprentis, \u00e9tudiants salari\u00e9s ou non \u00e9tudiants)\u00a0touchant les APL pourront percevoir une aide de 150 euros.\u00a0Voici les montants :<\/p>\n<table align=\"center\" border=\"1\" cellpadding=\"1\" cellspacing=\"1\" style=\"width:80%;\">\n<tbody>\n<tr>\n<td>\n<p><strong>Nombre d&rsquo;enfants <\/strong><\/p>\n<\/td>\n<td>\n<p><strong>APL<\/strong><\/p>\n<\/td>\n<\/tr>\n<tr>\n<td>Jeunes de moins de 25 ans<\/td>\n<td>150 euros<\/td>\n<\/tr>\n<tr>\n<td>\n<p>1 enfant<\/p>\n<\/td>\n<td>100 euros<\/td>\n<\/tr>\n<tr>\n<td>2 enfants<\/td>\n<td>\n<p>200 euros<\/p>\n<\/td>\n<\/tr>\n<tr>\n<td>3 enfants<\/td>\n<td>300 euros<\/td>\n<\/tr>\n<tr>\n<td>4 enfants<\/td>\n<td>400\u00a0euros<\/td>\n<\/tr>\n<tr>\n<td>Par enfant suppl\u00e9mentaire<\/td>\n<td>100\u00a0euros<\/td>\n<\/tr>\n<\/tbody>\n<\/table>\n<h3><a id=\"aide-exceptionnelle-rsa\" name=\"aide-exceptionnelle-rsa\">Montant de l&rsquo;aide exceptionnelle pour les b\u00e9n\u00e9ficiaires du RSA et de l&rsquo;ASS<\/a><\/h3>\n<p>Les b\u00e9n\u00e9ficiaires du revenu de solidarit\u00e9 active (RSA), de l&rsquo;allocation de solidarit\u00e9 sp\u00e9cifique (ASS), de la prime forfaitaire pour reprise d&rsquo;activit\u00e9, de l&rsquo;allocation \u00e9quivalent retraite (AER) ou du revenu de solidarit\u00e9 (RSO) recevront <strong>150 euros avec 100 euros suppl\u00e9mentaires par enfant <\/strong>\u00e0 charge de moins de 20 ans.\u00a0<\/p>\n<table align=\"center\" border=\"1\" cellpadding=\"1\" cellspacing=\"1\" style=\"width:80%;\">\n<tbody>\n<tr>\n<td>\n<p><strong>Nombre d&rsquo;enfants <\/strong><\/p>\n<\/td>\n<td><strong>RSA ou ASS<\/strong><\/td>\n<\/tr>\n<tr>\n<td>Personne seule ou en couple<\/td>\n<td>150\u00a0euros<\/td>\n<\/tr>\n<tr>\n<td>\n<p>1\u00a0enfant<\/p>\n<\/td>\n<td>\n<p>Foyer avec un enfant\u00a0:<\/p>\n<p>250\u00a0euros<\/p>\n<\/td>\n<\/tr>\n<tr>\n<td>2\u00a0enfants<\/td>\n<td>350\u00a0euros<\/td>\n<\/tr>\n<tr>\n<td>3\u00a0enfants<\/td>\n<td>450\u00a0euros<\/td>\n<\/tr>\n<tr>\n<td>4\u00a0enfants<\/td>\n<td>550\u00a0euros<\/td>\n<\/tr>\n<tr>\n<td>Par enfant suppl\u00e9mentaire<\/td>\n<td>100\u00a0euros<\/td>\n<\/tr>\n<\/tbody>\n<\/table>\n<p>Rappelons qu&rsquo;en mai dernier, lors du d\u00e9confinement, 3\u00a0630\u00a0000\u00a0de foyers avaient b\u00e9n\u00e9fici\u00e9\u00a0de<strong> l&rsquo;aide exceptionnelle de solidarit\u00e9<\/strong> vers\u00e9e par les <strong>Caisses d&rsquo;allocations familiales.<\/strong>\u00a0Cela concernait\u00a05\u00a0070\u00a0000\u00a0enfants pour un montant de 821\u00a0millions d&rsquo;euros. En moyenne, les familles avaient touch\u00e9 226\u00a0euros par foyer. Cette fois,\u00a04,1\u00a0millions de foyers devraient \u00eatre concern\u00e9s.\u00a0Cela repr\u00e9sente\u00a05\u00a0millions d&rsquo;enfants, pour un budget total de 900\u00a0millions d&rsquo;euros.<\/p>\n<aside id=\"NL_848691227\" class=\"newsletter_subscription jNlBlock\"><noscript><br \/>\n            <\/noscript><\/p>\n<h3 class=\"newsletter_subscription-title\">Newsletter <\/h3>\n<p><a href=\"\/\/mailing.ccmbg.com\/archive\/last-85\" target=\"_blank\" class=\"a_hover\" rel=\"noopener noreferrer\">Voir un exemple<\/a><\/p>\n<\/aside>\n<p>Ce 24\u00a0octobre, Jean Castex a annonc\u00e9 la mise en place\u00a0de <strong>mesures destin\u00e9es au plus pr\u00e9caires<\/strong>, premi\u00e8res victimes de la crise sanitaire actuelle, et qui concernent <strong>l&rsquo;insertion par l&#8217;emploi et l&rsquo;acc\u00e8s au logement.<\/strong>\u00a0Elles viennent en compl\u00e9ment de <strong>l&rsquo;aide exceptionnelle de solidarit\u00e9.\u00a0<\/strong>Parmi ces mesures figurent notamment la<strong> cr\u00e9ation de 30\u00a0000\u00a0offres d&#8217;emploi,<\/strong> dans le secteur de l&rsquo;insertion par l&rsquo;activit\u00e9 \u00e9conomique (IAE).\u00a0L&rsquo;IAE permet aux personnes qui ont le plus de mal \u00e0 trouver un emploi de b\u00e9n\u00e9ficier d&rsquo;un accompagnement renforc\u00e9 facilitant leur insertion professionnelle.\u00a0Le Premier Ministre a, aussi, annonc\u00e9 que 120\u00a0millions d&rsquo;euros seront d\u00e9bloqu\u00e9s pour<strong> doubler les \u00ab\u00a0parcours emplois comp\u00e9tences\u00a0\u00bb <\/strong>dans les quartiers de la politique de la ville. Des <strong>\u00ab\u00a0plateformes mobilit\u00e9\u00a0\u00bb<\/strong> seront \u00e9galement d\u00e9velopp\u00e9es et permettront aux ch\u00f4meurs de louer ou d&rsquo;acheter un v\u00e9hicule \u00e0 moindre co\u00fbt afin de se rendre sur leur lieu de travail.\u00a0<strong>Dans le domaine du logement, <\/strong>Jean Castex a annonc\u00e9 le\u00a0<strong>renforcement de l&rsquo;acc\u00e8s au logement et \u00e0 l&rsquo;h\u00e9bergement d&rsquo;urgence<\/strong>. <strong>L&rsquo;aide aux impay\u00e9s de loyers<\/strong> et au paiement des d\u00e9penses de logement mise en place en juin par Action Logement va \u00eatre prolong\u00e9 avec un assouplissement des crit\u00e8res d&rsquo;octroi de l&rsquo;aide pour les plus pr\u00e9caires.\u00a0 \u00ab\u00a0<em>Cette aide sera accessible 6\u00a0mois pour les demandeurs d&#8217;emploi ou les m\u00e9nages dont le loyer repr\u00e9sente un tiers du revenu<\/em>\u00ab\u00a0, a indiqu\u00e9 le Premier Ministre. Enfin, 1\u00a0600\u00a0places d&rsquo;h\u00e9bergement et d&rsquo;accompagnement social seront financ\u00e9es<strong> pour des femmes SDF quittant la maternit\u00e9 avec leur b\u00e9b\u00e9.<\/strong><\/p>\n<\/p><\/div>\n<p>[ad_2]<br \/>\n<br \/><a href=\"https:\/\/www.journaldesfemmes.fr\/maman\/guide-allocations-et-droits\/2630241-aide-exceptionnelle-caf-covid-date-coronavirus-montant-apl-rsa-ass\/\">Source link <\/a><\/p>\n","protected":false},"excerpt":{"rendered":"<p>[ad_1] [AIDE EXCEPTIONNELLE CAF]. Pour faire face \u00e0 cette deuxi\u00e8me vague de covid-19, l&rsquo;aide exceptionnelle de la Caf, d&rsquo;un montant &hellip; <a href=\"https:\/\/www.affinite.fr\/index.php\/2020\/11\/11\/date-en-novembre-rsa-apl-ass-montant\/\" class=\"more-link\">Plus <span class=\"screen-reader-text\">date en novembre, RSA, APL, ASS, montant<\/span> <span class=\"meta-nav\">&rarr;<\/span><\/a><\/p>\n","protected":false},"author":1,"featured_media":5499,"comment_status":"open","ping_status":"open","sticky":false,"template":"","format":"standard","meta":{"_sitemap_exclude":false,"_sitemap_priority":"","_sitemap_frequency":"","footnotes":""},"categories":[1],"tags":[],"class_list":["post-5498","post","type-post","status-publish","format-standard","has-post-thumbnail","hentry","category-tous"],"_links":{"self":[{"href":"https:\/\/www.affinite.fr\/index.php\/wp-json\/wp\/v2\/posts\/5498"}],"collection":[{"href":"https:\/\/www.affinite.fr\/index.php\/wp-json\/wp\/v2\/posts"}],"about":[{"href":"https:\/\/www.affinite.fr\/index.php\/wp-json\/wp\/v2\/types\/post"}],"author":[{"embeddable":true,"href":"https:\/\/www.affinite.fr\/index.php\/wp-json\/wp\/v2\/users\/1"}],"replies":[{"embeddable":true,"href":"https:\/\/www.affinite.fr\/index.php\/wp-json\/wp\/v2\/comments?post=5498"}],"version-history":[{"count":0,"href":"https:\/\/www.affinite.fr\/index.php\/wp-json\/wp\/v2\/posts\/5498\/revisions"}],"wp:featuredmedia":[{"embeddable":true,"href":"https:\/\/www.affinite.fr\/index.php\/wp-json\/wp\/v2\/media\/5499"}],"wp:attachment":[{"href":"https:\/\/www.affinite.fr\/index.php\/wp-json\/wp\/v2\/media?parent=5498"}],"wp:term":[{"taxonomy":"category","embeddable":true,"href":"https:\/\/www.affinite.fr\/index.php\/wp-json\/wp\/v2\/categories?post=5498"},{"taxonomy":"post_tag","embeddable":true,"href":"https:\/\/www.affinite.fr\/index.php\/wp-json\/wp\/v2\/tags?post=5498"}],"curies":[{"name":"wp","href":"https:\/\/api.w.org\/{rel}","templated":true}]}}