{"id":5432,"date":"2020-10-26T17:50:55","date_gmt":"2020-10-26T17:50:55","guid":{"rendered":"https:\/\/www.affinite.fr\/index.php\/2020\/10\/26\/vers-un-reconfinement-les-ecoles-seront-elles-ouvertes\/"},"modified":"2020-10-26T17:50:55","modified_gmt":"2020-10-26T17:50:55","slug":"vers-un-reconfinement-les-ecoles-seront-elles-ouvertes","status":"publish","type":"post","link":"https:\/\/www.affinite.fr\/index.php\/2020\/10\/26\/vers-un-reconfinement-les-ecoles-seront-elles-ouvertes\/","title":{"rendered":"vers un reconfinement, les \u00e9coles seront-elles ouvertes\u00a0?"},"content":{"rendered":"<p> [ad_1]<br \/>\n<\/p>\n<p>\n                Le pr\u00e9sident du conseil scientifique recommande un couvre-feu plus massif ou un reconfinement. Alors que deux conseils de d\u00e9fense sont pr\u00e9vus cette semaine, les \u00e9coles pourront-elles rester ouvertes\u00a0? Le point sur les derni\u00e8res actualit\u00e9s.            <\/p>\n<div>\n<aside class=\"ccmsummary marqueur_module ccmcss_cms_summary ccmcss_cms_summary--right\">\n<p>Sommaire<\/p>\n<\/aside>\n<p><strong>[Mise \u00e0 jour du 26 octobre \u00e0 18h11].\u00a0<\/strong>Le <strong>couvre-feu, de 21 heures \u00e0 6 heures<\/strong>, a \u00e9t\u00e9 \u00e9tendu \u00e0<strong> 54 d\u00e9partements <\/strong>de m\u00e9tropole ainsi qu&rsquo;\u00e0 la Polyn\u00e9sie.\u00a0Mais le gouvernement planche d\u00e9sormais sur un <strong>possible reconfinement,<\/strong> qui pose de nombreuses questions.\u00a0<strong>\u00ab\u00a0<\/strong><em><strong>Il est trop t\u00f4t aujourd&rsquo;hui pour dire si l&rsquo;on va vers des reconfinements locaux ou plus larges<\/strong>. On va essayer, \u00e0 chaque fois, d&rsquo;aller r\u00e9duire les lieux, les moments o\u00f9 l&rsquo;on a identifi\u00e9 que le virus circulait beaucoup<\/em>\u00ab\u00a0, a d\u00e9clar\u00e9 Emmanuel Macron ce 23 octobre, lors d&rsquo;une visite au centre hospitalier de Pontoise (Val-d&rsquo;Oise). Pour autant deux conseils de d\u00e9fense sont pr\u00e9vus cette semaine face \u00e0 la recrudescence de l&rsquo;\u00e9pid\u00e9mie en France. Emmanuel Macron pourrait ainsi opter pour un couvre-feu plus massif (\u00e9tendu par exemple\u00a0le week-end), ou un reconfinement qui serait n\u00e9anmoins plus l\u00e9ger qu&rsquo;en mars dernier.\u00a0Pour l&rsquo;heure, toutes les hypoth\u00e8ses sont sur la table et le gouvernement devrait se prononcer cette semaine. Jusqu&rsquo;\u00e0 pr\u00e9sent<span style=\"font-size: 1rem;\">, <\/span><strong style=\"font-size: 1rem;\">les \u00e9coles, coll\u00e8ges et lyc\u00e9es sont ouverts partout en France<\/strong><span style=\"font-size: 1rem;\">.\u00a0Seules les universit\u00e9s doivent restreindre la jauge avec 50% des cours \u00e0 distance.\u00a0<\/span><strong style=\"font-size: 1rem;\">\u00ab\u00a0<em>Nos enfants ont besoin de continuer \u00e0 aller \u00e0 l&rsquo;\u00e9cole<\/em><\/strong><em style=\"font-size: 1rem;\">.\u00a0Je remercie nos enseignants qui ont fait un travail formidable\u00a0\u00bb<\/em><span style=\"font-size: 1rem;\"> avait d\u00e9clar\u00e9 Emmanuel Macron lors de l&rsquo;annonce du couvre-feu le 14 octobre dernier. La veille, Jean-Michel Blanquer avait assur\u00e9 que<\/span><strong style=\"font-size: 1rem;\"> les nouvelles mesures ne concerneraient pas les \u00e9tablissements scolaires.<\/strong><\/p>\n<p><strong style=\"font-size: 1rem;\">En cas de reconfinement, les \u00e9coles resteront-elles ouvertes ?<\/strong><\/p>\n<p>Alors que l&rsquo;\u00e9pid\u00e9miologiste Antoine Flahault recommande de ne pas rouvrir les \u00e9tablissements scolaires apr\u00e8s les vacances de la Toussaint, le gouvernement tente d&rsquo;\u00e9viter cette hypoth\u00e8se : d&rsquo;une part pour permettre aux \u00e9l\u00e8ves de poursuivre leur ann\u00e9e scolaire d\u00e9j\u00e0 suffisamment perturb\u00e9e, et permettre aux parents de travailler.\u00a0<\/p>\n<p>Face \u00e0 cette situation \u00ab\u00a0difficile voire critique\u00a0\u00bb, le\u00a0pr\u00e9sident du conseil scientifique, Jean-Fran\u00e7ois Delfraissy, estime quant \u00e0 lui\u00a0qu&rsquo;il faudrait<strong> durcir les restrictions en vigueur en France<\/strong> avec un <strong>\u00ab\u00a0<em>couvre-feu plus massif <\/em><\/strong><em>\u00e0 la fois dans ses horaires, dans son \u00e9tendue au niveau du territoire national, et qui puisse \u00e9galement \u00eatre mis en place le week-end<\/em>\u00ab\u00a0.\u00a0Apr\u00e8s une p\u00e9riode de 10\u00a0\u00e0 15\u00a0jours, \u00ab\u00a0<em>on pourrait regarder la courbe des nouvelles contaminations (\u2026), et si on n&rsquo;est pas dans la bonne direction aller vers le confinement\u00a0\u00bb<\/em>, a-t-il d\u00e9clar\u00e9 ce 26\u00a0octobre. Autre hypoth\u00e8se sugg\u00e9r\u00e9e par le pr\u00e9sident du conseil scientifique\u00a0: <strong>\u00ab\u00a0<\/strong><em><strong>aller directement vers un confinement, moins dur que celui du mois de mars,<\/strong> qui permette \u00e0 la fois le travail, qui \u00e9videmment s&rsquo;accentuerait en termes de t\u00e9l\u00e9travail, <strong>qui permettrait probablement de conserver une activit\u00e9 scolaire<\/strong> et qui permettrait aussi de conserver un certain nombre d&rsquo;activit\u00e9s \u00e9conomiques, qui pourrait \u00eatre de plus courte dur\u00e9e et qui serait suivi de conditions de d\u00e9confinement tr\u00e8s particuli\u00e8res, puisqu&rsquo;on d\u00e9confinerait en passant par un couvre-feu\u00a0\u00bb. <\/em>Selon lui, cette nouvelle vague pourrait durer plusieurs semaines, voire m\u00eame un ou deux mois.\u00a0<\/p>\n<ul>\n<li><strong>Nouvelles mesures en Italie.\u00a0<\/strong>Ce 26 octobre, 75% des cours seront organis\u00e9s \u00e0 distance pour les \u00e9tudiants italiens, au lyc\u00e9e et \u00e0 l&rsquo;universit\u00e9.\u00a0Le Premier ministre italien, Giuseppe Conte, a par ailleurs renforc\u00e9 les mesures restrictives dans le pays (cin\u00e9ma, th\u00e9\u00e2tre, salles de gym et piscines) jusqu&rsquo;au 24 novembre, mais les \u00e9coles ainsi que les maternelles resteront ouvertes.<\/li>\n<li>Mi-octobre, la R\u00e9publique tch\u00e8que a d\u00e9cid\u00e9 de fermer les \u00e9coles primaires et \u00e9l\u00e9mentaires pour plusieurs semaines.<\/li>\n<li><strong>Le couvre-feu (de 21h \u00e0 6h) <\/strong>est \u00e9tendu \u00e0 54 d\u00e9partements de m\u00e9tropole ainsi qu&rsquo;en Polyn\u00e9sie.<\/li>\n<li><strong>\u00a0<a href=\"https:\/\/sante.journaldesfemmes.fr\/fiches-maladies\/2627081-etat-urgence-sanitaire-france-fin-prolongation-loi-date-debut-prorogation-mesures\/\" target=\"_blank\" rel=\"noopener noreferrer\">L&rsquo;\u00e9tat d&rsquo;urgence sanitaire<\/a> <\/strong>est prolong\u00e9 jusqu&rsquo;au 16 f\u00e9vrier 2021.<\/li>\n<li><strong>Apr\u00e8s les vacances de la Toussaint, le protocole all\u00e9g\u00e9 pour limiter les fermetures de classes sera maintenu.<\/strong> Les classes ne seront donc pas d\u00e9doubl\u00e9es comme le pr\u00e9voit le protocole sanitaire en cas de circulation tr\u00e8s active du virus.\u00a0\u00ab\u00a0Il faudrait des contaminations encore plus importantes\u00a0\u00bb, a pr\u00e9cis\u00e9 Jean-Michel Blanquer sur RTL ce 13 octobre.<\/li>\n<li><a href=\"https:\/\/www.journaldesfemmes.fr\/maman\/enfant\/2660447-covid-universite-cluster-ecole-de-commerce-nantes\/\" target=\"_blank\" rel=\"noopener noreferrer\"><strong>Des Clusters dans les universit\u00e9s<\/strong><\/a>.\u00a0Depuis le 6 octobre,\u00a0<strong>la jauge des universit\u00e9s doit \u00eatre r\u00e9duite \u00e0 50%<\/strong>, dans les zones d&rsquo;alerte renforc\u00e9e ou d&rsquo;alerte maximale.\u00a0\u00a0Selon l&rsquo;ARS\u00a0des Pays de la Loire, l&rsquo;\u00e9cole de commerce Audencia situ\u00e9e \u00e0 Nantes,\u00a0fait partie de l&rsquo;un des plus gros clusters observ\u00e9 en France.<em> \u00ab\u00a0Au total, 1013\u00a0tests ont \u00e9t\u00e9 pass\u00e9s, 212\u00a0\u00e9tudiants sont positifs depuis la rentr\u00e9e, avec un taux de positivit\u00e9 de 24,1%\u00a0\u00bb<\/em><\/li>\n<li><a href=\"https:\/\/www.journaldesfemmes.fr\/maman\/enfant\/2663025-lancement-grenelle-de-l-education-salaire-profs\/\" target=\"_blank\" rel=\"noopener noreferrer\"><strong>Augmentation des enseignants<\/strong><\/a>. \u00ab\u00a0Les enseignants concern\u00e9s verront leur augmentation de salaire \u00e0 partir du mois de janvier prochain\u00a0\u00bb, a pr\u00e9cis\u00e9 ce 25\u00a0septembre sur franceinfo Jean-Michel Blanquer.<\/li>\n<li><strong>Retour des enfants \u00e0 l&rsquo;\u00e9cole : pas de certificat m\u00e9dical<\/strong>.\u00a0L&rsquo;Ordre national des m\u00e9decins a rappel\u00e9 que les m\u00e9decins n&rsquo;ont pas \u00e0 remettre de certificat m\u00e9dical \u00ab\u00a0de non-contre-indication au retour \u00e0 l&rsquo;\u00e9cole\u00a0\u00bb lorsque les enfants pr\u00e9sentent des sympt\u00f4mes \u00e9vocateurs du Covid-19. En effet, certains professionnels de sant\u00e9 ont subi des pressions pour en \u00e9tablir.\u00a0<\/li>\n<\/ul>\n<p>Selon les derniers chiffres du minist\u00e8re de l&rsquo;Education nationale (donn\u00e9es arr\u00eat\u00e9es au 15 octobre \u00e0 13h), on compte actuellement <strong>27\u00a0\u00e9tablissements scolaires ferm\u00e9s en France <\/strong>(22\u00a0\u00e9coles, 3\u00a0coll\u00e8ges\u00a0et 2\u00a0lyc\u00e9es). Au total, dans les \u00e9coles ouvertes, <strong>293 classes sont closes<\/strong> et les \u00e9l\u00e8ves suivent les cours \u00e0 la maison.\u00a0En ce qui concerne les <strong>cas de Covid confirm\u00e9s \u00e0 l&rsquo;\u00e9cole<\/strong>, le minist\u00e8re enregistre sur les 7\u00a0derniers jours <strong>8223 \u00e9l\u00e8ves positifs,<\/strong> soit 1713 de plus en 24h, et 2063 cas du c\u00f4t\u00e9 du personnel \u00e9ducatif, soit 440 de plus en 24h. Selon le ministre de l&rsquo;Education nationale, <strong>les cas de Covid \u00e0 l&rsquo;\u00e9cole sont assez stables.\u00a0<\/strong>Pour Jean-Michel Blanquer, <strong>l&rsquo;\u00e9cole n&rsquo;est donc pas pas \u00ab\u00a0le nid du virus<\/strong>\u00a0\u00bb comme le\u00a0laissait penser le\u00a0dernier <a href=\"https:\/\/www.santepubliquefrance.fr\/maladies-et-traumatismes\/maladies-et-infections-respiratoires\/infection-a-coronavirus\/documents\/bulletin-national\/covid-19-point-epidemiologique-du-24-septembre-2020\" target=\"_blank\" rel=\"noopener noreferrer\">bulletin hebdomadaire de Sant\u00e9 publique France<\/a> publi\u00e9 ce 24\u00a0septembre selon lequel<strong>\u00a0les \u00e9coles et les universit\u00e9s<\/strong> sont consid\u00e9r\u00e9es comme la <strong>premi\u00e8re \u00ab\u00a0collectivit\u00e9\u00a0\u00bb de circulation du virus<\/strong>.\u00a0<\/p>\n<div style=\"text-align:center\">\n<figure class=\"image\" style=\"display:inline-block\"><a class=\"fancy\" href=\"https:\/\/img-3.journaldesfemmes.fr\/A-K7AyiZOlFjZvvAHkjFVAN8j8g=\/1080x\/smart\/bf109de2589b4c8d8149aee5871da29a\/ccmcms-jdf\/19375632.png\"><img decoding=\"async\" alt=\"Fermeture-classe-academie\" src=\"https:\/\/img-3.journaldesfemmes.fr\/6PcU3aY-c3wX_BPyT3ePzEk0mXU=\/600x\/smart\/bf109de2589b4c8d8149aee5871da29a\/ccmcms-jdf\/19375632.png\"\/><\/a><figcaption data-credit=\"Minist\u00e8re de l'Education Nationale\" data-legend=\"Fermetures de classes par acad\u00e9mie au 15 octobre\">Fermetures de classes par acad\u00e9mie au 15 octobre <small>\u00a9\u00a0Minist\u00e8re de l&rsquo;Education Nationale<\/small><\/figcaption><\/figure>\n<\/div>\n<p>Depuis ce\u00a022\u00a0septembre,\u00a0<strong>le <a href=\"https:\/\/www.journaldesfemmes.fr\/maman\/enfant\/2638931-protocole-sanitaire-ecole-covid-assoupli-en-primaire-education\/\" target=\"_blank\" rel=\"noopener noreferrer\">protocole sanitaire<\/a>\u00a0est\u00a0assoupli dans les \u00e9coles maternelles et \u00e9l\u00e9mentaires<\/strong>.\u00a0Une mani\u00e8re pour le gouvernement de faire face aux<strong> <a href=\"https:\/\/www.journaldesfemmes.fr\/maman\/enfant\/2633239-fermeture-ecole-cas-contact-covid-que-faire-symptomes-ecoles-college-lycee\/\" target=\"_blank\" rel=\"noopener noreferrer\">fermetures de classes<\/a> <\/strong>massives \u00ab\u00a0d\u00e8s la premi\u00e8re alerte\u00a0\u00bb avait annonc\u00e9 Olivier V\u00e9ran ce 17\u00a0septembre. Ce\u00a0<strong>que change ce nouveau protocole<\/strong>\u00a0:<\/p>\n<ul>\n<li><strong>Lorsqu&rsquo;un enfant sera test\u00e9 positif au Covid-19\u00a0<\/strong>dans sa classe, les autres\u00a0\u00e9l\u00e8ves de la classe pourront continuer \u00e0 aller en cours, et ne seront\u00a0plus consid\u00e9r\u00e9\u00a0comme cas contacts.<\/li>\n<li>\u00a0Le HCSP estime\u00a0qu&rsquo;il n&rsquo;y a pas lieu de consid\u00e9rer comme<strong> contact \u00e0 risque un enfant de moins de 11\u00a0ans <\/strong>ayant eu un contact avec un adulte test\u00e9 positivement covid-19\u00a0qui porte un masque grand public de cat\u00e9gorie 1, ou\u00a0un autre enfant de moins de 11\u00a0ans test\u00e9 positivement, bien qu&rsquo;il ne porte pas de masque.<\/li>\n<li>\u00ab\u00a0Le protocole d&rsquo;identification des personnes <a href=\"https:\/\/sante.journaldesfemmes.fr\/fiches-maladies\/2661027-cas-contact-covid-definition-a-risque-que-faire-arret-de-travail-test-isolement-ecole-entreprise-enfant\/\" target=\"_blank\" rel=\"noopener noreferrer\">cas contacts<\/a>, leur isolement \u00e9ventuel, la fermeture possible de classes, voire d&rsquo;\u00e9coles, sera toutefois appliqu\u00e9 lorsque qu&rsquo;il y aura <strong>au moins trois cas confirm\u00e9s dans la m\u00eame classe<\/strong> (enfants ne venant pas de la m\u00eame famille ou ne vivant pas dans le m\u00eame foyer)\u00a0\u00bb pr\u00e9cise le minist\u00e8re dans un communiqu\u00e9 du 20\u00a0septembre.<\/li>\n<li>Enfin,<strong> un\u00a0professeur\u00a0du 1er degr\u00e9<\/strong> (pour qui le masque est obligatoire), ne sera\u00a0plus consid\u00e9r\u00e9 comme cas contact\u00a0et n&rsquo;aura\u00a0pas besoin de s&rsquo;isoler 7\u00a0jours m\u00eame s&rsquo;il a c\u00f4toy\u00e9 un \u00e9l\u00e8ve non masqu\u00e9 positif au\u00a0Covid-19.<\/li>\n<li>Rappelons que le\u00a0<strong><a href=\"https:\/\/www.journaldesfemmes.fr\/maman\/bebe\/2632411-protocole-sanitaire-creche-masques-obligatoires-bebe-assistantes-maternelles-nounous\/\" target=\"_blank\" rel=\"noopener noreferrer\">port du masque sera obligatoire pour tous les professionnels de cr\u00e8che<\/a> y compris en pr\u00e9sence des enfants<\/strong>, m\u00eame si des d\u00e9rogations pourront \u00eatre envisageables, notamment pour les enfants qui pr\u00e9senteraient des troubles du comportement, avait d\u00e9clar\u00e9 Olivier V\u00e9ran<\/li>\n<\/ul>\n<p>Ces<strong>\u00a0nouvelles mesures \u00e0 l&rsquo;\u00e9cole<\/strong> font suite au dernier<strong>\u00a0avis du\u00a0Haut Conseil \u00e0 la sant\u00e9 publique<\/strong>\u00a0publi\u00e9 le 17\u00a0septembre, concernant la<strong> <a href=\"https:\/\/sante.journaldesfemmes.fr\/fiches-maladies\/2623333-coronavirus-enfant-bebe-cas-symptomes-test-covid-vecteur-risque-contagion-ecole-depistage\/\" target=\"_blank\" rel=\"noopener noreferrer\">contagiosit\u00e9 des enfants<\/a>.<\/strong>\u00a0Ce qu&rsquo;il faut retenir des conclusions du HCSP\u00a0:<i>\u00a0<\/i><\/p>\n<ul>\n<li><strong>En milieu scolaire, les enfants sont peu \u00e0 risque de forme grave et peu actifs dans la transmission du\u00a0Covid.<\/strong><\/li>\n<li>Le risque de transmission existe surtout d&rsquo;adulte \u00e0 adulte et d&rsquo;adulte \u00e0 enfant et rarement d&rsquo;enfant \u00e0 enfant ou d&rsquo;enfant \u00e0 adulte<\/li>\n<li>Les transmissions surviennent surtout \u00e0 l&rsquo;int\u00e9rieur du cercle familial ou lors de regroupements sociaux avec une forte densit\u00e9 de personnes en dehors des \u00e9tablissements scolaires.<\/li>\n<\/ul>\n<p><strong>Si un enfant pr\u00e9sente des sympt\u00f4mes de fi\u00e8vre ou de la toux avant de se rendre \u00e0 l&rsquo;\u00e9cole<\/strong>, il devra rester \u00e0 la maison et consulter un m\u00e9decin, qui d\u00e9cidera de lui faire passer un d\u00e9pistage, s&rsquo;il peut retourner en classe, ou apr\u00e8s 7\u00a0jours.<\/p>\n<p><strong>Si l&rsquo;enfant pr\u00e9sente des sympt\u00f4mes \u00e0 l&rsquo;\u00e9cole<\/strong>, il devra alors \u00eatre isol\u00e9 dans une salle, et dans ce cas, le masque est recommand\u00e9 \u00e0 partir de 6\u00a0ans. L&rsquo;\u00e9tablissement pr\u00e9vient alors les parents qui devront venir le chercher.\u00a0<\/p>\n<p><strong>Si le cas est confirm\u00e9<\/strong>, l&rsquo;\u00e9cole pr\u00e9vient alors l&rsquo;agence r\u00e9gionale de la sant\u00e9 (ARS) qui dressera une liste des personnes ayant \u00e9t\u00e9 en contact avec l&rsquo;enfant ou l&rsquo;adulte.\u00a0Selon\u00a0les situations, notamment\u00a0<strong>en cas de fermeture d&rsquo;\u00e9cole<\/strong>, l&rsquo;enseignement \u00e0 distance sera mis en place, avec \u00ab\u00a0<em>une capacit\u00e9 d&rsquo;adaptation territoire par territoire\u00a0\u00bb<\/em>, pr\u00e9cise le ministre. <em>\u00a0<\/em><\/p>\n<h3>Voici la proc\u00e9dure si des cas de Covid sont suspect\u00e9s \u00e0 l&rsquo;\u00e9cole\u00a0:\u00a0<\/h3>\n<ul>\n<li>Isolement de la personne\u00a0: <strong>la dur\u00e9e d&rsquo;isolement est d\u00e9sormais port\u00e9e \u00e0 7\u00a0jours au lieu de 14\u00a0jours<\/strong><\/li>\n<li>Remise de la liste des personnes contacts \u00e0 l&rsquo;agence r\u00e9gionale de sant\u00e9<\/li>\n<li>D\u00e9pistage rapide et syst\u00e9matique des cas contacts<\/li>\n<li>Fermeture partielle ou totale de la classe ou de l&rsquo;\u00e9cole de mani\u00e8re temporaire, en fonction de la situation sanitaire<\/li>\n<li>La continuit\u00e9 p\u00e9dagogique (en pr\u00e9sentiel ou \u00e0 distance) sera assur\u00e9e dans toutes les situations, pour tous les \u00e9l\u00e8ves<\/li>\n<\/ul>\n<p>\u00ab\u00a0<em>Les<strong> mesures d&rsquo;indemnisation d\u00e9rogatoires en vigueur avant l&rsquo;\u00e9t\u00e9<\/strong> seront donc r\u00e9activ\u00e9es pour que les parents concern\u00e9s puissent b\u00e9n\u00e9ficier d&rsquo;un niveau de r\u00e9mun\u00e9ration garanti<\/em>\u00ab\u00a0, pr\u00e9cise le minist\u00e8re de la Sant\u00e9 dans un communiqu\u00e9 du 9\u00a0septembre. Pour en b\u00e9n\u00e9ficier,<strong> les deux parents doivent \u00eatre dans l&rsquo;impossibilit\u00e9 de faire du t\u00e9l\u00e9travail<\/strong>, et devront fournir un justificatif attestant que la classe <a href=\"https:\/\/www.affinite.fr\/index.php\/2022\/10\/22\/la-creme-glacee-la-nouvelle-culture-commerciale\/\">ferme<\/a> ou que l&rsquo;enfant est un cas contact.\u00a0En outre,<strong> seul un des deux parents pourra b\u00e9n\u00e9ficier d&rsquo;une indemnisation<\/strong> de l&rsquo;Etat. <em>\u00ab\u00a0Les parents qui sont dans l&rsquo;impossibilit\u00e9 de t\u00e9l\u00e9travailler pourront b\u00e9n\u00e9ficier d&rsquo;un revenu de remplacement d\u00e8s le premier jour de leur arr\u00eat de travail, et au plus tard jusqu&rsquo;\u00e0 la fin de la p\u00e9riode d&rsquo;isolement\u00a0\u00bb.<\/em><\/p>\n<p>En dehors de la classe,<strong> dans les espaces a\u00e9r\u00e9s,\u00a0le port du masque se fera \u00ab\u00a0selon l&rsquo;appr\u00e9ciation locale\u00a0\u00bb<\/strong>. Par ailleurs, le masque sera obligatoire pour les \u00e9l\u00e8ves et le personnel de l&rsquo;\u00e9ducation <strong>pendant les r\u00e9cr\u00e9ations<\/strong> au coll\u00e8ge et au lyc\u00e9e, mais uniquement pour les personnels en primaire.<\/p>\n<ul>\n<li>Pour les \u00e9l\u00e8ves scolaris\u00e9s <strong>en maternelle<\/strong> : le masque est \u00e0 proscrire.\u00a0<\/li>\n<li>Pour les \u00e9l\u00e8ves scolaris\u00e9s <strong>\u00e0 l&rsquo;\u00e9cole \u00e9l\u00e9mentaire<\/strong> : le masque n&rsquo;est pas recommand\u00e9, mais des masques sont \u00e0 disposition pour ceux qui pr\u00e9sentent des sympt\u00f4mes, dans l&rsquo;attente de leur d\u00e9part de l&rsquo;\u00e9cole.<\/li>\n<li>Pour \u00e9l\u00e8ves de <strong>coll\u00e8ge et lyc\u00e9e<\/strong>, le masque est obligatoire dans les espaces clos, m\u00eame lorsqu&rsquo;une distanciation d&rsquo;un m\u00e8tre est respect\u00e9e.<\/li>\n<li>Pour les <strong>membres du\u00a0personnel\u00a0:<\/strong> le masque grand public est obligatoire en\u00a0primaire, au coll\u00e8ge et au\u00a0lyc\u00e9e m\u00eame quand la distanciation d&rsquo;au moins un m\u00e8tre est garantie, soit de la maternelle \u00e0 la terminale.<\/li>\n<li>Le personnel de la petite enfance doit \u00e9galement porter un masque en pr\u00e9sence des b\u00e9b\u00e9s, mais cette mesure ne concerne pas les nounous lorsqu&rsquo;elles sont seules en pr\u00e9sence des enfants.<\/li>\n<li><em><strong>\u00ab\u00a0Dans l&rsquo;enseignement sup\u00e9rieur, le masque sera obligatoire pour tout le monde<\/strong><\/em><strong>\u00ab\u00a0<\/strong> a d\u00e9clar\u00e9\u00a0le premier ministre Jean Castex ce 27\u00a0ao\u00fbt.<\/li>\n<li><strong>Des masques transparents pour les enseignants.\u00a0<\/strong>Sophie Cluzel,\u00a0secr\u00e9taire d&rsquo;Etat charg\u00e9e des personnes handicap\u00e9es, a annonc\u00e9 au JDD que tous les<strong> enseignants de maternelle et des classes qui accueillent des enfants malentendants<\/strong> seront prochainement \u00e9quip\u00e9s de<strong> masques \u00ab\u00a0inclusifs\u00a0\u00bb.\u00a0Ces masques transparents <\/strong>permettront ainsi \u00e0 tous les \u00e9l\u00e8ves de mieux comprendre les professeurs en lisant sur les l\u00e8vres. \u00ab\u00a0<em>Plus de 100\u00a0000\u00a0masques seront fabriqu\u00e9s d&rsquo;ici \u00e0 la fin du mois. <strong>Des masques transparents, r\u00e9utilisables, lavables 25\u00a0fois \u00e0 60\u00a0\u00b0C<\/strong>, qui vont \u00eatre disponibles en grand nombre dans le courant de l&rsquo;automne\u00a0\u00bb.\u00a0<\/em><\/li>\n<\/ul>\n<p><em><strong>Dans l&rsquo;hypoth\u00e8se o\u00f9 la situation sanitaire exigerait des mesures plus strictes, du fait d&rsquo;une circulation active du virus sur tout ou partie du territoire national, un plan de continuit\u00e9 p\u00e9dagogique sera mis en place<\/strong> pour assurer l&rsquo;<strong>enseignement \u00e0 distance<\/strong><\/em><strong>\u00ab\u00a0<\/strong>, indiquait\u00a0la circulaire de rentr\u00e9e scolaire publi\u00e9e le 10 juillet. <strong>Voici les diff\u00e9rentes hypoth\u00e8ses :<\/strong><\/p>\n<h3>En cas de circulation active du virus<\/h3>\n<p>Concr\u00e8tement, <strong>si le nombre d&rsquo;\u00e9l\u00e8ves devait de nouveau \u00eatre limit\u00e9 dans les \u00e9coles\u00a0<\/strong>en raison d&rsquo;une <strong>circulation active et localis\u00e9e du virus<\/strong>, n\u00e9cessitant la mise en place d&rsquo;un <strong>protocole sanitaire stricte<\/strong>,\u00a0les enfants\u00a0pourraient (selon les situations et comme pendant le confinement) suivre les <strong><a href=\"https:\/\/www.journaldesfemmes.fr\/maman\/enfant\/2626571-ecole-a-la-maison-cned-ma-classe-a-la-maison\/\" target=\"_blank\" rel=\"noopener noreferrer\">cours \u00e0 distance avec Ma Classe \u00e0 la maison<\/a> ou le Cned<\/strong>, et \u00eatre pris en charge en participant au\u00a0<a href=\"https:\/\/www.journaldesfemmes.fr\/maman\/enfant\/2638135-2s2c-sport-sante-culture-civisme\/\" target=\"_blank\" rel=\"noopener noreferrer\"><strong>dispositif 2S2C (sport, sant\u00e9, culture, civisme)<\/strong><\/a>. Les autres locaux des \u00e9coles, coll\u00e8ges et lyc\u00e9es devront notamment \u00eatre mobilis\u00e9s afin d&rsquo;accueillir les \u00e9l\u00e8ves dans de meilleures conditions. Dans cette situation \u00ab\u00a0<strong><em>tous les \u00e9l\u00e8ves doivent avoir acc\u00e8s \u00e0 des cours en pr\u00e9sentiel chaque semaine<\/em>\u00ab\u00a0<\/strong> pr\u00e9cise le minist\u00e8re, mais des groupes pourraient aussi alterner \u00e0 la journ\u00e9e ou \u00e0 la demi-journ\u00e9e. En revanche, \u00ab\u00a0<em>les \u00e9l\u00e8ves scolaris\u00e9s en CP et CE1\u00a0d\u00e9doubl\u00e9s en \u00e9ducation prioritaire devront imp\u00e9rativement \u00eatre scolaris\u00e9s \u00e0 temps plein<\/em>\u00ab\u00a0.<\/p>\n<h3>En cas de circulation tr\u00e8s active du virus n\u00e9cessitant la fermeture des \u00e9coles<\/h3>\n<aside id=\"NL_234784830\" class=\"newsletter_subscription jNlBlock\"><noscript><br \/>\n            <\/noscript><\/p>\n<h3 class=\"newsletter_subscription-title\">Newsletter <\/h3>\n<p><a href=\"\/\/mailing.ccmbg.com\/archive\/last-85\" target=\"_blank\" class=\"a_hover\" rel=\"noopener noreferrer\">Voir un exemple<\/a><\/p>\n<\/aside>\n<p>Le minist\u00e8re de l&rsquo;Education anticipe l&rsquo;hypoth\u00e8se selon laquelle des \u00e9tablissements scolaires n\u00e9cessiteraient d&rsquo;\u00eatre ferm\u00e9s, au niveau local. Les enseignants pourront alors s&rsquo;appuyer sur les<strong> cours\u00a0des professeurs diffus\u00e9s sur la Maison Lumni <\/strong>et suivre les cours \u00e0 distance.\u00a0En outre, les \u00e9l\u00e8ves en situation de \u00ab\u00a0d\u00e9connexion num\u00e9rique\u00a0\u00bb devront \u00eatre identifi\u00e9s en amont<\/p>\n<\/p><\/div>\n<p>[ad_2]<br \/>\n<br \/><a href=\"https:\/\/www.journaldesfemmes.fr\/maman\/enfant\/1849367-covid-ecole-reconfinement-en-france-couvre-feu\/\">Source link <\/a><\/p>\n","protected":false},"excerpt":{"rendered":"<p>[ad_1] Le pr\u00e9sident du conseil scientifique recommande un couvre-feu plus massif ou un reconfinement. Alors que deux conseils de d\u00e9fense &hellip; <a href=\"https:\/\/www.affinite.fr\/index.php\/2020\/10\/26\/vers-un-reconfinement-les-ecoles-seront-elles-ouvertes\/\" class=\"more-link\">Plus <span class=\"screen-reader-text\">vers un reconfinement, les \u00e9coles seront-elles ouvertes\u00a0?<\/span> <span class=\"meta-nav\">&rarr;<\/span><\/a><\/p>\n","protected":false},"author":1,"featured_media":5433,"comment_status":"open","ping_status":"open","sticky":false,"template":"","format":"standard","meta":{"_sitemap_exclude":false,"_sitemap_priority":"","_sitemap_frequency":"","footnotes":""},"categories":[1],"tags":[],"class_list":["post-5432","post","type-post","status-publish","format-standard","has-post-thumbnail","hentry","category-tous"],"_links":{"self":[{"href":"https:\/\/www.affinite.fr\/index.php\/wp-json\/wp\/v2\/posts\/5432"}],"collection":[{"href":"https:\/\/www.affinite.fr\/index.php\/wp-json\/wp\/v2\/posts"}],"about":[{"href":"https:\/\/www.affinite.fr\/index.php\/wp-json\/wp\/v2\/types\/post"}],"author":[{"embeddable":true,"href":"https:\/\/www.affinite.fr\/index.php\/wp-json\/wp\/v2\/users\/1"}],"replies":[{"embeddable":true,"href":"https:\/\/www.affinite.fr\/index.php\/wp-json\/wp\/v2\/comments?post=5432"}],"version-history":[{"count":0,"href":"https:\/\/www.affinite.fr\/index.php\/wp-json\/wp\/v2\/posts\/5432\/revisions"}],"wp:featuredmedia":[{"embeddable":true,"href":"https:\/\/www.affinite.fr\/index.php\/wp-json\/wp\/v2\/media\/5433"}],"wp:attachment":[{"href":"https:\/\/www.affinite.fr\/index.php\/wp-json\/wp\/v2\/media?parent=5432"}],"wp:term":[{"taxonomy":"category","embeddable":true,"href":"https:\/\/www.affinite.fr\/index.php\/wp-json\/wp\/v2\/categories?post=5432"},{"taxonomy":"post_tag","embeddable":true,"href":"https:\/\/www.affinite.fr\/index.php\/wp-json\/wp\/v2\/tags?post=5432"}],"curies":[{"name":"wp","href":"https:\/\/api.w.org\/{rel}","templated":true}]}}