{"id":5369,"date":"2020-10-14T01:33:06","date_gmt":"2020-10-14T01:33:06","guid":{"rendered":"https:\/\/www.affinite.fr\/index.php\/2020\/10\/14\/plus-belle-la-vie-du-jeudi-15-octobre-2020-resume-en-avance-de-lepisode-4128-spoilers-news-series-a-la-tv\/"},"modified":"2020-10-14T01:33:06","modified_gmt":"2020-10-14T01:33:06","slug":"plus-belle-la-vie-du-jeudi-15-octobre-2020-resume-en-avance-de-lepisode-4128-spoilers-news-series-a-la-tv","status":"publish","type":"post","link":"https:\/\/www.affinite.fr\/index.php\/2020\/10\/14\/plus-belle-la-vie-du-jeudi-15-octobre-2020-resume-en-avance-de-lepisode-4128-spoilers-news-series-a-la-tv\/","title":{"rendered":"Plus belle la vie du jeudi 15 octobre 2020 : r\u00e9sum\u00e9 en avance de l&rsquo;\u00e9pisode 4128 [SPOILERS] &#8211; News S\u00e9ries \u00e0 la TV"},"content":{"rendered":"<p> [ad_1]<br \/>\n<\/p>\n<div id=\"article-container\">\n<p class=\"article-lead\">Dans le prochain \u00e9pisode de \u00ab\u00a0Plus belle la vie\u00a0\u00bb&#8230; Tandis que Fran\u00e7ois fait son retour au Mistral, Laetitia se trouve une bonne raison d\u2019\u00eatre pr\u00e9occup\u00e9e. De son c\u00f4t\u00e9, Mouss court apr\u00e8s une seconde chance.<\/p>\n<div id=\"article-content\">\n<figure class=\"article-figure article-main-figure\"><img loading=\"lazy\" decoding=\"async\" class=\"article-figure-img\" width=\"640\" height=\"360\" src=\"http:\/\/fr.web.img6.acsta.net\/r_640_360\/newsv7\/20\/10\/12\/14\/16\/1807195.jpg\"\/><figcaption class=\"article-figcaption-copy\">Capture d&rsquo;\u00e9cran\/FTV<\/figcaption><\/figure>\n<p><strong>Attention, les paragraphes qui suivent contiennent des spoilers sur l&rsquo;\u00e9pisode de<span>\u00a0<\/span><a title=\"Plus belle la vie (France) (Drame,Soap)\" href=\"http:\/\/www.allocine.fr\/series\/ficheserie_gen_cserie=322.html\">Plus Belle la vie<\/a><\/strong><strong>\u00a0diffus\u00e9 mercredi soir sur France 3 !<\/strong><\/p>\n<p>Fran\u00e7ois analyse la situation<\/p>\n<p>De retour au Mistral, Fran\u00e7ois d\u00e9cide de faire connaissance avec Sophie et lui partage son histoire. Il retrouve ensuite Blanche et Thomas, rappelant \u00e0 ce dernier qu\u2019il a v\u00e9cu la m\u00eame chose quand il a appris qu\u2019ils \u00e9taient fr\u00e8res. De son c\u00f4t\u00e9, Roland annonce \u00e0 Kylian qu\u2019il a ouvert un compte pour lui et sa soeur mais Kylian ne veut toujours pas entendre parler de lui.<\/p>\n<p>Marie a des pertes de m\u00e9moire<\/p>\n<p>Alors qu\u2019il d\u00e9sire avancer aux c\u00f4t\u00e9s de Laetitia et mettre les choses au clair avec Marie, S\u00e9bastien d\u00e9couvre que celle-ci souffre de trous de m\u00e9moire et ne le reconna\u00eet pas.<\/p>\n<p>Mouss esp\u00e8re obtenir une seconde chance<\/p>\n<p>Esp\u00e9rant obtenir une seconde chance, Mouss s\u2019excuse aupr\u00e8s de Mila \u00e0 propos de son mensonge.<\/p>\n<p>Pendant ce temps, Rochat soup\u00e7onne sa m\u00e8re d\u2019entretenir une liaison avec Nathan.<\/p>\n<\/p><\/div>\n<\/p><\/div>\n<p>[ad_2]<br \/>\n<br \/><a href=\"http:\/\/rss.allocine.fr\/~r\/ac\/actualites\/~3\/pm3TDHsDjqA\/fichearticle_gen_carticle=18693582.html\">Source link <\/a><\/p>\n","protected":false},"excerpt":{"rendered":"<p>[ad_1] Dans le prochain \u00e9pisode de \u00ab\u00a0Plus belle la vie\u00a0\u00bb&#8230; Tandis que Fran\u00e7ois fait son retour au Mistral, Laetitia se &hellip; <a href=\"https:\/\/www.affinite.fr\/index.php\/2020\/10\/14\/plus-belle-la-vie-du-jeudi-15-octobre-2020-resume-en-avance-de-lepisode-4128-spoilers-news-series-a-la-tv\/\" class=\"more-link\">Plus <span class=\"screen-reader-text\">Plus belle la vie du jeudi 15 octobre 2020 : r\u00e9sum\u00e9 en avance de l&rsquo;\u00e9pisode 4128 [SPOILERS] &#8211; News S\u00e9ries \u00e0 la TV<\/span> <span class=\"meta-nav\">&rarr;<\/span><\/a><\/p>\n","protected":false},"author":1,"featured_media":5370,"comment_status":"open","ping_status":"open","sticky":false,"template":"","format":"standard","meta":{"_sitemap_exclude":false,"_sitemap_priority":"","_sitemap_frequency":"","footnotes":""},"categories":[1],"tags":[],"class_list":["post-5369","post","type-post","status-publish","format-standard","has-post-thumbnail","hentry","category-tous"],"_links":{"self":[{"href":"https:\/\/www.affinite.fr\/index.php\/wp-json\/wp\/v2\/posts\/5369"}],"collection":[{"href":"https:\/\/www.affinite.fr\/index.php\/wp-json\/wp\/v2\/posts"}],"about":[{"href":"https:\/\/www.affinite.fr\/index.php\/wp-json\/wp\/v2\/types\/post"}],"author":[{"embeddable":true,"href":"https:\/\/www.affinite.fr\/index.php\/wp-json\/wp\/v2\/users\/1"}],"replies":[{"embeddable":true,"href":"https:\/\/www.affinite.fr\/index.php\/wp-json\/wp\/v2\/comments?post=5369"}],"version-history":[{"count":0,"href":"https:\/\/www.affinite.fr\/index.php\/wp-json\/wp\/v2\/posts\/5369\/revisions"}],"wp:featuredmedia":[{"embeddable":true,"href":"https:\/\/www.affinite.fr\/index.php\/wp-json\/wp\/v2\/media\/5370"}],"wp:attachment":[{"href":"https:\/\/www.affinite.fr\/index.php\/wp-json\/wp\/v2\/media?parent=5369"}],"wp:term":[{"taxonomy":"category","embeddable":true,"href":"https:\/\/www.affinite.fr\/index.php\/wp-json\/wp\/v2\/categories?post=5369"},{"taxonomy":"post_tag","embeddable":true,"href":"https:\/\/www.affinite.fr\/index.php\/wp-json\/wp\/v2\/tags?post=5369"}],"curies":[{"name":"wp","href":"https:\/\/api.w.org\/{rel}","templated":true}]}}