{"id":5350,"date":"2020-10-09T17:26:58","date_gmt":"2020-10-09T17:26:58","guid":{"rendered":"https:\/\/www.affinite.fr\/index.php\/2020\/10\/09\/madrid-en-etat-durgence-masque-obligatoire-en-italie\/"},"modified":"2020-10-09T17:26:58","modified_gmt":"2020-10-09T17:26:58","slug":"madrid-en-etat-durgence-masque-obligatoire-en-italie","status":"publish","type":"post","link":"https:\/\/www.affinite.fr\/index.php\/2020\/10\/09\/madrid-en-etat-durgence-masque-obligatoire-en-italie\/","title":{"rendered":"Madrid en \u00e9tat d&rsquo;urgence, masque obligatoire en Italie"},"content":{"rendered":"<p> [ad_1]<br \/>\n<\/p>\n<p>\n                Madrid \u00e0 nouveau en \u00e9tat d&rsquo;urgence, masque obligatoire en Italie, la R\u00e9publique Tch\u00e8que sur liste noire&#8230; Face \u00e0 la nouvelle hausse des contaminations au coronavirus, plusieurs pays remettent en place des restrictions. Nombre de cas, morts, carte, tableau\u00a0: bilan de la pand\u00e9mie Covid-19\u00a0dans le monde.            <\/p>\n<div>\n<aside class=\"ccmsummary marqueur_module ccmcss_cms_summary ccmcss_cms_summary--right\">\n<p>Sommaire<\/p>\n<\/aside>\n<p><strong>[Mise \u00e0 jour du vendredi 9\u00a0octobre\u00a0\u00e0 17h04]<\/strong> Le <strong>cap du million de morts<\/strong> du coronavirus a \u00e9t\u00e9 franchi, selon le comptage r\u00e9alis\u00e9 par l&rsquo;<a href=\"https:\/\/coronavirus.jhu.edu\/map.html\">Universit\u00e9 John Hopkins<\/a> et le\u00a0Centre europ\u00e9en de pr\u00e9vention et de contr\u00f4le des maladies (<a href=\"https:\/\/www.ecdc.europa.eu\/en\/geographical-distribution-2019-ncov-cases\" target=\"_blank\" rel=\"noopener noreferrer\">ECDC<\/a>). Plus de <strong>36,5\u00a0millions de personnes ont \u00e9t\u00e9 contamin\u00e9es<\/strong> par ce nouveau virus appel\u00e9 \u00ab\u00a0<a href=\"https:\/\/sante.journaldesfemmes.fr\/fiches-maladies\/2660625-sars-cov-2-definition-virus-nom-arn-genome-structure-duree-de-vie-mutation-transmission-coronavirus-incubation\/\" target=\"_blank\" rel=\"noopener noreferrer\">Sars-CoV-2<\/a>\u00a0\u00bb apparu en Chine en d\u00e9cembre 2019 et <strong>plus d&rsquo;un million de personnes sont mortes<\/strong>.\u00a0Quels sont les pays les touch\u00e9s dans le monde ? Quel <strong>pourcentage de contamin\u00e9s et de d\u00e9c\u00e8s <\/strong>par rapport \u00e0 la population totale de chaque territoire ? Chiffres et point de situation.\u00a0<\/p>\n<h2>Dans l&rsquo;actu :<\/h2>\n<ul>\n<li><strong>Madrid en \u00e9tat d&rsquo;urgence. <\/strong>Le gouvernement espagnol a annonce le 9 octobre d\u00e9cr\u00e9ter un nouvel \u00e9tat d&rsquo;urgence en Espagne, dans la r\u00e9gion\u00a0de Madrid face \u00e0 la hausse des contaminations de Covid-19.<\/li>\n<li><strong>La R\u00e9publique Tch\u00e8que sur liste noire<\/strong>.\u00a0L&rsquo;Italie a plac\u00e9 la R\u00e9publique tch\u00e8que sur sa liste noire des coronavirus \u00e0 partir du 8\u00a0octobre. Toute personne entrant en Italie depuis ce pays devra produire un test Covid-19\u00a0n\u00e9gatif datant de moins de trois jours, y compris les personnes qui ne font que transiter par le pays.<\/li>\n<li><strong>Masque obligatoire en ext\u00e9rieur en Italie jusqu&rsquo;au 31 janvier.<\/strong>\u00a0L&rsquo;Italie\u00a0a d\u00e9cid\u00e9 de rendre obligatoire le\u00a0port du masque\u00a0\u00e0 l&rsquo;ext\u00e9rieur sur tout son territoire et de prolonger jusqu&rsquo;au 31\u00a0janvier l&rsquo;\u00e9tat d&rsquo;urgence, pour lutter contre la r\u00e9surgence de l&rsquo;\u00e9pid\u00e9mie de\u00a0Covid-19.\u00a0Ceux qui ne porteront pas de masques hors de chez eux risquent une <strong>amende <\/strong>pouvant aller jusqu&rsquo;\u00e0 <strong>1\u00a0000 euros.<\/strong><\/li>\n<li><strong>Vaccin en Chine.\u00a0<\/strong>La Chine a sign\u00e9, jeudi 8\u00a0octobre, un accord pour rejoindre Covax, l&rsquo;initiative pilot\u00e9e par l&rsquo;Organisation mondiale de la sant\u00e9 (OMS) dans le but de favoriser un acc\u00e8s \u00e9quitable aux futurs vaccins anti-Covid.\u00a0<\/li>\n<li><strong>Fermeture des bars en Belgique.<\/strong>\u00a0Le gouvernement belge a annonc\u00e9\u00a0la fermeture des bars et caf\u00e9s \u00e0 23\u00a0heures \u00e0 partir de vendredi 9 octobre. Chaque individu ne sera autoris\u00e9 \u00e0 voir, sans masque, qu'\u00a0\u00bbun maximum de trois personnes\u00a0\u00bb (hors membres du foyer) contre 5 actuellement.<\/li>\n<li><strong>Couvre-feu en Allemagne.<\/strong>\u00a0Berlin et Francfort ont annonc\u00e9 la mise en place d&rsquo;un couvre-feu et une restriction des contacts sociaux. La\u00a0plupart des magasins ainsi que tous les restaurants et bars devront fermer de 23\u00a0heures \u00e0 6\u00a0heures du matin \u00e0 partir de samedi et au moins jusqu&rsquo;au 31\u00a0octobre. Sur ce cr\u00e9neau, les rassemblements en ext\u00e9rieur ne devront pas exc\u00e9der cinq personnes ou alors des gens de deux m\u00e9nages distincts. En journ\u00e9e, cette jauge reste fix\u00e9e pour le moment \u00e0 50.<\/li>\n<li><strong>Fermeture des cin\u00e9mas au Royaume-Uni et Etats-Unis.\u00a0<\/strong>La cha\u00eene britannique de cin\u00e9mas Cineworld a annonc\u00e9 la fermeture temporaire de l&rsquo;ensemble de ses salles au Royaume-Uni et aux Etats-Unis en raison du report de nouvelles sorties dont le dernier James Bond. Cette fermeture \u00e0 partir de jeudi concernera 536\u00a0cin\u00e9mas am\u00e9ricains et 127\u00a0britanniques affectant au total 45\u00a0000\u00a0salari\u00e9s.<\/li>\n<\/ul>\n<p>Le nombre de cas de coronavirus continue d&rsquo;augmenter chaque jour dans le monde.\u00a0Au 9 octobre\u00a0plus\u00a0de<strong>\u00a036,5 millions\u00a0de personnes ont \u00e9t\u00e9 test\u00e9es positives<\/strong> au virus selon les comptages de l&rsquo;Universit\u00e9 John Hopkins\u00a0(36 593 879) et du\u00a0Centre europ\u00e9en de pr\u00e9vention et de contr\u00f4le des maladies\u00a0(<strong>36 583 084<\/strong>). Ces chiffres varient\u00a0selon les d\u00e9finitions de cas appliqu\u00e9es dans chaque pays et leurs strat\u00e9gies de d\u00e9pistage.\u00a0<\/p>\n<table border=\"1\" cellpadding=\"1\" cellspacing=\"1\">\n<caption>Nombre de cas de Covid-19\u00a0par continent au 9 octobre 2020\u00a0(source\u00a0: Ecdc.Europa.eu \/ Ined.fr)<\/caption>\n<thead\/>\n<tbody>\n<tr>\n<td style=\"width: 104px;\">\u00a0<\/td>\n<td style=\"width: 435px;\"><strong>Nombre de cas positifs au Covid-19 (en millions)<\/strong><\/td>\n<td><strong>Pourcentage de la population positive au Covid-19<\/strong><\/td>\n<\/tr>\n<tr>\n<td style=\"width: 104px;\"><strong>Am\u00e9rique<\/strong><\/td>\n<td style=\"width: 435px;\">17 722 055<\/td>\n<td>1,71%<\/td>\n<\/tr>\n<tr>\n<td style=\"width: 104px;\"><strong>Europe<\/strong><\/td>\n<td style=\"width: 435px;\">5 818 654<\/td>\n<td>0,75%<\/td>\n<\/tr>\n<tr>\n<td style=\"width: 104px;\"><strong>Asie<\/strong><\/td>\n<td style=\"width: 435px;\">11 458 581<\/td>\n<td>0,24%<\/td>\n<\/tr>\n<tr>\n<td style=\"width: 104px;\"><strong>Afrique<\/strong><\/td>\n<td style=\"width: 435px;\">1 548 475<\/td>\n<td>0,11%<\/td>\n<\/tr>\n<tr>\n<td style=\"width: 104px;\"><strong>Oc\u00e9anie<\/strong><\/td>\n<td style=\"width: 435px;\">34 623<\/td>\n<td>0,08%<\/td>\n<\/tr>\n<tr>\n<td style=\"width: 104px;\"><strong>Autres<\/strong><\/td>\n<td style=\"width: 435px;\">696<\/td>\n<td>0%<\/td>\n<\/tr>\n<tr>\n<td style=\"width: 104px;\"><strong>Total\u00a0<\/strong><\/td>\n<td style=\"width: 435px;\">36 583 084<\/td>\n<td>0.45%<\/td>\n<\/tr>\n<\/tbody>\n<\/table>\n<table border=\"1\" cellpadding=\"1\" cellspacing=\"1\">\n<caption>Les 10\u00a0pays recensant le plus grand nombre de cas de Covid-19\u00a0dans le monde au 9 octobre 2020\u00a0(Sources\u00a0: Universit\u00e9 John Hopkins)<\/caption>\n<thead>\n<tr>\n<th scope=\"col\">Pays<\/th>\n<th scope=\"col\">Nombre de cas confirm\u00e9s<\/th>\n<th scope=\"col\">Nombre total d&rsquo;habitants (en millions)<\/th>\n<th scope=\"col\">Pourcentage de la population infect\u00e9e<\/th>\n<\/tr>\n<\/thead>\n<tbody>\n<tr>\n<td><strong>Etats-Unis <\/strong><\/td>\n<td>7 611 616<\/td>\n<td>328,2<\/td>\n<td>232%<\/td>\n<\/tr>\n<tr>\n<td><strong>Inde<\/strong><\/td>\n<td>6 906 151<\/td>\n<td>1\u00a0353<\/td>\n<td>0,51%<\/td>\n<\/tr>\n<tr>\n<td><strong>Br\u00e9sil<\/strong><\/td>\n<td>5 028 444<\/td>\n<td>209.5<\/td>\n<td>2,40%<\/td>\n<\/tr>\n<tr>\n<td><strong>Russie<\/strong><\/td>\n<td>1 265 572<\/td>\n<td>144,5<\/td>\n<td>0.88%<\/td>\n<\/tr>\n<tr>\n<td><strong>Colombie<\/strong><\/td>\n<td>886 179<\/td>\n<td>49<\/td>\n<td>1.81%<\/td>\n<\/tr>\n<tr>\n<td><b>Argentine<\/b><\/td>\n<td>856 369<\/td>\n<td>44,5<\/td>\n<td>1.92%<\/td>\n<\/tr>\n<tr>\n<td><strong>Espagne<\/strong><\/td>\n<td>848 324<\/td>\n<td>47<\/td>\n<td>1.80%<\/td>\n<\/tr>\n<tr>\n<td><strong>P\u00e9rou<\/strong><\/td>\n<td>835 662<\/td>\n<td>31,9<\/td>\n<td>2.62%<\/td>\n<\/tr>\n<tr>\n<td><strong>Mexique<\/strong><\/td>\n<td>804 488<\/td>\n<td>126,2<\/td>\n<td>0.64%<\/td>\n<\/tr>\n<tr>\n<td><strong>France<\/strong><\/td>\n<td>711 704<\/td>\n<td>66.9<\/td>\n<td>1.06%<\/td>\n<\/tr>\n<\/tbody>\n<\/table>\n<p>&gt; <strong><a href=\"https:\/\/gisanddata.maps.arcgis.com\/apps\/opsdashboard\/index.html#\/bda7594740fd40299423467b48e9ecf6\" target=\"_blank\" rel=\"noopener noreferrer\">Voir le nombre de cas des autres pays\u00a0<\/a><\/strong><\/p>\n<h3 style=\"text-align: center;\">R\u00e9partition g\u00e9ographique du nombre cumulatif de cas de COVID-19\u00a0signal\u00e9s pour 100\u00a0000\u00a0habitants, dans le monde, sur les 14\u00a0derniers jours, au 9 octobre 2020<\/h3>\n<div style=\"text-align:center\">\n<figure class=\"image\" style=\"display:inline-block\"><a class=\"fancy\" href=\"https:\/\/img-3.journaldesfemmes.fr\/w7iE-FnHiArOnihqJLM_3aciGAg=\/1080x\/smart\/82ab8e472a44482a8073e877262b7851\/ccmcms-jdf\/19209499.jpg\"><img decoding=\"async\" alt=\"coronavirus carte pays monde\" src=\"https:\/\/img-3.journaldesfemmes.fr\/CcfkLviwH5Ee9Kw-T_OpWzJZmog=\/600x\/smart\/82ab8e472a44482a8073e877262b7851\/ccmcms-jdf\/19209499.jpg\"\/><\/a><figcaption data-credit=\"Ecdc.europa.eu\" data-legend=\"Carte des cas de coronavirus dans le monde, par pays, pour 100 000 habitants sur les 14 derniers jours - 9 octobre 2020\">Carte des cas de coronavirus dans le monde, par pays, pour 100 000 habitants sur les 14 derniers jours &#8211; 9 octobre 2020 <small>\u00a9\u00a0Ecdc.europa.eu<\/small><\/figcaption><\/figure>\n<\/div>\n<p>Apr\u00e8s l&rsquo;apparition du virus en Chine en d\u00e9cembre, l&rsquo;Europe est rapidement devenue l&rsquo;\u00e9picentre de l&rsquo;\u00e9pid\u00e9mie obligeant plusieurs pays \u00e0 confiner les populations d\u00e8s le mois de mars. Puis le virus s&rsquo;est propag\u00e9 aux\u00a0Etats-Unis, en Am\u00e9rique du Sud et en\u00a0Inde.\u00a0Les foyers majeurs de l&rsquo;\u00e9pid\u00e9mie se situent actuellement dans la zone Am\u00e9rique (Etats-Unis et Am\u00e9rique Latine) et Asie du Sud-Est, \u00e0 l&rsquo;origine de respectivement 37% et 30% des cas rapport\u00e9s dans le monde entre le 28\u00a0septembre et le 4 octobre 2020.\u00a0Une<strong> reprise de l&rsquo;\u00e9pid\u00e9mie <\/strong>est observ\u00e9e dans de nombreux<strong> pays europ\u00e9ens, <\/strong>o\u00f9 sont localis\u00e9s<strong> 24% des cas <\/strong>rapport\u00e9s dans le monde<\/p>\n<p>Dans son bilan international, <a href=\"https:\/\/www.santepubliquefrance.fr\/maladies-et-traumatismes\/maladies-et-infections-respiratoires\/infection-a-coronavirus\/documents\/bulletin-national\/covid-19-point-epidemiologique-du-8-octobre-2020\" target=\"_blank\" rel=\"noopener noreferrer\">Sant\u00e9 Publique France<\/a> rapporte le 8 octobre\u00a0:\u00a0\u00a0<\/p>\n<p>\u25ba <strong>Europe\u00a0:<\/strong> \u00a0es taux d&rsquo;incidence sur 7\u00a0jours les plus \u00e9lev\u00e9s sont observ\u00e9s en R\u00e9publique tch\u00e8que (162,5\u00a0\/ 100\u00a0000\u00a0hab), en Espagne (156,5), aux Pays-Bas (134,4), en France (118,2), en Belgique (101,8), au Royaume-Uni (76,1), en Islande (75,9), au Luxembourg (64,8), en Irlande (63,4), en Autriche (57,3), au Danemark (53,2) et au Portugal (51,7). <strong>Le taux d&rsquo;incidence a fortement augment\u00e9 aux Pays-Bas,<\/strong> en <strong>Belgique <\/strong>et au <strong>Royaume-Uni,<\/strong> au cours de la semaine 40. Des taux d&rsquo;incidence \u00e9lev\u00e9s sont \u00e9galement rapport\u00e9s en Europe centrale et en Europe de l&rsquo;Est (taux rapport\u00e9 au 4\/10\u00a0pour les 7\u00a0derniers jours)\u00a0: Mont\u00e9n\u00e9gro (279,2), Moldavie (132,4), Arm\u00e9nie (96,5), Ukraine (60,8). Une<strong> hausse importante de nouveaux cas et de d\u00e9c\u00e8s est rapport\u00e9e en Russie<\/strong>.<\/p>\n<p>\u25ba <strong>Am\u00e9rique\u00a0: <\/strong>Dans certains pays, une diminution du nombre de cas a \u00e9t\u00e9 observ\u00e9e mais le nombre de cas rapport\u00e9s reste tr\u00e8s \u00e9lev\u00e9. Aux <strong>\u00c9tats-Unis<\/strong>, la <strong>baisse globale<\/strong> du nombre de cas, amorc\u00e9e en juillet et en ao\u00fbt, stagne ces derni\u00e8res semaines\u00a0: certains \u00c9tats rapportent une forte hausse de nouveaux cas (\u00c9tats du Midwest notamment). Dans plusieurs pays (Mexique, Br\u00e9sil, Chili, P\u00e9rou), l&rsquo;incidence est stable et se maintient \u00e0 un niveau \u00e9lev\u00e9 depuis plusieurs semaines. Au <strong>Canada, une augmentation est rapport\u00e9e, <\/strong>notamment dans les provinces de Qu\u00e9bec et de l&rsquo;Ontario depuis ces derni\u00e8res semaines.<\/p>\n<p>\u25ba <strong>Moyen-Orient :\u00a0<\/strong>l&rsquo;\u00e9pid\u00e9mie reste importante en Iraq, en Iran, aux \u00c9mirats Arabes Unis et au Liban. L&rsquo;incidence \u00e9tait en augmentation au cours des derni\u00e8res semaines en Jordanie. La situation est <strong>pr\u00e9occupante en Iran <\/strong>qui a atteint des nombres record de nouvelles infections et de d\u00e9c\u00e8s.<\/p>\n<p>\u25ba<strong> Asie\u00a0:\u00a0<\/strong>l&rsquo;\u00e9pid\u00e9mie reste active en Inde, m\u00eame si une diminution de l&rsquo;incidence semble \u00eatre observ\u00e9e, et en Indon\u00e9sie. Elle continue de progresser au Myanmar et au N\u00e9pal.<\/p>\n<p>\u25ba <strong>Afrique\u00a0:<\/strong>\u00a0le nombre de <strong>nouveaux cas continue \u00e0 diminuer<\/strong> mais il augmente dans certains pays (Cap-Vert, Mozambique). Au Maroc, l&rsquo;incidence ne cesse de s&rsquo;accro\u00eetre depuis d\u00e9but ao\u00fbt avec plus de 2\u00a0000\u00a0nouveaux cas par jour. La majorit\u00e9 des cas est rapport\u00e9e dans la r\u00e9gion de Casablanca et des mesures de contr\u00f4le ont \u00e9t\u00e9 r\u00e9instaur\u00e9es par les autorit\u00e9s. Le nombre de cas reste \u00e9lev\u00e9 en Tunisie, o\u00f9 des mesures ont \u00e9t\u00e9 mises en place dans certaines r\u00e9gions, ainsi qu&rsquo;en Libye.<\/p>\n<h3>Evolution des nouveaux cas de Covid-19\u00a0dans les 10 pays du monde les plus affect\u00e9s, au 1er octobre 2020<\/h3>\n<div style=\"text-align:center\">\n<figure class=\"image\" style=\"display:inline-block\"><a class=\"fancy\" href=\"https:\/\/img-3.journaldesfemmes.fr\/B8hgLB-Nvig-jv-m_r7gcyGSOgU=\/1080x\/smart\/426cbbce17ad4f959c3ecdb9e15a55ed\/ccmcms-jdf\/19033942.jpg\"><img decoding=\"async\" alt=\"\u00e9volution nouveaux cas covid monde\" src=\"https:\/\/img-3.journaldesfemmes.fr\/GRbhCczuM5z_8zJrPfwCGbzoBRo=\/600x\/smart\/426cbbce17ad4f959c3ecdb9e15a55ed\/ccmcms-jdf\/19033942.jpg\"\/><\/a><figcaption data-credit=\"John Hopkins University\" data-legend=\"Evolution des nouveaux cas de Covid-19 pour les 10 pays du monde les plus affect\u00e9s, au 1er octobre\">Evolution des nouveaux cas de Covid-19 pour les 10 pays du monde les plus affect\u00e9s, au 1er octobre <small>\u00a9\u00a0John Hopkins University<\/small><\/figcaption><\/figure>\n<\/div>\n<h3>Evolution des cas de Covid-19\u00a0dans le monde, globale et\u00a0par continent, au 9 octobre 2020<\/h3>\n<div style=\"text-align:center\">\n<figure class=\"image\" style=\"display:inline-block\"><a class=\"fancy\" href=\"https:\/\/img-3.journaldesfemmes.fr\/W5qtrTWQcerXRLqDEYNj2PBfxbc=\/1080x\/smart\/a03ce3b9278e4284bc8169844edb0965\/ccmcms-jdf\/19209561.jpg\"><img decoding=\"async\" alt=\"Evolution des cas de Covid-19\u00a0dans le monde, globale et\u00a0par continent, au 9 octobre 2020\" src=\"https:\/\/img-3.journaldesfemmes.fr\/W5qtrTWQcerXRLqDEYNj2PBfxbc=\/1080x\/smart\/a03ce3b9278e4284bc8169844edb0965\/ccmcms-jdf\/19209561.jpg\"\/><\/a><figcaption data-credit=\"Ecdc.europa.eu\" data-legend=\"Evolution des cas de Covid-19\u00a0dans le monde, globale et\u00a0par continent, au 9 octobre 2020\">Evolution des cas de Covid-19\u00a0dans le monde, globale et\u00a0par continent, au 9 octobre 2020 <small>\u00a9\u00a0Ecdc.europa.eu<\/small><\/figcaption><\/figure>\n<\/div>\n<p>Au 9 octobre septembre, le nombre de d\u00e9c\u00e8s \u00e0 cause du Covid-19 a d\u00e9pass\u00e9 le million dans le monde, selon les comptages de l&rsquo;<a href=\"https:\/\/gisanddata.maps.arcgis.com\/apps\/opsdashboard\/index.htm\" target=\"_blank\" rel=\"noopener noreferrer\">Universit\u00e9 John Hopkins<\/a> aux Etats-Unis (1 063 084) et ceux du\u00a0<a href=\"https:\/\/www.ecdc.europa.eu\/en\/geographical-distribution-2019-ncov-cases\" target=\"_blank\" rel=\"noopener noreferrer\">Centre europ\u00e9en de pr\u00e9vention et de contr\u00f4le des maladies<\/a>\u00a0(<strong>1 062 978<\/strong>).\u00a0<\/p>\n<table border=\"1\" cellpadding=\"1\" cellspacing=\"1\">\n<caption>Nombre de morts du Covid-19\u00a0par continent au 9 octobre 2020\u00a0(source\u00a0: Ecdc.Europa.eu)<\/caption>\n<tbody>\n<tr>\n<td><strong>Am\u00e9rique<\/strong><\/td>\n<td>587 047<\/td>\n<\/tr>\n<tr>\n<td><strong>Europe<\/strong><\/td>\n<td>230 507<\/td>\n<\/tr>\n<tr>\n<td><strong>Asie<\/strong><\/td>\n<td>207 075<\/td>\n<\/tr>\n<tr>\n<td><strong>Afrique<\/strong><\/td>\n<td>37 342<\/td>\n<\/tr>\n<tr>\n<td><strong>Oc\u00e9anie<\/strong><\/td>\n<td>1000<\/td>\n<\/tr>\n<tr>\n<td><strong>Autres<\/strong><\/td>\n<td>7<\/td>\n<\/tr>\n<tr>\n<td><strong>Total<\/strong><\/td>\n<td>1 062 978<\/td>\n<\/tr>\n<\/tbody>\n<\/table>\n<table border=\"1\" cellpadding=\"1\" cellspacing=\"1\">\n<caption>Les 10\u00a0pays recensant le plus grand nombre de d\u00e9c\u00e8s par Covid-19\u00a0dans le monde au 9 octobre 2020\u00a0(Source\u00a0: John Hopkins Universit\u00e9)<\/caption>\n<thead>\n<tr>\n<th scope=\"col\">Pays<\/th>\n<th scope=\"col\">Nombre de d\u00e9c\u00e8s<\/th>\n<th scope=\"col\">Pourcentage de la population d\u00e9c\u00e9d\u00e9e<\/th>\n<\/tr>\n<\/thead>\n<tbody>\n<tr>\n<td><strong>Etats-Unis<\/strong><\/td>\n<td>212 840<\/td>\n<td>0.06%<\/td>\n<\/tr>\n<tr>\n<td><strong>Br\u00e9sil<\/strong><\/td>\n<td>148 957<\/td>\n<td>0.07%<\/td>\n<\/tr>\n<tr>\n<td><strong>Inde<\/strong><\/td>\n<td>106 490<\/td>\n<td>0.007%<\/td>\n<\/tr>\n<tr>\n<td><strong>Mexique<\/strong><\/td>\n<td>83 096<\/td>\n<td>0.06%<\/td>\n<\/tr>\n<tr>\n<td><strong>Royaume-Uni<\/strong><\/td>\n<td>42 682<\/td>\n<td>0.07%<\/td>\n<\/tr>\n<tr>\n<td><strong>Italie<\/strong><\/td>\n<td>36 083<\/td>\n<td>0.06%<\/td>\n<\/tr>\n<tr>\n<td><strong>P\u00e9rou<\/strong><\/td>\n<td>33 009<\/td>\n<td>0.10%<\/td>\n<\/tr>\n<tr>\n<td><strong>Espagne<\/strong><\/td>\n<td>32 688<\/td>\n<td>0.07%<\/td>\n<\/tr>\n<tr>\n<td><strong>France<\/strong><\/td>\n<td><strong>32 539<\/strong><\/td>\n<td><strong>0.05%<\/strong><\/td>\n<\/tr>\n<tr>\n<td><strong>Iran<\/strong><\/td>\n<td>28 098<\/td>\n<td>0.03%<\/td>\n<\/tr>\n<tr>\n<td><strong>Colombie<\/strong><\/td>\n<td>27 180<\/td>\n<td>0.05%<\/td>\n<\/tr>\n<\/tbody>\n<\/table>\n<p>&gt; <strong><a href=\"https:\/\/gisanddata.maps.arcgis.com\/apps\/opsdashboard\/index.html#\/bda7594740fd40299423467b48e9ecf6\" target=\"_blank\" rel=\"noopener noreferrer\">Voir le nombre de d\u00e9c\u00e8s\u00a0des autres pays\u00a0<\/a><\/strong><\/p>\n<h3>\u2022 <a id=\"courbe-evolution-deces-coronavirus-monde\" name=\"courbe-evolution-deces-coronavirus-monde\">Evolution des d\u00e9c\u00e8s du\u00a0Covid-19\u00a0dans le monde, globale et\u00a0par continent, au 9 octobre 2020<\/a><\/h3>\n<div style=\"text-align:center\">\n<figure class=\"image\" style=\"display:inline-block\"><a class=\"fancy\" href=\"https:\/\/img-3.journaldesfemmes.fr\/EE7ro8Gf_x2SDsQc85VOrkKVVPE=\/1080x\/smart\/5d0c5e5967ad408aa99591ad71d469cb\/ccmcms-jdf\/19209612.jpg\"><img decoding=\"async\" alt=\"courbe d\u00e9c\u00e8s monde\" src=\"https:\/\/img-3.journaldesfemmes.fr\/EE7ro8Gf_x2SDsQc85VOrkKVVPE=\/1080x\/smart\/5d0c5e5967ad408aa99591ad71d469cb\/ccmcms-jdf\/19209612.jpg\"\/><\/a><figcaption data-credit=\"Ecdc.europa.eu\" data-legend=\"Evolution des d\u00e9c\u00e8s dans le monde, par continent, au 9 octobre\">Evolution des d\u00e9c\u00e8s dans le monde, par continent, au 9 octobre <small>\u00a9\u00a0Ecdc.europa.eu<\/small><\/figcaption><\/figure>\n<\/div>\n<p>Face \u00e0 la deuxi\u00e8me vague \u00e9pid\u00e9mique du coronavirus en Espagne, le\u00a0gouvernement espagnol a d\u00e9cr\u00e9t\u00e9 vendredi 9 octobre l&rsquo;\u00e9tat d&rsquo;alerte dans la r\u00e9gion de Madrid pour\u00a0freiner l&rsquo;augmentation du nombre des cas de coronavirus.\u00a0<em>\u00ab\u00a0Il faut prendre des mesures pour prot\u00e9ger la sant\u00e9 des Madril\u00e8nes<\/em>\u00a0\u00bb a d\u00e9clar\u00e9 le \u00a0ministre de la Sant\u00e9, Salvador Illa, \u00e0 l&rsquo;issue d&rsquo;une r\u00e9union extraordinaire du Conseil des ministres. En cons\u00e9quence,<strong>\u00a0plusieurs millions de personnes ne pourront plus sortir de leur commune,<\/strong> dont la capitale, Madrid et\u00a0neuf municipalit\u00e9s voisines. Plusieurs mesures sont en vigueur dans le pays\u00a0comme le liste\u00a0<a href=\"https:\/\/www.diplomatie.gouv.fr\/fr\/conseils-aux-voyageurs\/conseils-par-pays-destination\/espagne\/\" target=\"_blank\" rel=\"noopener noreferrer\">France Diplomatie<\/a>. L&rsquo;Espagne est dans le top 10 des pays du monde les plus touch\u00e9s par le virus en nombre de cas et des plus meurtris.<\/p>\n<p><strong>\u2192 A partir du 2 octobre, la ville de Madrid <\/strong>et les communes d&rsquo;Alcal\u00e1 de Henares, d&rsquo;Alcobendas, d&rsquo;Alcorc\u00f3n, de Fuenlabrada, de Getafe, de Legan\u00e9s, de Torrej\u00f3n de Ardoz, de M\u00f3stoles et de Parla sont soumises aux mesures d\u00e9taill\u00e9es dans la r\u00e9solution du 30\u00a0septembre :<\/p>\n<p>1\/ Ces mesures n&rsquo;imposent pas de confinement et permettent des d\u00e9placements dans le p\u00e9rim\u00e8tre-m\u00eame de la commune concern\u00e9e. En revanche, entre communes, les d\u00e9placements doivent \u00eatre justifi\u00e9s par l&rsquo;un des motifs suivants\u00a0:<br \/>\u2022 rendez-vous dans des centres, services et \u00e9tablissements de sant\u00e9,<br \/>\u2022 obligations professionnelles, commerciales ou judiciaires,<br \/>\u2022 d\u00e9placements vers les \u00e9tablissements universitaires, et aux \u00e9tablissements d&rsquo;enseignement, y compris aux \u00e9coles maternelles,<br \/>\u2022 retour vers la r\u00e9sidence principale,<br \/>\u2022 assistance et soins aux personnes \u00e2g\u00e9es, aux mineurs, aux personnes d\u00e9pendantes, aux personnes handicap\u00e9es ou aux personnes particuli\u00e8rement vuln\u00e9rables,<br \/>\u2022 d\u00e9placements indispensables vers des \u00e9tablissements financiers et d&rsquo;assurance qui ne peuvent \u00eatre report\u00e9s,<br \/>\u2022 actions requises ou urgentes devant les organismes publics, judiciaires ou notariaux,<br \/>\u2022 renouvellement des documents officiels, ainsi que d&rsquo;autres formalit\u00e9s administratives qui ne peuvent \u00eatre report\u00e9es,<br \/>\u2022 r\u00e9alisation d&rsquo;examens ou de tests officiels qui ne peuvent \u00eatre report\u00e9s,<br \/>\u2022 en cas de force majeure ou situation de n\u00e9cessit\u00e9,<br \/>\u2022 toute autre activit\u00e9 de nature analogue, d\u00fbment justifi\u00e9e.<\/p>\n<p>2\/ Les\u00a0<strong>regroupements de personnes<\/strong>\u00a0pour des activit\u00e9s ou \u00e9v\u00e9nements \u00e0 caract\u00e8re familial ou social, tant sur la voie publique que dans des espaces publics et priv\u00e9s, sont limit\u00e9s \u00e0\u00a0<strong>six personnes<\/strong>, sauf s&rsquo;il s&rsquo;agit de personnes vivant dans un m\u00eame foyer, et\u00a0<strong>sauf dans le cas d&rsquo;activit\u00e9s professionnelles et institutionnelles<\/strong>\u00a0ou d&rsquo;activit\u00e9s pour lesquelles des limites ou des mesures sp\u00e9cifiques sont fix\u00e9es, notamment la fermeture des \u00e9tablissements commerciaux \u00e0 22\u00a0h 00\u00a0et des bars, h\u00f4tels et restaurants \u00e0 23\u00a0h 00, avec une capacit\u00e9 r\u00e9duite.<\/p>\n<p><strong>\u2192 Sur les \u00eeles Canaries<\/strong>,\u00a0en compl\u00e9ment des mesures nationales (notamment rassemblements de plus de 10\u00a0personnes interdits, bars, h\u00f4tels et restaurants ayant obligation de fermer \u00e0 minuit), l&rsquo;acc\u00e8s aux plages peut \u00eatre r\u00e9duit et contr\u00f4l\u00e9 afin de respecter une distanciation sociale.<\/p>\n<p><strong>\u2192 En Catalogne, dans les provinces de Barcelone, Tarragone, et de Lerida :\u00a0<\/strong>la population est invit\u00e9e \u00e0 rester chez elle et il est interdit d&rsquo;organiser des r\u00e9unions de plus de dix personnes (sauf dans un cadre professionnel).\u00a0Il est vivement recommand\u00e9 de limiter les d\u00e9placements sauf pour motifs professionnels, achats de biens de premi\u00e8re n\u00e9cessit\u00e9, d\u00e9marches administratives et examens urgents, assistance aux personnes d\u00e9pendantes et autres cas de force majeure.\u00a0La plupart des activit\u00e9s culturelles, r\u00e9cr\u00e9atives, sportives, de loisir nocturne et les<strong> spectacles publics est ferm\u00e9e.<\/strong> Cela concerne notamment le<strong>s th\u00e9\u00e2tres, cin\u00e9mas, aires de jeu pour les enfants, <\/strong>gymnases. Les<strong> biblioth\u00e8ques et les mus\u00e9es restent cependant ouverts<\/strong>, de m\u00eame que les colonies de vacances. Les h\u00f4tels, bars et restaurants peuvent continuer \u00e0 accueillir des clients, avec une capacit\u00e9 d&rsquo;accueil limit\u00e9e et un service \u00e0 table.<\/p>\n<p><strong>\u2192\u00a0En Aragon,\u00a0<\/strong>le port du masque est obligatoire en toute circonstance.\u00a0La capacit\u00e9 d&rsquo;accueil des restaurants est limit\u00e9e \u00e0 50% \u00e0 l&rsquo;int\u00e9rieur, 75% en terrasse. Les r\u00e9unions de plus de 10\u00a0personnes sont interdites. Le nombre de personnes autoris\u00e9es \u00e0 assister \u00e0 des mariages et enterrements est \u00e9galement limit\u00e9. La capacit\u00e9 d&rsquo;accueil des commerces, des centres de <a href=\"https:\/\/www.affinite.fr\/index.php\/2022\/11\/09\/formation-de-glacier-apprenez-le-metier-de-glacier-et-changez-votre-vie\/\">formation<\/a>, piscines et \u00e9v\u00e8nements culturels est revue \u00e0 la baisse.\u00a0<\/p>\n<p><strong>\u2192\u00a0Aux Bal\u00e9ares :<\/strong>\u00a0Le port du masque est obligatoire dans les bars et restaurants tant que la commande n&rsquo;est pas arriv\u00e9e \u00e0 table et d\u00e8s que le repas est termin\u00e9. Par ailleurs, les r\u00e9unions de plus de 10\u00a0personnes sont interdites (sauf dans le cadre d&rsquo;activit\u00e9s professionnelles).<\/p>\n<h3 style=\"text-align: center;\">Evolution des nouveaux cas de Covid-19\u00a0en Espagne, par mois.<\/h3>\n<div style=\"text-align:center\">\n<figure class=\"image\" style=\"display:inline-block\"><a class=\"fancy\" href=\"https:\/\/img-3.journaldesfemmes.fr\/6iq1j1YX7_BkdJ65diUTVpfTvh4=\/1080x\/smart\/deecd49371ad4d198d21316728222a01\/ccmcms-jdf\/19034062.jpg\"><img decoding=\"async\" alt=\"Evolution des nouveaux cas de Covid-19\u00a0en Espgne, par mois.\" src=\"https:\/\/img-3.journaldesfemmes.fr\/mI5m0tfzNqZRSNXXIuy5ImUszVU=\/600x\/smart\/deecd49371ad4d198d21316728222a01\/ccmcms-jdf\/19034062.jpg\"\/><\/a><figcaption data-credit=\"John Hopkins University\" data-legend=\"Evolution des nouveaux cas de Covid-19\u00a0en Espagne, par mois.\">Evolution des nouveaux cas de Covid-19\u00a0en Espagne, par mois. <small>\u00a9\u00a0John Hopkins University<\/small><\/figcaption><\/figure>\n<\/div>\n<p>L&rsquo;Inde est le<strong> deuxi\u00e8me pays le touch\u00e9 <\/strong>par la pand\u00e9mie de\u00a0coronavirus\u00a0derri\u00e8re les Etats-Unis et devant le Br\u00e9sil le 1er octobre et l&rsquo;\u00e9pid\u00e9mie ne faiblit pas. Actuellement<strong> pr\u00e8s d&rsquo;un million de nouveaux cas de Covid-19<\/strong> sont enregistr\u00e9s en moins de 2\u00a0semaines. A date, pr\u00e8s de 7\u00a06 millions d&rsquo;habitants ont \u00e9t\u00e9 contamin\u00e9s (sur 1.3 milliard au total) et plus de\u00a0100 000 sont d\u00e9c\u00e9d\u00e9s. Le ratio sur la population totale est moins alarmant que dans d&rsquo;autres pays comme en France. A partir du jeudi 1er octobre, l&rsquo;Inde assouplit ses mesures anti Covid-19 : les \u00e9coles et les cin\u00e9mas vont rouvrir, les rassemblements ext\u00e9rieurs de plus de 100\u00a0personnes sont de nouveau autoris\u00e9s (plusieurs f\u00eates religieuses approchent).<\/p>\n<ul>\n<li>Le couvre-feu reste en vigueur sur l&rsquo;ensemble du territoire entre 21h et 5h.<\/li>\n<li>Les liaisons a\u00e9riennes commerciales internationales restent\u00a0suspendues.<\/li>\n<\/ul>\n<h3 style=\"text-align: center;\">Evolution des nouveaux cas de Covid-19\u00a0en Inde, par mois.<\/h3>\n<div style=\"text-align:center\">\n<figure class=\"image\" style=\"display:inline-block\"><a class=\"fancy\" href=\"https:\/\/img-3.journaldesfemmes.fr\/DkIlwxXIHGijRPA3m5j1z9sSDIs=\/1080x\/smart\/d9561758659d40f6bf00d7c08892f048\/ccmcms-jdf\/19034007.jpg\"><img decoding=\"async\" alt=\"courbe covid inde\" src=\"https:\/\/img-3.journaldesfemmes.fr\/GGAPDHQcacYGcre1ZZlioyjwv9w=\/600x\/smart\/d9561758659d40f6bf00d7c08892f048\/ccmcms-jdf\/19034007.jpg\"\/><\/a><figcaption data-credit=\"John Hopkins University\" data-legend=\"Evolution des nouveaux cas de Covid-19 en Inde\">Evolution des nouveaux cas de Covid-19 en Inde <small>\u00a9\u00a0John Hopkins University<\/small><\/figcaption><\/figure>\n<\/div>\n<p>L&rsquo;Italie a \u00e9t\u00e9 un des premiers pays d&rsquo;Europe les plus touch\u00e9s par le virus Sars-CoV-2. Le pays avait \u00e9t\u00e9 confin\u00e9 d\u00e8s le 9 mars et le pic de l&rsquo;\u00e9pid\u00e9mie atteint le 5 avril. Aujourd&rsquo;hui, l&rsquo;\u00e9pid\u00e9mie repart comme d&rsquo;autres voisins europ\u00e9ens et le pays d\u00e9cide le 7 octobre de rendre <strong>obligatoire le port du masque partout en ext\u00e9rieur<\/strong>. Les<strong> enfants \u00e0 partir de 6\u00a0ans <\/strong>sont oblig\u00e9s d&rsquo;\u00eatre <strong>masqu\u00e9s\u00a0\u00e0 l&rsquo;\u00e9cole<\/strong> (11\u00a0ans en France).\u00a0Le nombre de nouveaux cas de coronavirus est moindre qu&rsquo;en France, Espagne ou Grande-Bretagne mais le gouvernement a d\u00e9cid\u00e9 <strong>de prolonger jusqu&rsquo;au 31\u00a0janvier l&rsquo;\u00e9tat d&rsquo;urgence sanitaire<\/strong> d\u00e9cr\u00e9t\u00e9 face \u00e0 l&rsquo;\u00e9pid\u00e9mie de COVID-19, qui a fait plus de 36.000\u00a0morts dans le pays.\u00a0Dans les <strong>restaurants<\/strong>, une <strong>prise de temp\u00e9rature <\/strong>a syst\u00e9matiquement lieu \u00e0 l&rsquo;entr\u00e9e et les clients doivent d\u00e9clarer leur identit\u00e9. Les capacit\u00e9s d&rsquo;accueil dans les transports communs ont aussi \u00e9t\u00e9 r\u00e9duites (\u00e0 20 ou 50% selon les lignes).<\/p>\n<ul>\n<li>Le S\u00e9nat italien a prolong\u00e9<strong>\u00a0jusqu&rsquo;au 15\u00a0octobre <\/strong>l&rsquo;\u00e9tat d&rsquo;urgence sanitaire.<\/li>\n<li>Les voyageurs en provenance d&rsquo;un pays de l&rsquo;Union europ\u00e9enne, de l&rsquo;espace Schengen, du Royaume-Uni, de l&rsquo;Irlande du Nord, d&rsquo;Andorre, de Monaco, de Saint-Marin et du Vatican\u00a0peuvent circuler librement en Italie (y compris pour du tourisme) et ne sont plus soumis \u00e0 une quarantaine (sauf ceux venant de Croatie, Gr\u00e8ce, Malte et Espagne au cours des 14\u00a0derniers jours).<\/li>\n<\/ul>\n<p>Les Etats-Unis sont le<strong> pays le plus lourdement affect\u00e9 au monde <\/strong>par la pand\u00e9mie de coronavirus en chiffres absolus (cas et d\u00e9c\u00e8s) mais une <strong>diminution du nombre de cas et des hospitalisations<\/strong> continue d&rsquo;\u00eatre\u00a0observ\u00e9e dans le pays, rapporte Sant\u00e9 Publique France le 1er octobre. A date, plus de 7.6 millions de personnes ont \u00e9t\u00e9 contamin\u00e9es et 212\u00a0000 en sont mortes, soit environ 600 morts pour un million d&rsquo;habitants ce qui place le pays au dixi\u00e8me rang des plus touch\u00e9s par la pand\u00e9mie. Le pays compte environ 40 000 nouveaux cas de Covid-19 par semaine avec des disparit\u00e9s selon les \u00e9tats. Le premier cas de Covid-19 a \u00e9t\u00e9 rapport\u00e9 le 22 janvier 2020. D&rsquo;une mani\u00e8re g\u00e9n\u00e9rale, il est pr\u00e9f\u00e9rable, dans toute la mesure du possible, de <strong>diff\u00e9rer les d\u00e9placements <\/strong>pr\u00e9vus aux \u00c9tats-Unis (<strong>y compris les croisi\u00e8res<\/strong>).<\/p>\n<ul>\n<li>\u00a0les voyageurs \u00e2g\u00e9s de 11\u00a0 ans ou plus au d\u00e9part des Etats-Unis doivent pr\u00e9senter, depuis le 1er ao\u00fbt, le r\u00e9sultat d&rsquo;un test PCR r\u00e9alis\u00e9 moins de 72\u00a0heures avant le vol ne concluant pas \u00e0 une contamination par le covid-19.<\/li>\n<\/ul>\n<h3 style=\"text-align: center;\">Evolution des nouveaux cas de Covid-19\u00a0aux Etats-Unis, par mois.<\/h3>\n<div style=\"text-align:center\">\n<figure class=\"image\" style=\"display:inline-block\"><a class=\"fancy\" href=\"https:\/\/img-3.journaldesfemmes.fr\/NPtHOPEjiPVWzalNSY7-SbTE1Ew=\/1080x\/smart\/1df903fe9942468eb21fb88924093c6c\/ccmcms-jdf\/19034025.jpg\"><img decoding=\"async\" alt=\"courbe covid usa\" src=\"https:\/\/img-3.journaldesfemmes.fr\/dOoU6hifTARjHVdfEyfrNw5S58o=\/600x\/smart\/1df903fe9942468eb21fb88924093c6c\/ccmcms-jdf\/19034025.jpg\"\/><\/a><figcaption data-credit=\"John Hopkins University\" data-legend=\"Evolution des nouveaux cas de Covid-19 aux Etats-Unis\">Evolution des nouveaux cas de Covid-19 aux Etats-Unis <small>\u00a9\u00a0John Hopkins University<\/small><\/figcaption><\/figure>\n<\/div>\n<aside id=\"NL_1085427322\" class=\"newsletter_subscription jNlBlock\"><noscript><br \/>\n            <\/noscript><\/p>\n<h3 class=\"newsletter_subscription-title\">Newsletter <\/h3>\n<p><a href=\"\/\/mailing.ccmbg.com\/archive\/last-85\" target=\"_blank\" class=\"a_hover\" rel=\"noopener noreferrer\">Voir un exemple<\/a><\/p>\n<\/aside>\n<p>Depuis le 1er juillet, <strong>l&rsquo;Union europ\u00e9enne a rouvert ses fronti\u00e8res \u00e0 15\u00a0pays hors de l&rsquo;Europe<\/strong>, n\u00e9anmoins sous certaines conditions sanitaires.<\/p>\n<table border=\"1\" cellpadding=\"1\" cellspacing=\"1\">\n<thead>\n<tr>\n<th scope=\"col\" style=\"text-align: center;\"><strong>DATES CL\u00c9S DE L&rsquo;\u00c9PID\u00c9MIE DANS LE MONDE<\/strong><\/th>\n<\/tr>\n<tr>\n<td>\n<ul>\n<li><strong>Le 31\u00a0d\u00e9cembre 2019,<\/strong> l&rsquo;Organisation mondiale de la Sant\u00e9 en Chine est inform\u00e9e de plusieurs cas de pneumonies dans la ville de Wuhan. 44\u00a0personnes sont infect\u00e9es entre cette date et le 3\u00a0janvier 2020.<\/li>\n<li><strong>Le 7\u00a0janvier 2020, <\/strong>les autorit\u00e9s chinoises identifient un \u00ab\u00a0nouveau type de coronavirus\u00a0\u00bb.<\/li>\n<li><strong>Le 13\u00a0janvier, <\/strong>un cas import\u00e9 est recens\u00e9 en Tha\u00eflande.<\/li>\n<li><strong>Le 15\u00a0janvier<\/strong>, le virus cause\u00a0la mort d&rsquo;<strong>une premi\u00e8re\u00a0personne \u00e0 Wuhan<\/strong>, un homme de 69\u00a0ans.\u00a0<\/li>\n<li><strong>Le 23\u00a0janvier,<\/strong> trois villes chinoises dont Wuhan sont plac\u00e9es en quarantaine.<\/li>\n<li><strong>Le 25\u00a0janvier, trois personnes\u00a0contamin\u00e9es sont recens\u00e9es en France<\/strong>, deux \u00e0 Paris et une Bordeaux. Ce sont les premiers cas enregistr\u00e9s sur le continent europ\u00e9en.<\/li>\n<li><strong>Le 30\u00a0janvier, <\/strong>l&rsquo;Organisation mondiale de la Sant\u00e9 <strong>d\u00e9cr\u00e8te\u00a0l&rsquo;<a href=\"https:\/\/sante.journaldesfemmes.fr\/fiches-maladies\/2608035-urgence-de-sante-publique-de-portee-internationale-definition-oms-coronavirus\/\" target=\"_blank\" rel=\"noopener noreferrer\">urgence de sant\u00e9 mondiale<\/a><\/strong>.\u00a0Cette mesure n&rsquo;avait \u00e9t\u00e9 d\u00e9cr\u00e9t\u00e9e que 5\u00a0fois depuis sa cr\u00e9ation (pour Ebola (deux fois), la grippe H1N1, Zika et la poliomy\u00e9lite).\u00a0<\/li>\n<li><strong>Le 11\u00a0mars, <\/strong>l&rsquo;OMS classifie de <strong>pand\u00e9mie <\/strong>la diffusion de la maladie \u00e0 coronavirus Covid-19\u00a0dans le monde.<\/li>\n<li><strong>Le 13\u00a0mars<\/strong>, l&rsquo;OMS d\u00e9signe d\u00e9sormais l&rsquo;Europe comme \u00e9picentre.<\/li>\n<li><strong>Le 16\u00a0mars, <\/strong>l&rsquo;Europe <a href=\"https:\/\/www.affinite.fr\/index.php\/2022\/10\/22\/la-creme-glacee-la-nouvelle-culture-commerciale\/\">ferme<\/a> ses fronti\u00e8res ainsi que celles de l&rsquo;espace Schengen. La France met en place un dispositif de confinement interdisant les d\u00e9placements.<\/li>\n<li><strong>Le 2\u00a0avril,<\/strong>\u00a0le <strong>million de cas<\/strong> de coronavirus dans le monde est d\u00e9pass\u00e9, et plus de 51.000\u00a0morts, selon le d\u00e9compte de l&rsquo;h\u00f4pital am\u00e9ricain de r\u00e9f\u00e9rence Johns-Hopkins.<\/li>\n<li><strong>Le 28\u00a0juin,<\/strong> le cap des<strong> 10\u00a0millions de cas <\/strong>de coronavirus est franchi\u00a0dans le monde, et les\u00a0<strong>500\u00a0000\u00a0d\u00e9c\u00e8s <\/strong>ont \u00e9t\u00e9 atteints dans la nuit du 28\u00a0au 29\u00a0juin 2020, selon les chiffres de l&rsquo;h\u00f4pital am\u00e9ricain de r\u00e9f\u00e9rence Johns-Hopkins.<\/li>\n<li><strong>Le 11\u00a0ao\u00fbt<\/strong>,\u00a0le cap des<strong>\u00a020\u00a0millions de cas <\/strong>de coronavirus est franchi\u00a0dans le monde, et les <strong>730\u00a0000\u00a0d\u00e9c\u00e8s <\/strong>ont \u00e9t\u00e9 atteints, selon les chiffres de l&rsquo;h\u00f4pital am\u00e9ricain de r\u00e9f\u00e9rence Johns-Hopkins.<\/li>\n<li><strong>Le 30\u00a0ao\u00fbt, <\/strong>le cap\u00a0des <strong>25\u00a0millions de cas<\/strong> de\u00a0Covid-19\u00a0a \u00e9t\u00e9 officiellement franchi \u00e0 travers le monde dans la nuit de samedi \u00e0\u00a0dimanche, dont plus de la moiti\u00e9 en Am\u00e9rique, selon un comptage r\u00e9alis\u00e9\u00a0par l&rsquo;AFP.<\/li>\n<li><strong>Le 18\u00a0septembre<\/strong>, le cap des <strong>30\u00a0millions de cas<\/strong> de coronavirus est franchi dans le monde, et 947\u00a0000\u00a0d\u00e9c\u00e8s sont d\u00e9clar\u00e9s, selon les chiffres de l&rsquo;h\u00f4pital am\u00e9ricain de r\u00e9f\u00e9rence Johns-Hopkins.<\/li>\n<li><strong>Au 1er octobre<\/strong>, le cap du million de morts du Covid-19 dans le monde est franchi.<\/li>\n<li><strong>Le 3 octobre<\/strong>, l&rsquo;Inde compte plus de 100\u00a0000 morts du Covid-19<\/li>\n<\/ul>\n<\/td>\n<\/tr>\n<\/thead>\n<\/table>\n<p><u>Sources :<\/u><\/p>\n<p>&#8211;\u00a0<a href=\"https:\/\/systems.jhu.edu\/research\/public-health\/ncov\/\" target=\"_blank\" rel=\"noopener noreferrer\">Universit\u00e9 John Hopkins<\/a><\/p>\n<p>&#8211;\u00a0<a href=\"https:\/\/www.ecdc.europa.eu\/en\/covid-19-pandemic\" target=\"_blank\" rel=\"noopener noreferrer\">ECDC<\/a><\/p>\n<p>&#8211; Flamb\u00e9e de maladie \u00e0 coronavirus 2019 ( Covid-19), <a href=\"https:\/\/www.who.int\/fr\/emergencies\/diseases\/novel-coronavirus-2019\" target=\"_blank\" rel=\"noopener noreferrer\">OMS\u00a0<\/a><\/p>\n<\/p><\/div>\n<p>[ad_2]<br \/>\n<br \/><a href=\"https:\/\/sante.journaldesfemmes.fr\/fiches-maladies\/2657799-coronavirus-monde-mort-carte-nombre-de-cas-tableau-etats-unis-espagne-italie-madrid\/\">Source link <\/a><\/p>\n","protected":false},"excerpt":{"rendered":"<p>[ad_1] Madrid \u00e0 nouveau en \u00e9tat d&rsquo;urgence, masque obligatoire en Italie, la R\u00e9publique Tch\u00e8que sur liste noire&#8230; Face \u00e0 la &hellip; <a href=\"https:\/\/www.affinite.fr\/index.php\/2020\/10\/09\/madrid-en-etat-durgence-masque-obligatoire-en-italie\/\" class=\"more-link\">Plus <span class=\"screen-reader-text\">Madrid en \u00e9tat d&rsquo;urgence, masque obligatoire en Italie<\/span> <span class=\"meta-nav\">&rarr;<\/span><\/a><\/p>\n","protected":false},"author":1,"featured_media":5351,"comment_status":"open","ping_status":"open","sticky":false,"template":"","format":"standard","meta":{"_sitemap_exclude":false,"_sitemap_priority":"","_sitemap_frequency":"","footnotes":""},"categories":[1],"tags":[],"class_list":["post-5350","post","type-post","status-publish","format-standard","has-post-thumbnail","hentry","category-tous"],"_links":{"self":[{"href":"https:\/\/www.affinite.fr\/index.php\/wp-json\/wp\/v2\/posts\/5350"}],"collection":[{"href":"https:\/\/www.affinite.fr\/index.php\/wp-json\/wp\/v2\/posts"}],"about":[{"href":"https:\/\/www.affinite.fr\/index.php\/wp-json\/wp\/v2\/types\/post"}],"author":[{"embeddable":true,"href":"https:\/\/www.affinite.fr\/index.php\/wp-json\/wp\/v2\/users\/1"}],"replies":[{"embeddable":true,"href":"https:\/\/www.affinite.fr\/index.php\/wp-json\/wp\/v2\/comments?post=5350"}],"version-history":[{"count":0,"href":"https:\/\/www.affinite.fr\/index.php\/wp-json\/wp\/v2\/posts\/5350\/revisions"}],"wp:featuredmedia":[{"embeddable":true,"href":"https:\/\/www.affinite.fr\/index.php\/wp-json\/wp\/v2\/media\/5351"}],"wp:attachment":[{"href":"https:\/\/www.affinite.fr\/index.php\/wp-json\/wp\/v2\/media?parent=5350"}],"wp:term":[{"taxonomy":"category","embeddable":true,"href":"https:\/\/www.affinite.fr\/index.php\/wp-json\/wp\/v2\/categories?post=5350"},{"taxonomy":"post_tag","embeddable":true,"href":"https:\/\/www.affinite.fr\/index.php\/wp-json\/wp\/v2\/tags?post=5350"}],"curies":[{"name":"wp","href":"https:\/\/api.w.org\/{rel}","templated":true}]}}