{"id":5340,"date":"2020-10-07T17:24:55","date_gmt":"2020-10-07T17:24:55","guid":{"rendered":"https:\/\/www.affinite.fr\/index.php\/2020\/10\/07\/gestes-barrieres-covid-19-distanciation-sociale-hygiene-entreprise\/"},"modified":"2020-10-07T17:24:55","modified_gmt":"2020-10-07T17:24:55","slug":"gestes-barrieres-covid-19-distanciation-sociale-hygiene-entreprise","status":"publish","type":"post","link":"https:\/\/www.affinite.fr\/index.php\/2020\/10\/07\/gestes-barrieres-covid-19-distanciation-sociale-hygiene-entreprise\/","title":{"rendered":"Gestes barri\u00e8res Covid-19\u00a0: distanciation sociale, hygi\u00e8ne, entreprise"},"content":{"rendered":"<p> [ad_1]<br \/>\n<\/p>\n<p>\n                L&rsquo;\u00e9pid\u00e9mie de coronavirus repart en France depuis le mois de septembre. Toujours sans traitement ni vaccin, les autorit\u00e9s insistent sur l&rsquo;importance gestes barri\u00e8res pour se prot\u00e9ger du virus (distanciation, lavage des mains&#8230;). Rappel des essentiels.            <\/p>\n<div>\n<aside class=\"ccmsummary marqueur_module ccmcss_cms_summary ccmcss_cms_summary--right\">\n<p>Sommaire<\/p>\n<\/aside>\n<p><strong>[Mis \u00e0 jour le mercredi 7 octobre\u00a0\u00e0 18h13] <\/strong>La circulation du <strong>coronavirus <\/strong>est en hausse en France<em>. \u00a0\u00bb\u00a0En l&rsquo;absence de traitement curatif et de vaccin, il parait indispensable de renforcer les actions de pr\u00e9vention comprenant les <strong>mesures d&rsquo;hygi\u00e8ne<\/strong>, de <strong>distance physique,<\/strong> la<strong> r\u00e9duction des contacts <\/strong>(sans embrassade, sans serrer les mains) ainsi que le port appropri\u00e9 du masque\u00a0\u00bb<\/em> rappelle <a href=\"https:\/\/www.santepubliquefrance.fr\/dossiers\/coronavirus-covid-19\" target=\"_blank\" rel=\"noopener noreferrer\">Sant\u00e9 Publique France<\/a>.\u00a0<\/p>\n<p>\u00ab\u00a0<a href=\"https:\/\/sante.journaldesfemmes.fr\/quotidien\/1152946-lavage-des-mains-importance-comment-quand-chanson-duree\/\" style=\"font-style: italic;\" target=\"_blank\" rel=\"noopener noreferrer\">Bien se laver les mains<\/a><i>\u00a0(avec du savon et de l&rsquo;eau) minimise le risque d&rsquo;\u00eatre contamin\u00e9\u00a0apr\u00e8s avoir\u00a0touch\u00e9\u00a0une surface qui a \u00e9t\u00e9 pr\u00e9alablement contamin\u00e9e par une personne malade, puis de se toucher le visage, la bouche ou les yeux<\/i>\u00ab\u00a0, explique le Dr Pierre Parneix, m\u00e9decin hygi\u00e9niste. Selon les <a href=\"http:\/\/file:\/\/\/C:\/Users\/ablaize\/Downloads\/hcspa20200424_corsarcovmesdesanpubenpopgnr.pdf\" target=\"_blank\" rel=\"noopener noreferrer\">recommandations du\u00a0HCSP<\/a> :<\/p>\n<p><strong>Le lavage des mains doit se faire plusieurs fois par jour \u00e0 l&rsquo;eau et au savon pendant 30\u00a0secondes puis il faut les s\u00e9cher avec une serviette propre ou \u00e0 l&rsquo;air libre. Il faut se laver les mains<\/strong>\u00a0<strong>apr\u00e8s toute manipulation d&rsquo;un masque<\/strong> (tout type de masque), avant de pr\u00e9parer les repas, de les servir et de manger et avant de sortir de chez soi, apr\u00e8s\u00a0s&rsquo;\u00eatre mouch\u00e9, avoir touss\u00e9 ou \u00e9ternu\u00e9, avoir rendu visite \u00e0 une personne malade, chaque sortie \u00e0 l&rsquo;ext\u00e9rieur, avoir pris les transports en commun (ou partag\u00e9s), \u00eatre all\u00e9 aux toilettes, avoir touch\u00e9 aux parties communes d&rsquo;un immeuble.\u00a0<\/p>\n<p>L&rsquo;usage du gel hydro-alcoolique s&rsquo;est largement r\u00e9pandu depuis la pand\u00e9mie de Covid-19 en France. Dans les entreprises mais aussi dans les magasins et centres commerciaux. La friction\u00a0avec du gel hydro-alcoolique est toujours recommand\u00e9e par les autorit\u00e9s de sant\u00e9, notamment chez les enfants \u00e0 l&rsquo;\u00e9cole qui n&rsquo;ont pas toujours \u00e0 disposition un point d&rsquo;eau avec du savon. Pour \u00eatre efficace, il faut avoir les mains visuellement propres et respecter les<strong> 6\u00a0\u00e9tapes<\/strong> :\u00a0<strong>paume contre paume\/dos des mains\/entre les doigts\/les dos des doigts\/les pouces\/le bout des doigts et des ongles<\/strong>. Il faut se laver les mains plusieurs fois par jour. Le produit doit contenir au moins\u00a060% d&rsquo;alcool et r\u00e9pondre \u00e0 la norme NF EN 14\u00a0476.<\/p>\n<p>Partout<em> \u00ab\u00a0en tout lieu et en toute circonstance\u00a0\u00bb<\/em> indique le gouvernement dans le d\u00e9cret du 10 juillet. <em>\u00ab\u00a0Il\u00a0faut observer une distance de s\u00e9curit\u00e9 d&rsquo;<strong>un m\u00e8tre entre les personnes<\/strong>.\u00a0C&rsquo;est la distance qui permet de ne pas \u00eatre touch\u00e9 par les gouttelettes du nez ou de la bouche susceptibles de contenir le virus\u00a0\u00bb<\/em> insiste le Dr Pierre Parneix.\u00a0Les<strong> masques doivent \u00eatre port\u00e9s syst\u00e9matiquement par tous d\u00e8s lors que les r\u00e8gles de distanciation physique ne peuvent \u00eatre garanties<\/strong>. Le\u00a0sp\u00e9cialiste recommande en plus de <em>\u00ab\u00a0<strong>tourner le dos<\/strong> \u00e0 la personne malade, afin que les s\u00e9cr\u00e9tions aient moins de risque de toucher le visage\u00a0\u00bb. <\/em>Ces mesures de distanciation passent aussi par :<\/p>\n<div style=\"text-align:center\">\n<figure class=\"image\" style=\"display:inline-block\"><a class=\"fancy\" href=\"https:\/\/img-3.journaldesfemmes.fr\/5cm-3IhNX2EP-vQwhYum1GSbO7w=\/1080x\/smart\/0759d8bee11843859ab285dff1184be8\/ccmcms-jdf\/15591786.jpg\"><img decoding=\"async\" alt=\"distance sociale coronavirus\" src=\"https:\/\/img-3.journaldesfemmes.fr\/kWMmafVWw2sVKCmB09MpSg59MD4=\/450x\/smart\/0759d8bee11843859ab285dff1184be8\/ccmcms-jdf\/15591786.jpg\"\/><\/a><figcaption data-credit=\"Minist\u00e8re de la Sant\u00e9\" data-legend=\"Respecter la distanciation sociale pour faire barrage au coronavirus.\">Respecter la distanciation sociale pour faire barrage au coronavirus. <small>\u00a9\u00a0Minist\u00e8re de la Sant\u00e9<\/small><\/figcaption><\/figure>\n<\/div>\n<ul>\n<li>ne pas se serrer la main,<\/li>\n<li>ne pas s&#8217;embrasser,<\/li>\n<li>ne pas se donner d&rsquo;accolades,<\/li>\n<\/ul>\n<ul>\n<li>Eviter de se serrer la main ou de se faire la bise pour se saluer.<\/li>\n<li>\u00c9viter de se toucher la bouche, le nez et les yeux\u00a0: nez, yeux et bouches sont autant de \u00ab\u00a0portes d&rsquo;entr\u00e9es\u00a0\u00bb possibles au virus. En p\u00e9riode d&rsquo;\u00e9pid\u00e9mie, il est pr\u00e9f\u00e9rable d&rsquo;\u00e9viter au maximum de se toucher le visage avec les mains, potentiellement contamin\u00e9es.<\/li>\n<li>Se couvrir la bouche et le nez avec le pli du coude ou avec un mouchoir en cas de toux ou d&rsquo;\u00e9ternuement \u2013 jeter le mouchoir imm\u00e9diatement apr\u00e8s dans une poubelle ferm\u00e9e et se laver les mains avec une solution hydroalcoolique ou \u00e0 l&rsquo;eau et au savon.\u00a0Se couvrir la bouche et le nez en cas de toux ou d&rsquo;\u00e9ternuement permet d&rsquo;\u00e9viter la propagation des virus et autres agents pathog\u00e8nes.<\/li>\n<\/ul>\n<div style=\"text-align:center\">\n<figure class=\"image\" style=\"display:inline-block\"><a class=\"fancy\" href=\"https:\/\/img-3.journaldesfemmes.fr\/P04Bn1MHYJE6ooO4RjlbT5IQ-k8=\/1080x\/smart\/442269bf51664967835888e7946b6f27\/ccmcms-jdf\/15591695.jpg\" target=\"_blank\" rel=\"noopener noreferrer\"><img decoding=\"async\" alt=\"affiche geste barri\u00e8re coronavirus\" src=\"https:\/\/img-3.journaldesfemmes.fr\/jUoErYUfajTh2Odo6rvXLBx3IOs=\/300x\/smart\/442269bf51664967835888e7946b6f27\/ccmcms-jdf\/15591695.jpg\"\/><\/a><figcaption data-credit=\"Sant\u00e9 Publique France\" data-legend=\"Affiche des gestes barri\u00e8res \u00e0 appliquer pendant l'\u00e9pid\u00e9mie de coronavirus.\">Affiche des gestes barri\u00e8res \u00e0 appliquer pendant l&rsquo;\u00e9pid\u00e9mie de coronavirus. <small>\u00a9\u00a0Sant\u00e9 Publique France<\/small><\/figcaption><\/figure>\n<\/div>\n<blockquote>\n<p>Le masque ne remplace pas les gestes barri\u00e8res.\u00a0<\/p>\n<\/blockquote>\n<p>Depuis le 20 juillet, le port du masque grand public est obligatoire en France dans les lieux publics ferm\u00e9s, <strong>pour les plus de 11 ans<\/strong>, en compl\u00e9ment des gestes barri\u00e8res, selon un <a href=\"https:\/\/solidarites-sante.gouv.fr\/soins-et-maladies\/maladies\/maladies-infectieuses\/coronavirus\/tout-savoir-sur-la-covid-19\/article\/port-du-masque-grand-public-obligatoire-en-lieux-clos-faq#:~:text=%C3%80%20compter%20du%2020%20juillet,l'application%20des%20gestes%20barri%C3%A8res.\" target=\"_blank\" rel=\"noopener noreferrer\">communiqu\u00e9<\/a>\u00a0publi\u00e9 par le\u00a0minist\u00e8re de la Sant\u00e9 le 19 juillet. Le masque ne remplace pas les gestes barri\u00e8res. Il ajoute une barri\u00e8re physique lorsque vous \u00eates en contact avec d&rsquo;autres personnes.<\/p>\n<div style=\"text-align:center\">\n<figure class=\"image\" style=\"display:inline-block\"><a class=\"fancy\" href=\"https:\/\/img-3.journaldesfemmes.fr\/It1RJdoHIDd-kvll_1zkggumf10=\/1080x\/smart\/0c61b13d5b1f416d84ed147d5a530c36\/ccmcms-jdf\/19164506.jpg\"><img decoding=\"async\" alt=\"masque coronavirus geste barri\u00e8re\" src=\"https:\/\/img-3.journaldesfemmes.fr\/hYgZmP2XvZnhvmOomem6FKyc2Yc=\/600x\/smart\/0c61b13d5b1f416d84ed147d5a530c36\/ccmcms-jdf\/19164506.jpg\"\/><\/a><figcaption data-credit=\"Minist\u00e8re de la Sant\u00e9\" data-legend=\"Niveau de protection du masque contre le coronavirus\">Niveau de protection du masque contre le coronavirus <small>\u00a9\u00a0Minist\u00e8re de la Sant\u00e9<\/small><\/figcaption><\/figure>\n<\/div>\n<div class=\"ccminsert\">\n<aside class=\"app_widget_fo app_widget_fo--call\">\n<ul>\n<li>\n                <a href=\"https:\/\/sante.journaldesfemmes.fr\/fiches-maladies\/2651345-port-masque-obligatoire-coronavirus-covid-entreprise-magasin-creche-age-dans-quelles-villes-paris-bureau-ile-de-france-rue-amende\/\" class=\"jGTMWidgetGAEventClick\" data-gtmwidgetgaeventaction=\"clickWidgetCall\" data-gtmwidgetgaeventlabel=\"Masque obligatoire\u00a0: entreprise, magasin, cr\u00e8che, o\u00f9 en France, \u00e2ge\u00a0?\"><\/p>\n<figure><picture><source media=\"(max-width: 480px)\" srcset=\"https:\/\/img-3.journaldesfemmes.fr\/Rs-fnwkzCC8PhhNmNyY_WRdmVd4=\/160x105\/smart\/d26f3e7d94774662b12d8931a58f0d03\/ccmcms-jdf\/18706400.jpg\"><img decoding=\"async\" src=\"https:\/\/img-3.journaldesfemmes.fr\/QTPN6wSJpuwNNCmNf4Wrfv898ws=\/200x132\/smart\/d26f3e7d94774662b12d8931a58f0d03\/ccmcms-jdf\/18706400.jpg\" alt=\"\"\/><\/source><\/picture><figcaption>\n<h3>Masque obligatoire\u00a0: entreprise, magasin, cr\u00e8che, o\u00f9 en France, \u00e2ge\u00a0?<\/h3>\n<p>Le port du masque de protection contre le coronavirus est obligatoire quasiment partout en France\u00a0: au bureau, au restaurant, dans les magasins, dans la rue de nombreuses villes et maintenant dans les cr\u00e8ches. Liste des lieux et villes o\u00f9 il faut absolument le porter, affiches, \u00e2ge, amende&#8230; Tout savoir.<\/p>\n<\/figcaption><\/figure>\n<p><\/a>\n            <\/li>\n<\/ul>\n<\/aside>\n<\/div>\n<p><em>\u00ab\u00a0Non,<\/em> r\u00e9pond l&rsquo;<a href=\"https:\/\/www.who.int\/fr\/emergencies\/diseases\/novel-coronavirus-2019\/advice-for-public\" target=\"_blank\" rel=\"noopener noreferrer\">Organisation mondiale de la Sant\u00e9<\/a>. <em>Le fait de se laver les mains r\u00e9guli\u00e8rement prot\u00e8ge mieux contre la COVID-19\u00a0que le port de gants en caoutchouc. Le virus peut se trouver sur les gants et il y a un risque de contamination si vous vous touchez le visage avec les gants.\u00a0\u00bb<\/em>\u00a0 Les gants peuvent servir de support au virus apr\u00e8s souillage par des gouttelettes (les s\u00e9cr\u00e9tions respiratoires qu&rsquo;on \u00e9met quand on tousse, \u00e9ternue, ou discute), qui sont le moyen de transmission du coronavirus.\u00a0<\/p>\n<p><strong>En cas de port de gants :<\/strong><\/p>\n<ul>\n<li>Ne pas se porter les mains gant\u00e9es au visage.<\/li>\n<li>\u00d4ter ses gants en faisant attention de ne pas toucher sa peau avec la partie ext\u00e9rieure du gant.<\/li>\n<li>Jeter ses gants dans une poubelle apr\u00e8s chaque utilisation.<\/li>\n<li>Se laver les mains ou r\u00e9aliser une friction hydro-alcoolique apr\u00e8s avoir \u00f4t\u00e9 ses gants.<\/li>\n<\/ul>\n<p>Pour r\u00e9duire le risque de contamination par le coronavirus, il faut d\u00e9sinfecter.<em> \u00ab\u00a0Les produits de nettoyage et d\u00e9sinfectants couramment utilis\u00e9s (eau de Javel, \u00e9thanol 70%&#8230;) sont efficaces contre le COVID-19\u00a0\u00bb, <\/em>peut-on lire sur le <a href=\"https:\/\/www.gouvernement.fr\/info-coronavirus\" target=\"_blank\" rel=\"noopener noreferrer\">site du gouvernement<\/a>.<\/p>\n<p>\u2022<strong> En plus du nettoyage r\u00e9gulier, les surfaces qui sont fr\u00e9quemment touch\u00e9es avec les mains doivent \u00eatre nettoy\u00e9es et d\u00e9sinfect\u00e9es deux fois par jour\u00a0:<\/strong>\u00a0les poign\u00e9es de porte, les interrupteurs d&rsquo;\u00e9clairage, les poign\u00e9es de toilettes, les rampes d&rsquo;escaliers, les\u00a0surfaces d&rsquo;\u00e9cran tactile et les claviers par exemple.<\/p>\n<p>Les restaurants ont \u00e9galement d\u00fb s&rsquo;adapter avec la crise du coronavirus pour recevoir leur client\u00e8le. A compter du\u00a05 octobre, les restaurants de Paris (et de la petite couronne) et d&rsquo;Aix-Marseille doivent respecter un protocole sanitaire renforc\u00e9.<\/p>\n<p>Les commerces \u00e9tant des lieux de proximit\u00e9, il faut faire preuve d&rsquo;une grande vigilance et ne s&rsquo;y rendre qu&rsquo;en cas de n\u00e9cessit\u00e9. Les consignes sont les suivantes :<\/p>\n<ul>\n<li>la distanciation physique de 1\u00a0m\u00e8tre entre chaque personne doit \u00eatre respect\u00e9e ;<\/li>\n<li>le personnel doit \u00eatre prot\u00e9g\u00e9 ;<\/li>\n<li>le port du masque obligatoire pour les plus de 11 ans.<\/li>\n<li>les march\u00e9s de plein air et halles couvertes rouvrent si les distances de s\u00e9curit\u00e9 entre les consommateurs sont garanties.\u00a0<\/li>\n<\/ul>\n<h3><a id=\"gestes-barriere-coiffure-domicile\" name=\"gestes-barriere-coiffure-domicile\" target=\"_blank\" rel=\"noopener noreferrer\">Chez le coiffeur<\/a><\/h3>\n<ul>\n<li>Suppression des magazines et collations.<\/li>\n<li>Les clients doivent venir seuls, ou pour accompagner un enfant.<\/li>\n<li>Seuls les clients qui se font coiffer ou qui ach\u00e8tent un produit peuvent rester dans le salon.<\/li>\n<li>Chaque nouveau client entrant dans le salon doit\u00a0utiliser du gel hydroalcoolique mis \u00e0 disposition \u00e0 l&rsquo;entr\u00e9e du salon et \u00eatre muni d&rsquo;un masque.<\/li>\n<li>La mise en place d&rsquo;un vestiaire est \u00e0 bannir : il faut id\u00e9alement laisser\u00a0laisser ses\u00a0v\u00eatements dans la voiture, le sac\u00a0ou sur leurs genoux sous le peignoir. En cas de vestiaire exceptionnel, les v\u00eatements devront \u00eatre isol\u00e9s les uns des autres.<\/li>\n<li>Eviter au maximum les contacts trop proches en face \u00e0 face avec les clients, \u00e9viter de leur toucher le visage et privil\u00e9gier les conversations via le miroir.<\/li>\n<li>Le paiement par carte bancaire et sans contact est encourag\u00e9.<\/li>\n<\/ul>\n<p><strong>A domicile :<\/strong> isoler l&rsquo;espace de travail de l&rsquo;ensemble des personnes pr\u00e9sentes sur le lieu, et d\u00e9sinfecter ce dernier comme il se doit (d\u00e9sinfection assur\u00e9e par le professionnel). Obligation de porter un masque norm\u00e9 avec attache derri\u00e8re les oreilles pendant toute la dur\u00e9e de la prestation \u00e0 domicile.\u00a0Accueillir le professionnel en tenant la porte ouverte et en la refermant derri\u00e8re lui \u00e0 l&rsquo;issue de la prestation afin que ce dernier ne touche pas les poign\u00e9es de porte durant sa pr\u00e9sence au domicile. Seul le client devra \u00eatre pr\u00e9sent sur les lieux.<\/p>\n<p>Afin de limiter la propagation du virus en milieu professionnel, le minist\u00e8re du Travail a mis en ligne le 31 ao\u00fbt un <a href=\"https:\/\/travail-emploi.gouv.fr\/IMG\/pdf\/protocole-national-sante-securite-en-entreprise__31_aout_2020.pdf\" target=\"_blank\" rel=\"noopener noreferrer\">nouveau\u00a0protocole<\/a> national pour assurer la sant\u00e9 et la s\u00e9curit\u00e9 des salari\u00e9s en entreprise face \u00e0 l&rsquo;\u00e9pid\u00e9mie de COVID-19, en remplacement de celui publi\u00e9 le 31 juin \u00e0 la sortie du confinement.\u00a0<strong>Depuis le 1er septembre,<\/strong> <strong>le port du masque est obligatoire en entreprise<\/strong>, sauf dans les bureaux individuels et pour certains secteurs d&rsquo;activit\u00e9 (ateliers o\u00f9 il faut faire un effort intense par exemple&#8230;) \u00e0 condition de respecter un ensemble de conditions sanitaires (a\u00e9ration et ventilation suffisante, mise \u00e0 disposition de visi\u00e8res de protection&#8230;).\u00a0<\/p>\n<p>Tous les \u00e9l\u00e8ves ont repris l&rsquo;\u00e9cole le 1er septembre. Le minist\u00e8re de l&rsquo;Education nationale a publi\u00e9 un <a href=\"https:\/\/www.education.gouv.fr\/protocole-sanitaire-des-ecoles-et-etablissements-scolaires-annee-scolaire-2020-2021-305630\" target=\"_blank\" rel=\"noopener noreferrer\">nouveau protocole sanitaire<\/a> en ce sens, pour garantir leur\u00a0s\u00e9curit\u00e9 et celle des\u00a0personnels. Dans ce protocole, le minist\u00e8re rappelle l&rsquo;importance du respect des gestes barri\u00e8res, \u00e0 savoir\u00a0:<\/p>\n<ul>\n<li><strong>le lavage des mains <\/strong>a minima\u00a0\u00e0 l&rsquo;arriv\u00e9e dans l&rsquo;\u00e9cole ou l&rsquo;\u00e9tablissement ; avant chaque repas ; apr\u00e8s \u00eatre all\u00e9 aux toilettes ; le soir avant de rentrer chez soi ou d\u00e8s l&rsquo;arriv\u00e9e au domicile.\u00a0Le lavage des mains aux lavabos peut se r\u00e9aliser sans mesure de distanciation physique.<\/li>\n<li><strong>le masque est obligatoire<\/strong> pour les personnels en pr\u00e9sence des \u00e9l\u00e8ves\u00a0dans les espaces clos et\u00a0ext\u00e9rieurs et pour les \u00e9l\u00e8ves de plus de 11\u00a0ans \u00e0 partir du coll\u00e8ge (en int\u00e9rieur et ext\u00e9rieur).<\/li>\n<li>La<strong> limitation du brassage entre groupes d&rsquo;\u00e9l\u00e8ves n&rsquo;est pas obligatoire<\/strong> mais\u00a0les \u00e9coles doivent limiter, dans la mesure du possible, les regroupements et les croisements importants entre groupes. De m\u00eame, la limitation du brassage dans les transports scolaires n&rsquo;est pas obligatoire. Toutefois, toute personne de 11\u00a0ans ou plus\u00a0porte un masque.<\/li>\n<\/ul>\n<h3>\u2022 <a id=\"gestes-barrieres-covid-maternelle\" name=\"gestes-barrieres-covid-maternelle\" target=\"_blank\" rel=\"noopener noreferrer\">En maternelle<\/a><\/h3>\n<p>Selon le protocole sanitaire du gouvernement concernant les \u00e9coles,\u00a0pour les \u00e9l\u00e8ves de\u00a0maternelle,\u00a0le <strong>port du masque est \u00e0 proscrire<\/strong>. Le lavage des mains doit \u00eatre r\u00e9alis\u00e9\u00a0a minima\u00a0\u00e0 l&rsquo;arriv\u00e9e dans l&rsquo;\u00e9cole ou l&rsquo;\u00e9tablissement ; avant chaque repas ; apr\u00e8s \u00eatre all\u00e9 aux toilettes ; le soir avant de rentrer chez soi ou d\u00e8s l&rsquo;arriv\u00e9e au domicile.\u00a0Le lavage des mains aux lavabos peut se r\u00e9aliser sans mesure de distanciation physique. Il n&rsquo;y a <strong>plus de distanciation physique<\/strong> obligatoire au sein de l&rsquo;\u00e9cole.<\/p>\n<aside id=\"NL_922789158\" class=\"newsletter_subscription jNlBlock\"><noscript><br \/>\n            <\/noscript><\/p>\n<h3 class=\"newsletter_subscription-title\">Newsletter <\/h3>\n<p><a href=\"\/\/mailing.ccmbg.com\/archive\/last-85\" target=\"_blank\" class=\"a_hover\" rel=\"noopener noreferrer\">Voir un exemple<\/a><\/p>\n<\/aside>\n<p>Dans les commerces, les \u00e9coles, sur le lieu de travail&#8230; Les affiches rappelant ces gestes sont\u00a0<a href=\"https:\/\/www.gouvernement.fr\/info-coronavirus\/ressources-a-partager#sub-section-sb1424\" target=\"_blank\" rel=\"noopener noreferrer\">t\u00e9l\u00e9chargeables sur le site de Sant\u00e9 Publique France<\/a>. Elles confirment\u00a0les <strong>mesures diffus\u00e9es par <a href=\"https:\/\/www.who.int\/fr\/emergencies\/diseases\/novel-coronavirus-2019\/advice-for-public\" target=\"_blank\" rel=\"noopener noreferrer\">l&rsquo;OMS<\/a>.\u00a0<\/strong><\/p>\n<p>D\u00e8s la pr\u00e9sence de signes d&rsquo;une possible infection Covid-19\u00a0(toux, essoufflements, fi\u00e8vre, etc.)\u00a0:\u00a0<\/p>\n<ul>\n<li>Rester chez soi ou dans son lieu de confinement, \u00e9viter les sorties et les contacts avec des personnes fragiles, contacter le m\u00e9decin si besoin<\/li>\n<li>Limiter les contacts directs et indirects (via les objets) ;<\/li>\n<li>Porter imp\u00e9rativement un masque grand public d\u00e8s lors que les r\u00e8gles de distanciation physique ne peuvent \u00eatre garanties.<\/li>\n<li>Contacter le m\u00e9decin traitant qui pourra prescrire un test de d\u00e9pistage du Covid-19.<\/li>\n<\/ul>\n<\/div>\n<p>[ad_2]<br \/>\n<br \/><a href=\"https:\/\/sante.journaldesfemmes.fr\/fiches-maladies\/2619739-gestes-barrieres-covid-distanciation-sociale-ecole-maternelle-entreprise-restauration-affiche-hygiene\/\">Source link <\/a><\/p>\n","protected":false},"excerpt":{"rendered":"<p>[ad_1] L&rsquo;\u00e9pid\u00e9mie de coronavirus repart en France depuis le mois de septembre. Toujours sans traitement ni vaccin, les autorit\u00e9s insistent &hellip; <a href=\"https:\/\/www.affinite.fr\/index.php\/2020\/10\/07\/gestes-barrieres-covid-19-distanciation-sociale-hygiene-entreprise\/\" class=\"more-link\">Plus <span class=\"screen-reader-text\">Gestes barri\u00e8res Covid-19\u00a0: distanciation sociale, hygi\u00e8ne, entreprise<\/span> <span class=\"meta-nav\">&rarr;<\/span><\/a><\/p>\n","protected":false},"author":1,"featured_media":5341,"comment_status":"open","ping_status":"open","sticky":false,"template":"","format":"standard","meta":{"_sitemap_exclude":false,"_sitemap_priority":"","_sitemap_frequency":"","footnotes":""},"categories":[1],"tags":[],"class_list":["post-5340","post","type-post","status-publish","format-standard","has-post-thumbnail","hentry","category-tous"],"_links":{"self":[{"href":"https:\/\/www.affinite.fr\/index.php\/wp-json\/wp\/v2\/posts\/5340"}],"collection":[{"href":"https:\/\/www.affinite.fr\/index.php\/wp-json\/wp\/v2\/posts"}],"about":[{"href":"https:\/\/www.affinite.fr\/index.php\/wp-json\/wp\/v2\/types\/post"}],"author":[{"embeddable":true,"href":"https:\/\/www.affinite.fr\/index.php\/wp-json\/wp\/v2\/users\/1"}],"replies":[{"embeddable":true,"href":"https:\/\/www.affinite.fr\/index.php\/wp-json\/wp\/v2\/comments?post=5340"}],"version-history":[{"count":0,"href":"https:\/\/www.affinite.fr\/index.php\/wp-json\/wp\/v2\/posts\/5340\/revisions"}],"wp:featuredmedia":[{"embeddable":true,"href":"https:\/\/www.affinite.fr\/index.php\/wp-json\/wp\/v2\/media\/5341"}],"wp:attachment":[{"href":"https:\/\/www.affinite.fr\/index.php\/wp-json\/wp\/v2\/media?parent=5340"}],"wp:term":[{"taxonomy":"category","embeddable":true,"href":"https:\/\/www.affinite.fr\/index.php\/wp-json\/wp\/v2\/categories?post=5340"},{"taxonomy":"post_tag","embeddable":true,"href":"https:\/\/www.affinite.fr\/index.php\/wp-json\/wp\/v2\/tags?post=5340"}],"curies":[{"name":"wp","href":"https:\/\/api.w.org\/{rel}","templated":true}]}}