{"id":5328,"date":"2020-10-04T17:22:03","date_gmt":"2020-10-04T17:22:03","guid":{"rendered":"https:\/\/www.affinite.fr\/index.php\/2020\/10\/04\/coronavirus-le-createur-de-legende-kenzo-takada-est-decede\/"},"modified":"2020-10-04T17:22:03","modified_gmt":"2020-10-04T17:22:03","slug":"coronavirus-le-createur-de-legende-kenzo-takada-est-decede","status":"publish","type":"post","link":"https:\/\/www.affinite.fr\/index.php\/2020\/10\/04\/coronavirus-le-createur-de-legende-kenzo-takada-est-decede\/","title":{"rendered":"Coronavirus\u00a0:\u00a0le cr\u00e9ateur de l\u00e9gende Kenzo\u00a0Takada\u00a0est\u00a0d\u00e9c\u00e9d\u00e9"},"content":{"rendered":"<p> [ad_1]<br \/>\n<br \/><img decoding=\"async\" src=\"https:\/\/img-3.journaldesfemmes.fr\/H3rmHD0pjzsKK5UdWf7u5EkZNT8=\/1280x\/smart\/4cd250e7b14f483e91c2bfba9a924044\/ccmcms-jdf\/19085802.jpg\" \/><\/p>\n<p>\n                Consid\u00e9r\u00e9 comme l&rsquo;un des pionnier, parmi les cr\u00e9ateurs japonais \u00e0 s&rsquo;\u00eatre install\u00e9 \u00e0 Paris, le cr\u00e9ateur de mode \u00e9tait connu pour sa marque de v\u00eatements, de chaussures et de parfums.\u00a0Il avait 81\u00a0ans.            <\/p>\n<div>\n<p><strong>DISPARITION\u00a0&#8211;<\/strong> Le monde de la mode est endeuill\u00e9. \u00ab\u00a0<em>Kenzo\u00a0Takada\u00a0s&rsquo;est \u00e9teint le dimanche 4\u00a0octobre 2020\u00a0\u00e0 l&rsquo;H\u00f4pital am\u00e9ricain de Neuilly-sur-Seine des suites du\u00a0Covid-19&Prime;,<\/em> a indiqu\u00e9 un porte-parole de la marque Kenzo dans un communiqu\u00e9.\u00a0Il avait 81\u00a0ans.<\/p>\n<p>N\u00e9 le 27\u00a0f\u00e9vrier 1939\u00a0\u00e0\u00a0Himeji\u00a0pr\u00e8s d&rsquo;Osaka, <strong>Kenzo\u00a0Takada<\/strong>\u00a0\u00e9tait le premier styliste japonais \u00e0 s&rsquo;\u00eatre impos\u00e9 \u00e0 Paris, o\u00f9 il a fait toute sa carri\u00e8re et a rendu c\u00e9l\u00e8bre son pr\u00e9nom.\u00a0Il avait \u00e9t\u00e9 fait Chevalier de la L\u00e9gion d&rsquo;honneur en 2016.<\/p>\n<h2><b>Fascin\u00e9 par Paris<\/b><\/h2>\n<p>Lorsqu&rsquo;il arrive en France en 1965, en bateau au port de Marseille, il se dirige vers Paris qui le fascine.\u00a0<strong><em>\u00ab\u00a0Lui qui\u00a0pensait n&rsquo;\u00eatre que de\u00a0passage s&rsquo;y installe d\u00e9finitivement\u00a0\u00bb<\/em><\/strong>, rappelle <a href=\"https:\/\/www.lefigaro.fr\/style\/le-createur-de-la-marque-kenzo-est-mort-du-covid-19-20201004\"><em>Le Figaro<\/em><\/a>, qui s&rsquo;appuie sur l&rsquo;AFP.\u00a0En 1970, il con\u00e7oit dans une boutique de la Galerie Vivienne sa premi\u00e8re collection.\u00a0Mais ce n&rsquo;est qu&rsquo;en 1976\u00a0que le japonais fonde sa marque sous son pr\u00e9nom, apr\u00e8s avoir d\u00e9m\u00e9nag\u00e9 dans un lieu plus grand, place des Victoires.\u00a0<\/p>\n<div class=\"ccminsert\">\n<blockquote class=\"twitter-tweet\">\n<p dir=\"ltr\" lang=\"fr\">Immense tristesse dappendre la disparition de Kenzo. Quel cr\u00e9ateur ! Il avait donn\u00e9 \u00e0 la couleur et \u00e0 la lumi\u00e8re toute leur place dans la mode. Paris pleure aujourdhui un de ses fils. Pens\u00e9es \u00e0 sa famille, ses proches et toutes celles et ceux qui lont aim\u00e9. <a href=\"https:\/\/t.co\/Im2WtVoTZE\">https:\/\/t.co\/Im2WtVoTZE<\/a><\/p>\n<p>\u2014 Anne Hidalgo (@Anne_Hidalgo) <a href=\"https:\/\/twitter.com\/Anne_Hidalgo\/status\/1312782622729306120?ref_src=twsrc%5Etfw\">October 4, 2020<\/a><\/p><\/blockquote>\n<\/div>\n<p>En 1983, Kenzo sort sa premi\u00e8re ligne pour les hommes.\u00a0Cinq ans plus tard, en 1988, il cr\u00e9\u00e9 son premier parfum Kenzo de Kenzo.\u00a0La l\u00e9gende raconte qu&rsquo;il a cr\u00e9\u00e9 son flacon en moins de trente minutes, \u00ab\u00a0en posant une fleur de pivoine sur la pierre\u00a0\u00bb, confiait-il \u00e0 <a href=\"https:\/\/www.lexpress.fr\/styles\/beaute\/kenzo-parle-des-parfums-kenzo_473352.html\"><em>l&rsquo;Express<\/em><\/a> en 2008.\u00a0En 1993, Kenzo vend sa marque de v\u00eatements, connue pour ses imprim\u00e9s floraux, au g\u00e9ant LVMH et se retire d\u00e9finitivement de la mode, 6\u00a0ans plus tard.\u00a0Avec\u00a0<em>\u00ab\u00a0pr\u00e8s de huit mille dessins\u00a0\u00bb<\/em>, le cr\u00e9ateur japonais <em>\u00ab\u00a0n&rsquo;a jamais cess\u00e9 de c\u00e9l\u00e9brer la mode et l&rsquo;art de vivre\u00a0\u00bb<\/em>, a indiqu\u00e9 son porte-parole.<\/p>\n<h2><b>Inconsolable depuis la mort de son compagnon<\/b><\/h2>\n<aside id=\"NL_1181684621\" class=\"newsletter_subscription jNlBlock\"><noscript><br \/>\n            <\/noscript><\/p>\n<h3 class=\"newsletter_subscription-title\">Newsletter <\/h3>\n<p><a href=\"\/\/mailing.ccmbg.com\/archive\/last-85\" target=\"_blank\" class=\"a_hover\" rel=\"noopener noreferrer\">Voir un exemple<\/a><\/p>\n<\/aside>\n<p>C\u00f4t\u00e9 vie priv\u00e9e, Kenzo\u00a0Takada\u00a0\u00e9tait <strong>inconsolable depuis la mort de son compagnon,<\/strong> Xavier de\u00a0Castella, en 1990.\u00a0Dans une interview accord\u00e9e \u00e0 <em>Gala<\/em> en 2018, le cr\u00e9ateur se souvenait\u00a0:\u00a0\u00ab\u00a0<em>Il m&rsquo;a pr\u00e9sent\u00e9 toute sa bande d&rsquo;amis am\u00e9ricains\u00a0\u2013 Andy Warhol, l&rsquo;illustrateur de mode Antonio Lopez \u2013\u00a0et un certain Xavier de\u00a0Castella, mon futur bras droit et compagnon, qui nous a quitt\u00e9s en 1990.\u00a0Il est parti trop vite.\u00a0\u00bb<\/em> <strong>Il est d\u00e9c\u00e9d\u00e9 \u00e0 l&rsquo;\u00e2ge de 38\u00a0ans des suites du Sida<\/strong>.\u00a0<em>\u00ab\u00a0Sa mort pr\u00e9matur\u00e9e est une blessure qui ne s&rsquo;est jamais referm\u00e9e, <\/em>confiait-il.\u00a0<em>J&rsquo;y pense beaucoup.\u00a0Dans ma vie, j&rsquo;ai fait beaucoup de b\u00eatises.\u00a0S&rsquo;il \u00e9tait toujours l\u00e0, j&rsquo;en aurais fait moins.\u00a0\u00bb<\/em><\/p>\n<\/p><\/div>\n<p><script async src=\"http:\/\/platform.twitter.com\/widgets.js\" charset=\"utf-8\"><\/script><br \/>\n<br \/>[ad_2]<br \/>\n<br \/><a href=\"https:\/\/www.journaldesfemmes.fr\/mode\/2664323-coronavirus-le-createur-de-legende-kenzo-takada-est-decede\/\">Source link <\/a><\/p>\n","protected":false},"excerpt":{"rendered":"<p>[ad_1] Consid\u00e9r\u00e9 comme l&rsquo;un des pionnier, parmi les cr\u00e9ateurs japonais \u00e0 s&rsquo;\u00eatre install\u00e9 \u00e0 Paris, le cr\u00e9ateur de mode \u00e9tait &hellip; <a href=\"https:\/\/www.affinite.fr\/index.php\/2020\/10\/04\/coronavirus-le-createur-de-legende-kenzo-takada-est-decede\/\" class=\"more-link\">Plus <span class=\"screen-reader-text\">Coronavirus\u00a0:\u00a0le cr\u00e9ateur de l\u00e9gende Kenzo\u00a0Takada\u00a0est\u00a0d\u00e9c\u00e9d\u00e9<\/span> <span class=\"meta-nav\">&rarr;<\/span><\/a><\/p>\n","protected":false},"author":1,"featured_media":5329,"comment_status":"open","ping_status":"open","sticky":false,"template":"","format":"standard","meta":{"_sitemap_exclude":false,"_sitemap_priority":"","_sitemap_frequency":"","footnotes":""},"categories":[1],"tags":[],"class_list":["post-5328","post","type-post","status-publish","format-standard","has-post-thumbnail","hentry","category-tous"],"_links":{"self":[{"href":"https:\/\/www.affinite.fr\/index.php\/wp-json\/wp\/v2\/posts\/5328"}],"collection":[{"href":"https:\/\/www.affinite.fr\/index.php\/wp-json\/wp\/v2\/posts"}],"about":[{"href":"https:\/\/www.affinite.fr\/index.php\/wp-json\/wp\/v2\/types\/post"}],"author":[{"embeddable":true,"href":"https:\/\/www.affinite.fr\/index.php\/wp-json\/wp\/v2\/users\/1"}],"replies":[{"embeddable":true,"href":"https:\/\/www.affinite.fr\/index.php\/wp-json\/wp\/v2\/comments?post=5328"}],"version-history":[{"count":0,"href":"https:\/\/www.affinite.fr\/index.php\/wp-json\/wp\/v2\/posts\/5328\/revisions"}],"wp:featuredmedia":[{"embeddable":true,"href":"https:\/\/www.affinite.fr\/index.php\/wp-json\/wp\/v2\/media\/5329"}],"wp:attachment":[{"href":"https:\/\/www.affinite.fr\/index.php\/wp-json\/wp\/v2\/media?parent=5328"}],"wp:term":[{"taxonomy":"category","embeddable":true,"href":"https:\/\/www.affinite.fr\/index.php\/wp-json\/wp\/v2\/categories?post=5328"},{"taxonomy":"post_tag","embeddable":true,"href":"https:\/\/www.affinite.fr\/index.php\/wp-json\/wp\/v2\/tags?post=5328"}],"curies":[{"name":"wp","href":"https:\/\/api.w.org\/{rel}","templated":true}]}}