{"id":5324,"date":"2020-10-04T01:27:54","date_gmt":"2020-10-04T01:27:54","guid":{"rendered":"https:\/\/www.affinite.fr\/index.php\/2020\/10\/04\/les-simpson-dou-vient-le-fameux-doh-dhomer-news-series-a-la-tv\/"},"modified":"2020-10-04T01:27:54","modified_gmt":"2020-10-04T01:27:54","slug":"les-simpson-dou-vient-le-fameux-doh-dhomer-news-series-a-la-tv","status":"publish","type":"post","link":"https:\/\/www.affinite.fr\/index.php\/2020\/10\/04\/les-simpson-dou-vient-le-fameux-doh-dhomer-news-series-a-la-tv\/","title":{"rendered":"Les Simpson : d&rsquo;o\u00f9 vient le fameux \u00ab\u00a0D&rsquo;oh !\u00a0\u00bb d&rsquo;Homer ? &#8211; News S\u00e9ries \u00e0 la TV"},"content":{"rendered":"<p> [ad_1]<br \/>\n<\/p>\n<div id=\"article-container\">\n<p class=\"article-lead\">Savez-vous d&rsquo;o\u00f9 vient le fameux cri pouss\u00e9 par Homer chaque fois qu&rsquo;il est contrari\u00e9 ? Alors que la saison 31 des \u00ab\u00a0Simpson\u00a0\u00bb est d\u00e9sormais disponible sur Disney+, retour sur l&rsquo;origine du c\u00e9l\u00e8bre \u00ab\u00a0D&rsquo;oh !\u00a0\u00bb<\/p>\n<div id=\"article-content\">\n<figure class=\"article-figure article-main-figure\"><img loading=\"lazy\" decoding=\"async\" class=\"article-figure-img\" width=\"640\" height=\"360\" src=\"http:\/\/fr.web.img2.acsta.net\/r_640_360\/newsv7\/20\/10\/02\/15\/33\/3058936.jpg\"\/><figcaption class=\"article-figcaption-copy\">Fox<\/figcaption><\/figure>\n<p>Outre son fameux <i>\u00ab\u00a0Ouh pinaise !\u00a0\u00bb<\/i>, il s&rsquo;agit probablement du tic de langage le plus c\u00e9l\u00e8bre d&rsquo;Homer Simpson dans la s\u00e9rie anim\u00e9e culte cr\u00e9\u00e9e par\u00a0<a title=\"Matt Groening (U.S.A.) (Sc\u00e9nariste,Cr\u00e9ateur,Producteur ex\u00e9cutif)\" href=\"http:\/\/www.allocine.fr\/personne\/fichepersonne_gen_cpersonne=38333.html\">Matt Groening<\/a> (disponible sur <span class=\"ACraHRACr0cHM6Ly93d3cuZGlzbmV5cGx1cy5jb20vZnItZnI\/aXJjbGlja2lkPVJpMVh0elc2Rnh5T1VZSzBFT1NSRVFyZVVraVNZOHdsblhTUHg0MCZpcmd3Yz0xJmNpZD1EU1MtQWZmaWxpYXRlLUltcGFjdC1Db250ZW50LUFsbG9jaW4lQzMlQTktNTY0NTQ2\" target=\"_blank\">Disney+<\/span>). En effet, chaque fois qu&rsquo;il est \u00e9nerv\u00e9, contrari\u00e9, d\u00e9pit\u00e9 ou simplement surpris (c&rsquo;est-\u00e0-dire tr\u00e8s souvent), le papa de la famille Simpson laisse \u00e9chapper un <i>\u00ab\u00a0D&rsquo;oh !\u00a0\u00bb<\/i> plus ou moins sonore.<\/p>\n<p>Mais d&rsquo;o\u00f9 lui est venue cette petite expression ?<\/p>\n<p>C&rsquo;est \u00e0 son interpr\u00e8te vocal original\u00a0<a title=\"Dan Castellaneta (U.S.A.) (Acteur,Sc\u00e9nariste)\" href=\"http:\/\/www.allocine.fr\/personne\/fichepersonne_gen_cpersonne=108788.html\">Dan Castellaneta<\/a> (qui lui pr\u00eate sa voix depuis maintenant plus de 30 ans), que l&rsquo;on doit l&rsquo;invention de cette mythique onomatop\u00e9e. Ainsi qu&rsquo;il l&rsquo;a relat\u00e9 en interview, il a ainsi puis\u00e9 son inspiration dans un autre monument de la com\u00e9die qui a enchant\u00e9 son enfance : le cin\u00e9ma de Laurel et Hardy.<\/p>\n<p><i>\u00ab\u00a0Le \u00ab\u00a0D&rsquo;oh !\u00a0\u00bb est arriv\u00e9 parce qu&rsquo;\u00e0 ce moment pr\u00e9cis, j&rsquo;\u00e9tais cens\u00e9 faire un grognement \u00e9nerv\u00e9\u00a0\u00bb<\/i>, a-t-il expliqu\u00e9 au micro de l&rsquo;\u00e9mission <span class=\"ACraHRACr0cHM6Ly93d3cueW91dHViZS5jb20vd2F0Y2g\/dj1VR2lKT0hESkVzcw==\" target=\"_blank\">Archive of American Television<\/span>.<i> \u00ab\u00a0J&rsquo;ai demand\u00e9 \u00e0 Matt <\/i>[Groening]<i> ce que cela voulait dire. Il m&rsquo;a r\u00e9pondu que \u00e7a pouvait \u00eatre ce que je voulais. Et je me suis souvenu des films de Laurel et Hardy que je regardais \u00e0 la t\u00e9l\u00e9vision dans mon enfance. Il y avait ce com\u00e9dien \u00e9cossais, Jim Finlayson, qui \u00e9tait une sorte de faire-valoir pour Laurel et Hardy, et qui faisait toujours ce \u00ab\u00a0Doooooh\u00a0\u00bb. Par la suite, en y repensant, j&rsquo;ai d\u00e9couvert qu&rsquo;il essayait en fait de dire \u00ab\u00a0Damn\u00a0\u00bb, mais qu&rsquo;il ne pouvait pas.\u00a0\u00c7a se transformait donc en \u00ab\u00a0D-oooooh\u00a0\u00bb.\u00a0\u00bb<\/i><\/p>\n<p><i><\/p>\n<div class=\"article-figure-holder\">\n<figure class=\"article-figure mceNonEditable\"><img loading=\"lazy\" decoding=\"async\" class=\"article-figure-img\" src=\"data:image\/gif;base64,R0lGODlhAgABAPAAAAAAAAAAACH5BAEAAAAAIf8LSW1hZ2VNYWdpY2sNZ2FtbWE9MC40NTQ1NQAsAAAAAAIAAQAAAgIECgA7\" data-src=\"http:\/\/fr.web.img6.acsta.net\/newsv7\/20\/10\/02\/15\/33\/0670561.jpg\" width=\"640\" height=\"320\"\/><span class=\"article-figcaption-copy\">Capture d&rsquo;\u00e9cran<\/span><figcaption class=\"article-figcaption\">\n            James Finlayson<br \/>\n        <\/figcaption><\/figure>\n<\/div>\n<p><\/i><\/p>\n<p>Un juron \u00e9touff\u00e9, transform\u00e9 en exclamation contrari\u00e9e, voil\u00e0 donc le secret du fameux cri d&rsquo;Homer. Tr\u00e8s satisfait du r\u00e9sultat propos\u00e9 par Dan Castellaneta, Matt Groening a simplement demand\u00e9 \u00e0 l&rsquo;acteur de r\u00e9duire la dur\u00e9e de son intervention pour mieux coller au rythme du dessin anim\u00e9. Simple, rapide, efficace, et\u00a0reconnaissable entre mille, la marque de fabrique vocale d&rsquo;Homer \u00e9tait n\u00e9e.<\/p>\n<p><span><strong>(Re)d\u00e9couvrez notre vid\u00e9o sp\u00e9ciale sur \u00ab\u00a0Les Simpson\u00a0\u00bb&#8230;<\/strong><\/span><\/p>\n<p>\u00a0<\/p>\n<\/p><\/div>\n<\/p><\/div>\n<p>[ad_2]<br \/>\n<br \/><a href=\"http:\/\/rss.allocine.fr\/~r\/ac\/actualites\/~3\/vhkTVH790Pw\/fichearticle_gen_carticle=18693381.html\">Source link <\/a><\/p>\n","protected":false},"excerpt":{"rendered":"<p>[ad_1] Savez-vous d&rsquo;o\u00f9 vient le fameux cri pouss\u00e9 par Homer chaque fois qu&rsquo;il est contrari\u00e9 ? Alors que la saison &hellip; <a href=\"https:\/\/www.affinite.fr\/index.php\/2020\/10\/04\/les-simpson-dou-vient-le-fameux-doh-dhomer-news-series-a-la-tv\/\" class=\"more-link\">Plus <span class=\"screen-reader-text\">Les Simpson : d&rsquo;o\u00f9 vient le fameux \u00ab\u00a0D&rsquo;oh !\u00a0\u00bb d&rsquo;Homer ? &#8211; News S\u00e9ries \u00e0 la TV<\/span> <span class=\"meta-nav\">&rarr;<\/span><\/a><\/p>\n","protected":false},"author":1,"featured_media":5325,"comment_status":"open","ping_status":"open","sticky":false,"template":"","format":"standard","meta":{"_sitemap_exclude":false,"_sitemap_priority":"","_sitemap_frequency":"","footnotes":""},"categories":[1],"tags":[],"class_list":["post-5324","post","type-post","status-publish","format-standard","has-post-thumbnail","hentry","category-tous"],"_links":{"self":[{"href":"https:\/\/www.affinite.fr\/index.php\/wp-json\/wp\/v2\/posts\/5324"}],"collection":[{"href":"https:\/\/www.affinite.fr\/index.php\/wp-json\/wp\/v2\/posts"}],"about":[{"href":"https:\/\/www.affinite.fr\/index.php\/wp-json\/wp\/v2\/types\/post"}],"author":[{"embeddable":true,"href":"https:\/\/www.affinite.fr\/index.php\/wp-json\/wp\/v2\/users\/1"}],"replies":[{"embeddable":true,"href":"https:\/\/www.affinite.fr\/index.php\/wp-json\/wp\/v2\/comments?post=5324"}],"version-history":[{"count":0,"href":"https:\/\/www.affinite.fr\/index.php\/wp-json\/wp\/v2\/posts\/5324\/revisions"}],"wp:featuredmedia":[{"embeddable":true,"href":"https:\/\/www.affinite.fr\/index.php\/wp-json\/wp\/v2\/media\/5325"}],"wp:attachment":[{"href":"https:\/\/www.affinite.fr\/index.php\/wp-json\/wp\/v2\/media?parent=5324"}],"wp:term":[{"taxonomy":"category","embeddable":true,"href":"https:\/\/www.affinite.fr\/index.php\/wp-json\/wp\/v2\/categories?post=5324"},{"taxonomy":"post_tag","embeddable":true,"href":"https:\/\/www.affinite.fr\/index.php\/wp-json\/wp\/v2\/tags?post=5324"}],"curies":[{"name":"wp","href":"https:\/\/api.w.org\/{rel}","templated":true}]}}