{"id":5292,"date":"2020-09-26T13:41:45","date_gmt":"2020-09-26T13:41:45","guid":{"rendered":"https:\/\/www.affinite.fr\/index.php\/2020\/09\/26\/stop-au-bruit-a-la-maison-avec-un-rideau-acoustique\/"},"modified":"2020-09-26T13:41:45","modified_gmt":"2020-09-26T13:41:45","slug":"stop-au-bruit-a-la-maison-avec-un-rideau-acoustique","status":"publish","type":"post","link":"https:\/\/www.affinite.fr\/index.php\/2020\/09\/26\/stop-au-bruit-a-la-maison-avec-un-rideau-acoustique\/","title":{"rendered":"Stop au bruit \u00e0 la maison avec un rideau acoustique"},"content":{"rendered":"<p> [ad_1]<br \/>\n<br \/><img decoding=\"async\" src=\"https:\/\/maison2.advcdn.net\/images\/medias\/000\/054\/000054646\/200.jpg\" \/><\/p>\n<div itemprop=\"articleBody\">\n<p>\n  Alors que le monde entier vient de vivre plusieurs mois de confinement, pour beaucoup de particuliers et de professionnels, repenser l\u2019int\u00e9rieur du foyer ou d\u2019un \u00e9tablissement est devenu imp\u00e9ratif. \u00ab\u00a0<em>Les nuisances sonores sont devenues \u00ab\u00a0le sujet prioritaire\u00a0\u00bb, pour tous ceux qui ressentent le besoin de pr\u00e9server leur bien-\u00eatre, face aux bruits ambiants\u00a0\u00bb<\/em> constate Mohamed Sylla, fondateur d\u2019Audicare France et inventeur du Rid\u2019phonic.\n<\/p>\n<p>\n  D\u00e9j\u00e0 utilis\u00e9 r\u00e9guli\u00e8rement par les h\u00f4teliers, les entreprises et certains professionnels en qu\u00eate de discr\u00e9tion pour garantir la confidentialit\u00e9 de leurs \u00e9changes avec leurs clients notamment, <strong>le rideau acoustique rencontre un vif succ\u00e8s<\/strong> chez les particuliers pour son excellent rapport qualit\u00e9-prix.\n<\/p>\n<p>\n  Ce produit technique brevet\u00e9 a \u00e9t\u00e9 <strong>con\u00e7u dans un r\u00e9el souci, de gain en termes de confort acoustique et thermique, de r\u00e9duction des nuisances sonores,<\/strong> avec une r\u00e9duction du bruit\u00a0jusqu\u2019\u00e0 15 d\u00e9cibels et d\u2019\u00e9conomies pour ceux qui souhaitent s\u2019\u00e9quiper.\n<\/p>\n<p>\n  <strong>Innovation fran\u00e7aise<\/strong> tr\u00e8s abordable, le <strong>Rid\u2019Phonic est disponible \u00e0 partir de 159 euros,<\/strong> dans sa gamme Confort. Les gammes Premium et Deluxe compl\u00e8tent la collection, pour des utilisations multiples\u00a0: fen\u00eatre sur rue, porte d\u2019entr\u00e9e, cloison mobile etc&#8230;\n<\/p>\n<p>\n  Le Rid\u2019Phonic c\u2019est aussi un rideau occultant dans l\u2019air du temps qui a \u00e9t\u00e9 imagin\u00e9 pour satisfaire <strong>tous les go\u00fbts en termes de couleurs et de d\u00e9coration<\/strong>. Vous pourrez l\u2019utiliser \u00e0 votre convenance pour raviver le style de votre int\u00e9rieur avec une belle diversit\u00e9 de tissus, de motifs, de coloris, et de mati\u00e8res\u2026\n<\/p>\n<p>\n  Audicare France, est une soci\u00e9t\u00e9\u0301 sp\u00e9cialis\u00e9e dans la fabrication de solutions acoustiques, depuis plus de 10 ans, \u00e9ditrice de la marque Rid\u2019phonic.\n<\/p>\n<p>\n  <strong style=\"text-decoration: underline\">Pour de plus amples informations<\/strong>\u00a0: <a href=\"http:\/\/www.ridphonic.fr\/\">www.ridphonic.fr<\/a><br \/><a href=\"mailto:contact@ridphonic.fr\">contact@ridphonic.fr<\/a>\n<\/p>\n<\/p><\/div>\n<p><script async defer crossorigin=\"anonymous\" src=\"https:\/\/connect.facebook.net\/fr_FR\/sdk.js#xfbml=1&#038;version=v6.0&#038;appId=252025098257546&#038;autoLogAppEvents=1\"><\/script><br \/>\n<br \/>[ad_2]<br \/>\n<br \/><a href=\"http:\/\/feedproxy.google.com\/~r\/maison-actus\/~3\/VCBBQ-gRnKw\/\">Source link <\/a><\/p>\n","protected":false},"excerpt":{"rendered":"<p>[ad_1] Alors que le monde entier vient de vivre plusieurs mois de confinement, pour beaucoup de particuliers et de professionnels, &hellip; <a href=\"https:\/\/www.affinite.fr\/index.php\/2020\/09\/26\/stop-au-bruit-a-la-maison-avec-un-rideau-acoustique\/\" class=\"more-link\">Plus <span class=\"screen-reader-text\">Stop au bruit \u00e0 la maison avec un rideau acoustique<\/span> <span class=\"meta-nav\">&rarr;<\/span><\/a><\/p>\n","protected":false},"author":1,"featured_media":5293,"comment_status":"open","ping_status":"open","sticky":false,"template":"","format":"standard","meta":{"_sitemap_exclude":false,"_sitemap_priority":"","_sitemap_frequency":"","footnotes":""},"categories":[1],"tags":[],"class_list":["post-5292","post","type-post","status-publish","format-standard","has-post-thumbnail","hentry","category-tous"],"_links":{"self":[{"href":"https:\/\/www.affinite.fr\/index.php\/wp-json\/wp\/v2\/posts\/5292"}],"collection":[{"href":"https:\/\/www.affinite.fr\/index.php\/wp-json\/wp\/v2\/posts"}],"about":[{"href":"https:\/\/www.affinite.fr\/index.php\/wp-json\/wp\/v2\/types\/post"}],"author":[{"embeddable":true,"href":"https:\/\/www.affinite.fr\/index.php\/wp-json\/wp\/v2\/users\/1"}],"replies":[{"embeddable":true,"href":"https:\/\/www.affinite.fr\/index.php\/wp-json\/wp\/v2\/comments?post=5292"}],"version-history":[{"count":0,"href":"https:\/\/www.affinite.fr\/index.php\/wp-json\/wp\/v2\/posts\/5292\/revisions"}],"wp:featuredmedia":[{"embeddable":true,"href":"https:\/\/www.affinite.fr\/index.php\/wp-json\/wp\/v2\/media\/5293"}],"wp:attachment":[{"href":"https:\/\/www.affinite.fr\/index.php\/wp-json\/wp\/v2\/media?parent=5292"}],"wp:term":[{"taxonomy":"category","embeddable":true,"href":"https:\/\/www.affinite.fr\/index.php\/wp-json\/wp\/v2\/categories?post=5292"},{"taxonomy":"post_tag","embeddable":true,"href":"https:\/\/www.affinite.fr\/index.php\/wp-json\/wp\/v2\/tags?post=5292"}],"curies":[{"name":"wp","href":"https:\/\/api.w.org\/{rel}","templated":true}]}}