{"id":5267,"date":"2020-09-19T01:23:09","date_gmt":"2020-09-19T01:23:09","guid":{"rendered":"https:\/\/www.affinite.fr\/index.php\/2020\/09\/19\/covid-10-blockbusters-quon-devrait-deja-avoir-vus-actus-cine\/"},"modified":"2020-09-19T01:23:09","modified_gmt":"2020-09-19T01:23:09","slug":"covid-10-blockbusters-quon-devrait-deja-avoir-vus-actus-cine","status":"publish","type":"post","link":"https:\/\/www.affinite.fr\/index.php\/2020\/09\/19\/covid-10-blockbusters-quon-devrait-deja-avoir-vus-actus-cine\/","title":{"rendered":"COVID : 10 blockbusters qu&rsquo;on devrait d\u00e9j\u00e0 avoir vus &#8211; Actus Cin\u00e9"},"content":{"rendered":"<p> [ad_1]<br \/>\n<\/p>\n<p>\u00ab\u00a0Mulan\u00a0\u00bb, \u00ab\u00a0Mourir peut attendre\u00a0\u00bb, \u00ab\u00a0Kaamelott\u00a0\u00bb&#8230; Retour sur ces films dont la sortie a \u00e9t\u00e9 d\u00e9cal\u00e9e \u00e0 cause de l&rsquo;\u00e9pid\u00e9mie mais qui devraient d\u00e9j\u00e0 \u00eatre sortis en salles.<\/p>\n<div id=\"article-content\">\n<figure class=\"article-figure article-main-figure\"><img loading=\"lazy\" decoding=\"async\" class=\"article-figure-img\" width=\"640\" height=\"360\" src=\"http:\/\/fr.web.img4.acsta.net\/r_640_360\/newsv7\/20\/09\/15\/18\/11\/1711177.jpg\"\/><figcaption class=\"article-figcaption-copy\">Universal Pictures International France<\/figcaption><\/figure>\n<p>MOURIR PEUT ATTENDRE<\/p>\n<p>Premi\u00e8re victime de l&rsquo;\u00e9pid\u00e9mie parmi les blockbusters hollywoodiens, la 25\u00e8me mission de James Bond aurait d\u00fb d\u00e9barquer dans les salles obscures d\u00e8s le 8 avril. R\u00e9alis\u00e9 par <a title=\"Cary Joji Fukunaga (U.S.A.) (R\u00e9alisateur,Sc\u00e9nariste,Directeur de la photographie)\" href=\"http:\/\/www.allocine.fr\/personne\/fichepersonne_gen_cpersonne=248428.html\">Cary Fukunaga<\/a>,\u00a0<a title=\"Mourir peut attendre (U.S.A.,Grande-Bretagne) - 2020 (Action,Thriller,Espionnage)\" href=\"http:\/\/www.allocine.fr\/film\/fichefilm_gen_cfilm=212358.html\">Mourir peut attendre<\/a> sortira finalement au cin\u00e9ma le <strong>11 novembre<\/strong> et marquera la derni\u00e8re apparition de\u00a0<a title=\"Daniel Craig (Grande-Bretagne) (Acteur,Coproducteur,Producteur ex\u00e9cutif)\" href=\"http:\/\/www.allocine.fr\/personne\/fichepersonne_gen_cpersonne=27049.html\">Daniel Craig<\/a> dans le r\u00f4le du c\u00e9l\u00e8bre agent secret. R\u00e9cemment relanc\u00e9e par une ultime bande-annonce explosive, l&rsquo;impatience des fans est d\u00e9sormais \u00e0 son comble.<\/p>\n<p>\u00a0<\/p>\n<p>WONDER WOMAN 1984<\/p>\n<p>Les nouvelles aventures de Diana Prince (situ\u00e9es dans les ann\u00e9es 80 et non plus durant la Premi\u00e8re Guerre Mondiale), initialement cens\u00e9es \u00eatre d\u00e9voil\u00e9es le 12 ao\u00fbt, puis d\u00e9cal\u00e9es au 30 septembre, ont r\u00e9cemment connu un nouveau report.\u00a0<a title=\"Wonder Woman 1984 (U.S.A.) - 2020 (Action,Aventure,Fantastique)\" href=\"http:\/\/www.allocine.fr\/film\/fichefilm_gen_cfilm=256588.html\">Wonder Woman 1984<\/a> sortira donc le <strong>30 d\u00e9cembre<\/strong> prochain. Toujours sous la direction de <a title=\"Patty Jenkins (U.S.A.) (R\u00e9alisateur,Sc\u00e9nariste,Acteur)\" href=\"http:\/\/www.allocine.fr\/personne\/fichepersonne_gen_cpersonne=83249.html\">Patty Jenkins<\/a>,\u00a0<a title=\"Gal Gadot (Isra\u00ebl) (Acteur,Producteur)\" href=\"http:\/\/www.allocine.fr\/personne\/fichepersonne_gen_cpersonne=255904.html\">Gal Gadot<\/a> y affrontera la terrible Cheetah (incarn\u00e9e par <a title=\"Kristen Wiig (U.S.A.) (Acteur,Producteur,Producteur d\u00e9l\u00e9gu\u00e9)\" href=\"http:\/\/www.allocine.fr\/personne\/fichepersonne_gen_cpersonne=178003.html\">Kristen Wiig<\/a>), ainsi qu&rsquo;on peut en avoir un petit aper\u00e7u dans la derni\u00e8re bande-annonce&#8230;<\/p>\n<p>\u00a0<\/p>\n<p>THE KING&rsquo;S MAN : PREMI\u00c8RE MISSION<\/p>\n<p>Lui non plus n&rsquo;en est pas \u00e0 son premier report. Ce prequel consacr\u00e9 au\u00a0<a title=\"Kingsman : Services secrets (Grande-Bretagne,U.S.A.) - 2015 (Action,Espionnage)\" href=\"http:\/\/www.allocine.fr\/film\/fichefilm_gen_cfilm=198771.html\">Kingsman<\/a> dynamit\u00e9 de <a title=\"Matthew Vaughn (Grande-Bretagne,U.S.A.) (Producteur,R\u00e9alisateur,Sc\u00e9nariste)\" href=\"http:\/\/www.allocine.fr\/personne\/fichepersonne_gen_cpersonne=57906.html\">Matthew Vaughn<\/a>, et centr\u00e9 sur les origines de la mythique agence de renseignements, ne d\u00e9barquera dans nos salles que le <strong>24 f\u00e9vrier 2021<\/strong>. Plus d&rsquo;un an apr\u00e8s sa date de sortie initiale, puisqu&rsquo;il devait d&rsquo;abord sortir le 12 f\u00e9vrier dernier avant d&rsquo;\u00eatre une premi\u00e8re fois d\u00e9cal\u00e9 au 18 septembre. Egalement r\u00e9alis\u00e9 par Matthew Vaughn et situ\u00e9 aux abords de la Premi\u00e8re Guerre Mondiale, ce prequel sera port\u00e9 par <a title=\"Ralph Fiennes (Grande-Bretagne) (Acteur,R\u00e9alisateur,Producteur d\u00e9l\u00e9gu\u00e9)\" href=\"http:\/\/www.allocine.fr\/personne\/fichepersonne_gen_cpersonne=15280.html\">Ralph Fiennes<\/a>,\u00a0<a title=\"Gemma Arterton (Grande-Bretagne) (Acteur,Co-sc\u00e9nariste,Producteur d\u00e9l\u00e9gu\u00e9)\" href=\"http:\/\/www.allocine.fr\/personne\/fichepersonne_gen_cpersonne=189311.html\">Gemma Arterton<\/a> et <a title=\"Rhys Ifans (Grande-Bretagne) (Acteur,Chanteur,Producteur)\" href=\"http:\/\/www.allocine.fr\/personne\/fichepersonne_gen_cpersonne=20011.html\">Rhys Ifans<\/a>.<\/p>\n<p>\u00a0<\/p>\n<p>KAAMELOTT &#8211; PREMIER VOLET<\/p>\n<p>Apr\u00e8s plus d&rsquo;une d\u00e9cennie d&rsquo;attente pour d\u00e9couvrir la suite la s\u00e9rie culte, ce ne sont pas 4 petits mois suppl\u00e9mentaires qui risquent de d\u00e9courager les fans de <a title=\"Kaamelott (France) (Com\u00e9die,Historique)\" href=\"http:\/\/www.allocine.fr\/series\/ficheserie_gen_cserie=334.html\">Kaamelott<\/a>. Au lieu de sortir le 29 juillet au cin\u00e9ma, le\u00a0<a title=\"Kaamelott \u2013 Premier volet (France) - 2019 (Com\u00e9die,Aventure,Historique)\" href=\"http:\/\/www.allocine.fr\/film\/fichefilm_gen_cfilm=248191.html\">Premier volet<\/a> de la trilogie r\u00e9alis\u00e9e par\u00a0<a title=\"Alexandre Astier (France) (R\u00e9alisateur,Acteur,Sc\u00e9nariste)\" href=\"http:\/\/www.allocine.fr\/personne\/fichepersonne_gen_cpersonne=128589.html\">Alexandre Astier<\/a> d\u00e9barquera donc dans nos salles le <strong>25 novembre<\/strong> prochain. Mais dans quelles circonstances retrouverons-nous Lancelot, Perceval, Karadoc, Gueni\u00e8vre et Arthur, plus de 10 ans apr\u00e8s le cliffhanger du <a href=\"https:\/\/www.affinite.fr\/index.php\/2023\/08\/24\/lart-de-la-glace-transforme-en-business-la-vision-unique-de-fabien-gris\/\">livre<\/a> VI ? L&rsquo;\u00e9nigmatique (et unique) bande-annonce du film ne nous accordera pas l&rsquo;ombre d&rsquo;un indice.<\/p>\n<p>\u00a0<\/p>\n<p>SOUL<\/p>\n<p>Deux Pixar pour le prix d&rsquo;un en 2020 ! Apr\u00e8s le tr\u00e8s r\u00e9ussi\u00a0<a title=\"En avant (U.S.A.) - 2020 (Animation,Fantastique)\" href=\"http:\/\/www.allocine.fr\/film\/fichefilm_gen_cfilm=251353.html\">En avant<\/a> qui avait enchant\u00e9 nos salles en y saupoudrant un peu de magie le 4 mars dernier, on se pr\u00e9parait \u00e0 remettre le couvert d\u00e8s le mois de juin. La crise sanitaire en a malheureusement d\u00e9cid\u00e9 autrement, et <a title=\"Soul (U.S.A.) - 2020 (Animation,Aventure,Famille)\" href=\"http:\/\/www.allocine.fr\/film\/fichefilm_gen_cfilm=251354.html\">Soul<\/a>, nouveau long m\u00e9trage de <a title=\"Pete Docter (U.S.A.) (Sc\u00e9nariste,Producteur d\u00e9l\u00e9gu\u00e9,R\u00e9alisateur)\" href=\"http:\/\/www.allocine.fr\/personne\/fichepersonne_gen_cpersonne=35020.html\">Pete Docter<\/a>, a donc \u00e9t\u00e9 d\u00e9cal\u00e9 au <strong>25 novembre<\/strong>, prenant ainsi le cr\u00e9neau du nouveau film d&rsquo;animation Disney,\u00a0<a title=\"Raya et le dernier dragon (U.S.A.) - 2020 (Animation,Fantastique)\" href=\"http:\/\/www.allocine.fr\/film\/fichefilm_gen_cfilm=265028.html\">Raya et le dernier dragon<\/a> (diff\u00e9r\u00e9 quant \u00e0 lui au 31 mars 2021). Mais peu importe le d\u00e9lai, au vu de sa bande-annonce, on br\u00fble toujours d&rsquo;envie de savourer ce qui s&rsquo;annonce d\u00e9j\u00e0 comme le nouveau joyau des studios Pixar.<\/p>\n<p>\u00a0<\/p>\n<p>FAST &amp; FURIOUS 9<\/p>\n<p>Pr\u00eats \u00e0 rallumer leurs moteurs d\u00e8s le 20 mai 2020,\u00a0<a title=\"Vin Diesel (U.S.A.) (Acteur,Producteur,R\u00e9alisateur)\" href=\"http:\/\/www.allocine.fr\/personne\/fichepersonne_gen_cpersonne=27953.html\">Vin Diesel<\/a> et sa bande de pilotes testost\u00e9ron\u00e9s ont \u00e9t\u00e9 forc\u00e9s de ronger leur frein presque une ann\u00e9e enti\u00e8re. Prudemment d\u00e9cal\u00e9 au <strong>31 mars 2021<\/strong> d\u00e8s les pr\u00e9misses de la crise sanitaire, le 9\u00e8me volet de la saga\u00a0<a title=\"Fast &amp; Furious 9 (U.S.A.) - 2020 (Action)\" href=\"http:\/\/www.allocine.fr\/film\/fichefilm_gen_cfilm=221542.html\">Fast &amp; Furious<\/a> est d\u00e9j\u00e0 dot\u00e9 d&rsquo;une bande-annonce vrombissante et d&rsquo;une promesse particuli\u00e8rement all\u00e9chante car oui, ainsi que l&rsquo;a r\u00e9cemment confirm\u00e9 <a title=\"Michelle Rodriguez (U.S.A.) (Acteur)\" href=\"http:\/\/www.allocine.fr\/personne\/fichepersonne_gen_cpersonne=60617.html\">Michelle Rodriguez<\/a>, une partie de ce nouvel opus se d\u00e9roulera&#8230; dans l&rsquo;espace !!<\/p>\n<p>\u00a0<\/p>\n<p>BLACK WIDOW<\/p>\n<p>Initialement cens\u00e9 sortir au cin\u00e9ma le 29 avril dernier,\u00a0<a title=\"Black Widow (U.S.A.) - 2020 (Action,Espionnage,Aventure)\" href=\"http:\/\/www.allocine.fr\/film\/fichefilm_gen_cfilm=230783.html\">Black Widow<\/a> d\u00e9barquera finalement le <strong>28 octobre<\/strong>, s&rsquo;imposant ainsi (\u00e0 condition que le planning ne soit pas \u00e0 nouveau modifi\u00e9) comme le seul et unique long m\u00e9trage du Marvel Cinematic Universe sorti en 2020. En effet, <a title=\"Eternals (U.S.A.) - 2021 (Science fiction,Fantastique,Action)\" href=\"http:\/\/www.allocine.fr\/film\/fichefilm_gen_cfilm=136316.html\">Eternals<\/a>, l&rsquo;opus suivant r\u00e9alis\u00e9 par\u00a0<a title=\"Chlo\u00e9 Zhao (Chine) (R\u00e9alisateur,Producteur,Sc\u00e9nariste)\" href=\"http:\/\/www.allocine.fr\/personne\/fichepersonne_gen_cpersonne=714671.html\">Chlo\u00e9 Zhao<\/a> et pr\u00e9c\u00e9demment dat\u00e9 au 4 novembre, a quant \u00e0 lui \u00e9t\u00e9 d\u00e9cal\u00e9 au 10 f\u00e9vrier 2021. Mis en sc\u00e8ne par\u00a0<a title=\"Cate Shortland (Australie) (R\u00e9alisateur,Sc\u00e9nariste)\" href=\"http:\/\/www.allocine.fr\/personne\/fichepersonne_gen_cpersonne=54716.html\">Cate Shortland<\/a> et toujours port\u00e9 par <a title=\"Scarlett Johansson (U.S.A.) (Acteur,Sc\u00e9nariste,R\u00e9alisateur)\" href=\"http:\/\/www.allocine.fr\/personne\/fichepersonne_gen_cpersonne=27868.html\">Scarlett Johansson<\/a>, Black Widow devrait se d\u00e9rouler entre\u00a0<a title=\"Captain America: Civil War (U.S.A.) - 2016 (Action,Fantastique)\" href=\"http:\/\/www.allocine.fr\/film\/fichefilm_gen_cfilm=215143.html\">Captain America: Civil War<\/a> et <a title=\"Avengers: Infinity War (U.S.A.) - 2018 (Aventure,Action,Fantastique)\" href=\"http:\/\/www.allocine.fr\/film\/fichefilm_gen_cfilm=218265.html\">Avengers: Infinity War<\/a>.\u00a0<\/p>\n<p>\u00a0<\/p>\n<p>MULAN<\/p>\n<p>Il lui en aura fallu, du courage et de la d\u00e9termination, pour enfin arriver \u00e0 rencontrer son public ! Nouvelle adaptation de la c\u00e9l\u00e8bre l\u00e9gende chinoise,\u00a0<a title=\"Mulan (U.S.A.) - 2020 (Aventure,Famille,Fantastique)\" href=\"http:\/\/www.allocine.fr\/film\/fichefilm_gen_cfilm=236613.html\">Mulan<\/a> a en effet \u00e9t\u00e9 d\u00e9cal\u00e9 \u00e0 trois reprises. Initialement dat\u00e9 au 25 mars, le long m\u00e9trage en prises de vues r\u00e9elles r\u00e9alis\u00e9 par\u00a0<a title=\"Niki Caro (Nouvelle-Z\u00e9lande) (R\u00e9alisateur,Sc\u00e9nariste,Producteur)\" href=\"http:\/\/www.allocine.fr\/personne\/fichepersonne_gen_cpersonne=26961.html\">Niki Caro<\/a><span>\u00a0et port\u00e9 par\u00a0<a title=\"Liu Yifei (Chine) (Acteur)\" href=\"http:\/\/www.allocine.fr\/personne\/fichepersonne_gen_cpersonne=161342.html\">Liu Yifei<\/a> a ainsi \u00e9t\u00e9 d\u00e9plac\u00e9 au mois de juillet, puis au mois d&rsquo;ao\u00fbt, avant que sa sortie ne soit finalement arr\u00eat\u00e9e au <strong>4 d\u00e9cembre en France, directement (et gratuitement) sur la plate-forme Disney+<\/strong>.<\/span><\/p>\n<p>\u00a0<\/p>\n<p>SANS UN BRUIT 2<\/p>\n<p>Repouss\u00e9e au 9 septembre 2020 dans un premier temps, la suite du thriller post-apocalyptique r\u00e9alis\u00e9 par\u00a0<a title=\"John Krasinski (U.S.A.) (Acteur,R\u00e9alisateur,Sc\u00e9nariste)\" href=\"http:\/\/www.allocine.fr\/personne\/fichepersonne_gen_cpersonne=125110.html\">John Krasinski<\/a> sera finalement d\u00e9voil\u00e9e le <strong>21 avril 2021<\/strong> au cin\u00e9ma, plus d&rsquo;un an apr\u00e8s sa date de sortie initiale, qui avait \u00e9t\u00e9 fix\u00e9e au 18 mars dernier.\u00a0<a title=\"Emily Blunt (Grande-Bretagne) (Acteur)\" href=\"http:\/\/www.allocine.fr\/personne\/fichepersonne_gen_cpersonne=123054.html\">Emily Blunt<\/a> et sa famille, toujours plong\u00e9s dans un monde o\u00f9 le moindre son peut leur co\u00fbter la vie, croiseront cette fois-ci le chemin de <a title=\"Cillian Murphy (Irlande) (Acteur)\" href=\"http:\/\/www.allocine.fr\/personne\/fichepersonne_gen_cpersonne=69081.html\">Cillian Murphy<\/a>.\u00a0<\/p>\n<p>\u00a0<\/p>\n<p>LES TROLLS 2 &#8211; TOURN\u00c9E MONDIALE<\/p>\n<p>Quatre apr\u00e8s nous avoir recouverts d&rsquo;arc-en-ciel, de cupcakes et de m\u00e9lodies pop,\u00a0<a title=\"Les Trolls 2 - Tourn\u00e9e mondiale (U.S.A.) - 2020 (Animation,Com\u00e9die,Musical)\" href=\"http:\/\/www.allocine.fr\/film\/fichefilm_gen_cfilm=251303.html\">Les Trolls<\/a> de Dreamworks Animation sont de retour ! Le <strong>14 octobre<\/strong> au lieu du 1er avril, date initialement fix\u00e9e pour la sortie du long m\u00e9trage. Dans cette nouvelle aventure haute en couleur, Poppy et Branch partiront \u00e0 la d\u00e9couverte de nouvelles contr\u00e9es musicales. Les royaumes du hard-rock, de l&rsquo;electro ou encore de la funk !<\/p>\n<p>\u00a0<\/p>\n<\/p><\/div>\n<p>[ad_2]<br \/>\n<br \/><a href=\"http:\/\/rss.allocine.fr\/~r\/ac\/actualites\/~3\/9Gv7RzX6oF4\/fichearticle_gen_carticle=18692716.html\">Source link <\/a><\/p>\n","protected":false},"excerpt":{"rendered":"<p>[ad_1] \u00ab\u00a0Mulan\u00a0\u00bb, \u00ab\u00a0Mourir peut attendre\u00a0\u00bb, \u00ab\u00a0Kaamelott\u00a0\u00bb&#8230; Retour sur ces films dont la sortie a \u00e9t\u00e9 d\u00e9cal\u00e9e \u00e0 cause de l&rsquo;\u00e9pid\u00e9mie &hellip; <a href=\"https:\/\/www.affinite.fr\/index.php\/2020\/09\/19\/covid-10-blockbusters-quon-devrait-deja-avoir-vus-actus-cine\/\" class=\"more-link\">Plus <span class=\"screen-reader-text\">COVID : 10 blockbusters qu&rsquo;on devrait d\u00e9j\u00e0 avoir vus &#8211; Actus Cin\u00e9<\/span> <span class=\"meta-nav\">&rarr;<\/span><\/a><\/p>\n","protected":false},"author":1,"featured_media":5268,"comment_status":"open","ping_status":"open","sticky":false,"template":"","format":"standard","meta":{"_sitemap_exclude":false,"_sitemap_priority":"","_sitemap_frequency":"","footnotes":""},"categories":[1],"tags":[],"class_list":["post-5267","post","type-post","status-publish","format-standard","has-post-thumbnail","hentry","category-tous"],"_links":{"self":[{"href":"https:\/\/www.affinite.fr\/index.php\/wp-json\/wp\/v2\/posts\/5267"}],"collection":[{"href":"https:\/\/www.affinite.fr\/index.php\/wp-json\/wp\/v2\/posts"}],"about":[{"href":"https:\/\/www.affinite.fr\/index.php\/wp-json\/wp\/v2\/types\/post"}],"author":[{"embeddable":true,"href":"https:\/\/www.affinite.fr\/index.php\/wp-json\/wp\/v2\/users\/1"}],"replies":[{"embeddable":true,"href":"https:\/\/www.affinite.fr\/index.php\/wp-json\/wp\/v2\/comments?post=5267"}],"version-history":[{"count":0,"href":"https:\/\/www.affinite.fr\/index.php\/wp-json\/wp\/v2\/posts\/5267\/revisions"}],"wp:featuredmedia":[{"embeddable":true,"href":"https:\/\/www.affinite.fr\/index.php\/wp-json\/wp\/v2\/media\/5268"}],"wp:attachment":[{"href":"https:\/\/www.affinite.fr\/index.php\/wp-json\/wp\/v2\/media?parent=5267"}],"wp:term":[{"taxonomy":"category","embeddable":true,"href":"https:\/\/www.affinite.fr\/index.php\/wp-json\/wp\/v2\/categories?post=5267"},{"taxonomy":"post_tag","embeddable":true,"href":"https:\/\/www.affinite.fr\/index.php\/wp-json\/wp\/v2\/tags?post=5267"}],"curies":[{"name":"wp","href":"https:\/\/api.w.org\/{rel}","templated":true}]}}