{"id":5195,"date":"2020-09-02T16:50:54","date_gmt":"2020-09-02T16:50:54","guid":{"rendered":"https:\/\/www.affinite.fr\/index.php\/2020\/09\/02\/secrets-de-famille-amour-fou-et-eternelle-jeunesse\/"},"modified":"2020-09-02T16:50:54","modified_gmt":"2020-09-02T16:50:54","slug":"secrets-de-famille-amour-fou-et-eternelle-jeunesse","status":"publish","type":"post","link":"https:\/\/www.affinite.fr\/index.php\/2020\/09\/02\/secrets-de-famille-amour-fou-et-eternelle-jeunesse\/","title":{"rendered":"secrets de famille, amour fou et \u00e9ternelle jeunesse"},"content":{"rendered":"<p> [ad_1]<br \/>\n<\/p>\n<p>\n                Difficile d&rsquo;imaginer que Macha M\u00e9ril c\u00e9l\u00e8bre ses 80\u00a0ans ce 3\u00a0septembre\u00a0! L&rsquo;actrice, en pleine forme, a connu l&rsquo;amour, le succ\u00e8s et la gloire, au cours de sa vie&#8230; Pourtant, elle a encore bien d&rsquo;autres r\u00eaves \u00e0 accomplir. Parcours de la com\u00e9dienne, de son d\u00e9sir d&rsquo;enfants en passant par son fol amour avec Michel Legrand, mais aussi divorce, st\u00e9rilit\u00e9 et astuces pour ne pas vieillir&#8230;            <\/p>\n<div>\n<p><strong>Macha M\u00e9ril f\u00eate ses 80\u00a0ans<\/strong> le 3\u00a0septembre 2020&#8230; Et l&rsquo;actrice, toujours aussi radieuse, n&rsquo;est pas pr\u00e8s de tirer sa r\u00e9v\u00e9rence. En pleine promotion de son roman <em>Vania, Vassia et la fille de Vassia<\/em>, aux \u00e9ditions Liana Levi, la douce com\u00e9dienne compte bien perp\u00e9tuer l&rsquo;h\u00e9ritage de son d\u00e9funt \u00e9poux, <strong>Michel Legrand<\/strong>, en montant un festival consacr\u00e9 aux com\u00e9dies musicales et en continuant \u00e0 rendre hommage \u00e0 l&rsquo;\u0153uvre du musicien.\u00a0Pas question de se reposer sur ses lauriers, donc. Macha M\u00e9ril a encore beaucoup \u00e0 accomplir ! (Re)d\u00e9couvrez les secrets de cette artiste qui a v\u00e9cu tribulations, d\u00e9ceptions, amours et joies&#8230;<\/p>\n<h2>Une famille issue de la noblesse<\/h2>\n<p><strong>Maria-Magdalena Vladimirovna Gagarina<\/strong>, de son vrai nom, na\u00eet au Maroc, en 1940, d&rsquo;une m\u00e8re issue de la noblesse ukrainienne et d&rsquo;un p\u00e8re appartenant \u00e0 une maison princi\u00e8re russe, le prince Vladimir Anatolievitch Gagarine. Apr\u00e8s la <strong>r\u00e9volution <\/strong>de Russie en 1917, ses parents s&rsquo;\u00e9taient r\u00e9fugi\u00e9s en France avant de <strong>s&rsquo;installer au Maroc<\/strong>, pour que son p\u00e8re puisse y exercer son m\u00e9tier d&rsquo;ing\u00e9nieur agronome.\u00a0<\/p>\n<h2>La terrible mort de son fr\u00e8re et de son p\u00e8re<\/h2>\n<p>La petite famille vit heureuse sous le soleil du Maroc, jusqu&rsquo;\u00e0 ce qu&rsquo;un<strong> terrible drame<\/strong> ne survienne alors que Maria-Magdalena n&rsquo;a que 5\u00a0ans. \u00ab\u00a0<i>En 1945, mon demi-fr\u00e8re, 19\u00a0ans, deux m\u00e8tres cinq et la beaut\u00e9 de notre p\u00e8re, a \u00e9t\u00e9 exp\u00e9di\u00e9 en premi\u00e8re ligne sur la fronti\u00e8re allemande. <strong>Il a \u00e9t\u00e9 tu\u00e9 la veille de l&rsquo;Armistice<\/strong>. Papa a voulu r\u00e9cup\u00e9rer son corps. Il a embarqu\u00e9 sur le premier bateau et gagn\u00e9 Paris o\u00f9 il est <strong>mort \u00e0 son tour,<\/strong> foudroy\u00e9 par le typhus<\/i>\u00ab\u00a0, raconte-t-elle \u00e0 <i>Paris Match<\/i>. Apr\u00e8s cette succession de malheurs, la petite fille et ses s\u0153urs sont <strong>embarqu\u00e9es en France<\/strong> par leur m\u00e8re, qui d\u00e9cide d&rsquo;entamer un nouveau chapitre de leur vie.\u00a0<\/p>\n<h2>Le choix de son nom de sc\u00e8ne\u00a0<\/h2>\n<p>Maria-Magdalena grandit en r\u00eavant aux h\u00e9ro\u00efnes de cin\u00e9ma des ann\u00e9es 50. Lorsque vient l&rsquo;heure de choisir sa voie, la jeune femme, passionn\u00e9e par la com\u00e9die, interrompt ses \u00e9tudes de lettres afin d&rsquo;int\u00e9grer <strong>l&rsquo;\u00e9cole du Th\u00e9\u00e2tre national populaire<\/strong>. C&rsquo;est le r\u00e9alisateur <strong>G\u00e9rard Oury<\/strong> qui lui offre sa chance en lui offrant un r\u00f4le dans son film <i>La Main Chaude<\/i>, en 1960.<\/p>\n<p>Pour entamer sa carri\u00e8re du bon pied, il lui conseille de se choisir un <strong>nom de sc\u00e8ne<\/strong> plus facile \u00e0 prononcer pour le public fran\u00e7ais. L&rsquo;actrice en herbe choisit donc de se faire appeler <strong>Macha<\/strong>, diminutif de Maria, et opte pour le patronyme \u00ab\u00a0M\u00e9ril\u00a0\u00bb, en hommage \u00e0 la <strong>chanteuse de jazz am\u00e9ricaine, Helen Merrill<\/strong>. D\u00e8s lors, Macha M\u00e9ril devient l&rsquo;une des com\u00e9diennes les plus remarquables de la Nouvelle Vague et tourne pour <strong>Claude Lelouch, Maurice Pialat <\/strong>ou encore <strong>Alexandre Arcady<\/strong>.\u00a0<\/p>\n<h2>Son plus grand drame ? La st\u00e9rilit\u00e9<\/h2>\n<p>\u00c0 16\u00a0ans, Macha M\u00e9ril tombe sous le charme d&rsquo;un<strong> riche quadrag\u00e9naire<\/strong> qui lui fait d\u00e9couvrir le chic des soir\u00e9es parisiennes. Mais tout bascule lorsque l&rsquo;adolescente<strong> tombe enceinte<\/strong>. Son amant la pousse \u00e0 se rendre <strong>en Suisse afin d&rsquo;y subir une IVG<\/strong>, puisque l&rsquo;avortement n&rsquo;est pas encore l\u00e9gal en France. Apr\u00e8s la proc\u00e9dure, elle apprend qu&rsquo;elle est d\u00e9sormais<strong> st\u00e9rile<\/strong>. \u00ab\u00a0<i>Il y avait vraiment comme une brisure dans ma vie qui \u00e9tait le jour o\u00f9 j&rsquo;ai su que je n&rsquo;aurais jamais d&rsquo;enfant<\/i>\u00ab\u00a0, a-t-elle confi\u00e9 au<i> Divan<\/i> de Marc-Olivier Fogiel. L&rsquo;actrice reste persuad\u00e9e que cet \u00ab\u00a0<i>avortement b\u00e2cl\u00e9<\/i>\u00a0\u00bb est la cause de sa st\u00e9rilit\u00e9, comme elle l&rsquo;a racont\u00e9 dans on ouvrage,<i> Un Jour, Je Suis Morte<\/i>, aux \u00e9ditions Albin Michel.<\/p>\n<h2>La rencontre (furtive) avec l&rsquo;amour de sa vie<\/h2>\n<p>En 1964, lors d&rsquo;une soir\u00e9e dans une bo\u00eete de jazz du Br\u00e9sil, <strong>Macha M\u00e9ril rencontre le musicien Michel Legrand<\/strong>\u2026 et le coup de foudre est imm\u00e9diat. \u00ab\u00a0<i>Michel m&rsquo;a pris la main. Encore aujourd&rsquo;hui, je serais incapable de vous d\u00e9crire ce que j&rsquo;ai ressenti. J&rsquo;avais l&rsquo;impression qu&rsquo;il \u00e9tait mon moi bis. <strong>Notre amour a \u00e9t\u00e9 fulgurant, mais chaste<\/strong><\/i>\u00ab\u00a0, a-t-elle racont\u00e9 \u00e0 <i>L&rsquo;Obs<\/i>.<\/p>\n<p>Mais il y a un probl\u00e8me. Michel Legrand est d\u00e9j\u00e0 p\u00e8re et \u00e9poux, tandis que Macha M\u00e9ril doit en \u00e9pouser un autre. Sans consommer leur amour, ils<strong> se s\u00e9paren<\/strong>t, persuad\u00e9s de se retrouver un jour, dans une autre vie&#8230;<\/p>\n<h2>Elle a adopt\u00e9 son beau-fils<\/h2>\n<p>En 1969, la com\u00e9dienne<strong> \u00e9pouse<\/strong> le producteur de cin\u00e9ma italien <strong>Gian Vittorio Baldi<\/strong>, pour qui elle s&rsquo;installe \u00e0 Rome pendant un temps. \u00ab\u00a0<i>Un mariage d&rsquo;amour qui m&rsquo;a servi \u00e0 devenir quelqu&rsquo;un, \u00e0 me construire. J&rsquo;avais besoin de me sentir adoub\u00e9e par la soci\u00e9t\u00e9<\/i>\u00ab\u00a0, a-t-elle pr\u00e9cis\u00e9 \u00e0<i> L&rsquo;Obs<\/i>.<\/p>\n<p>Mais les tensions familiales poussent le couple \u00e0 la <strong>s\u00e9paration<\/strong>. \u00ab\u00a0<i>Sans <strong>ma belle-m\u00e8re<\/strong>, qui a tout g\u00e2ch\u00e9, \u00e7a aurait pu durer. Elle appelait mon mari \u00e0 6h du matin pour savoir tout ce que j&rsquo;avais dit et fait la veille, et lui, il lui racontait tout\u00a0! Et comme je n&rsquo;avais pas d&rsquo;enfant<\/i>\u00ab\u00a0, s&rsquo;est-elle souvenue aupr\u00e8s de<i> Paris Match<\/i>.<\/p>\n<p>Apr\u00e8s leur divorce, l&rsquo;actrice, qui souffre de sa st\u00e9rilit\u00e9, d\u00e9cide <strong>d&rsquo;adopter le fils de son ex-\u00e9poux<\/strong>, Gian Guido, devenu acteur italien.<\/p>\n<h2>Son histoire d&rsquo;amour avec St\u00e9phane Freiss\u00a0<\/h2>\n<p>\u00c0 43\u00a0ans, Macha M\u00e9ril croise la route du jeune acteur <strong>St\u00e9phane Freiss<\/strong>. Malgr\u00e9 les vingt ans qui les s\u00e9parent, les com\u00e9diens sont attir\u00e9s l&rsquo;un par l&rsquo;autre. Commence alors une belle histoire d&rsquo;amour\u2026 \u00ab\u00a0<i><strong>J&rsquo;ai \u00e9t\u00e9 son pygmalion<\/strong>. Je l&rsquo;ai initi\u00e9 \u00e0 la litt\u00e9rature, au cin\u00e9ma, \u00e0 la fantaisie. \u00c0 la vie quoi\u00a0! \u00c7a a dur\u00e9 sept, huit ans<\/i>\u00ab\u00a0, a racont\u00e9 l&rsquo;actrice \u00e0 <i>Paris Match<\/i>.<\/p>\n<p>Mais d\u00e9cid\u00e9ment, Macha M\u00e9ril ne parvient pas \u00e0 s\u00e9duire les m\u00e8res de ses compagnons, puisque cette fois encore, c&rsquo;est la g\u00e9nitrice de <strong>St\u00e9phane Freiss<\/strong> qui pr\u00e9cipite la <strong>fin de leur histoire<\/strong>. \u00ab\u00a0<i>L\u00e0 aussi, il y a eu la pression de la m\u00e8re. Mon probl\u00e8me, cette fois, c&rsquo;est que je n&rsquo;\u00e9tais pas juive<\/i>\u00ab\u00a0, a-t-elle expliqu\u00e9.<\/p>\n<h2>Son amour de jeunesse retrouv\u00e9<\/h2>\n<figure class=\"image\" style=\"float:left\"><a class=\"fancy\" href=\"https:\/\/img-3.journaldesfemmes.fr\/_94rZx-Qd4tvU7rF4D7XUGfM7HI=\/1080x\/smart\/9a6935c4be3445b49198f1f6cd10573b\/ccmcms-jdf\/11028935.jpg\"><img decoding=\"async\" alt=\"\" src=\"https:\/\/img-3.journaldesfemmes.fr\/3wPJauJKpOaAq-cwERlNlIemVdc=\/300x\/smart\/9a6935c4be3445b49198f1f6cd10573b\/ccmcms-jdf\/11028935.jpg\"\/><\/a><figcaption data-credit=\"EREZ LICHTFELD\/SIPA\"><small>\u00a9\u00a0EREZ LICHTFELD\/SIPA<\/small><\/figcaption><\/figure>\n<p>Apr\u00e8s ses multiples <strong>d\u00e9ceptions amoureuses<\/strong>, Macha M\u00e9ril d\u00e9cide de se satisfaire du c\u00e9libat\u2026 jusqu&rsquo;\u00e0 ce qu&rsquo;un fant\u00f4me de son pass\u00e9 ne r\u00e9apparaisse dans sa vie, pour son plus grand bonheur. <strong>Michel Legrand<\/strong>, <a href=\"https:\/\/www.journaldesfemmes.fr\/people\/magazine\/2625501-benjamin-castaldi-kate-middleton-meghan-markle\/2625987-macha-meril\">le musicien qu&rsquo;elle avait tant aim\u00e9<\/a> lors de cette soir\u00e9e enflamm\u00e9e de 1964\u00a0au Br\u00e9sil, reprend contact avec elle en 2014, alors que Macha M\u00e9ril est \u00e2g\u00e9e de 74\u00a0ans. Lui, vient de perdre son \u00e9pouse. Elle, est toujours c\u00e9libataire. Les \u00e9toiles sont enfin align\u00e9es. Tous deux <strong>passent une tendre nuit d&rsquo;amour<\/strong>.<\/p>\n<p>\u00ab\u00a0<strong><i>Macha, cette fois-ci, je t&rsquo;\u00e9pouse<\/i><\/strong>\u00ab\u00a0, lui a-t-il souffl\u00e9 le lendemain, selon les confidences de la principale int\u00e9ress\u00e9e \u00e0 <i>L&rsquo;Obs<\/i>. Qu&rsquo;\u00e0 cela ne tienne, <strong>leur mariage<\/strong> a lieu le 18\u00a0septembre 2014. Ils vivent quelques ann\u00e9es de bonheur, jusqu&rsquo;\u00e0 ce que Michel Legrand <strong><a href=\"https:\/\/www.journaldesfemmes.fr\/people\/2440284-michel-legrand-macha-meril-mort\/\" target=\"_blank\" rel=\"noopener noreferrer\">ne pousse son dernier soupir<\/a><\/strong>, dans les bras de son amour, en 2019.\u00a0<\/p>\n<h2>Son secret pour rester en forme\u00a0<\/h2>\n<aside id=\"NL_1094637398\" class=\"newsletter_subscription jNlBlock\"><noscript><br \/>\n            <\/noscript><\/p>\n<h3 class=\"newsletter_subscription-title\">Newsletter <\/h3>\n<p><a href=\"\/\/mailing.ccmbg.com\/archive\/last-85\" target=\"_blank\" class=\"a_hover\" rel=\"noopener noreferrer\">Voir un exemple<\/a><\/p>\n<\/aside>\n<p>\u00c0 80\u00a0ans, Macha M\u00e9ril reste <strong>rayonnante et en forme<\/strong>. La com\u00e9dienne a confi\u00e9 quelques uns des secrets de sa jeunesse \u00e9ternelle\u2026 et ils sont plut\u00f4t surprenants\u00a0! \u00ab\u00a0<em><strong>Pas de sport\u00a0! <\/strong>C&rsquo;est devenu une industrie, ils nous cassent\u00a0 les pieds avec \u00e7a\u00a0! Tous ces gens suant, qui courent et nous m\u00e9prisent\u00a0! Mais par contre, il faut \u00eatre active, faire beaucoup de choses. Par exemple, je prends l&rsquo;escalier au lieu de l&rsquo;ascenseur<\/em>\u00ab\u00a0, a-t-elle confi\u00e9 au micro d&rsquo;Europe 1. Et d&rsquo;ajouter:\u00a0 Deuxi\u00e8me secret\u00a0: \u00ab\u00a0<em>Il faut dormir, tant pis si l&rsquo;on dort plus que ce qui est permis<\/em>\u00ab\u00a0. C&rsquo;est bien not\u00e9\u00a0?\u00a0<\/p>\n<\/p><\/div>\n<p>[ad_2]<br \/>\n<br \/><a href=\"https:\/\/www.journaldesfemmes.fr\/people\/magazine\/2657045-macha-meril-age-secrets-hommes-couple-enfants\/\">Source link <\/a><\/p>\n","protected":false},"excerpt":{"rendered":"<p>[ad_1] Difficile d&rsquo;imaginer que Macha M\u00e9ril c\u00e9l\u00e8bre ses 80\u00a0ans ce 3\u00a0septembre\u00a0! L&rsquo;actrice, en pleine forme, a connu l&rsquo;amour, le succ\u00e8s &hellip; <a href=\"https:\/\/www.affinite.fr\/index.php\/2020\/09\/02\/secrets-de-famille-amour-fou-et-eternelle-jeunesse\/\" class=\"more-link\">Plus <span class=\"screen-reader-text\">secrets de famille, amour fou et \u00e9ternelle jeunesse<\/span> <span class=\"meta-nav\">&rarr;<\/span><\/a><\/p>\n","protected":false},"author":1,"featured_media":5196,"comment_status":"open","ping_status":"open","sticky":false,"template":"","format":"standard","meta":{"_sitemap_exclude":false,"_sitemap_priority":"","_sitemap_frequency":"","footnotes":""},"categories":[1],"tags":[],"class_list":["post-5195","post","type-post","status-publish","format-standard","has-post-thumbnail","hentry","category-tous"],"_links":{"self":[{"href":"https:\/\/www.affinite.fr\/index.php\/wp-json\/wp\/v2\/posts\/5195"}],"collection":[{"href":"https:\/\/www.affinite.fr\/index.php\/wp-json\/wp\/v2\/posts"}],"about":[{"href":"https:\/\/www.affinite.fr\/index.php\/wp-json\/wp\/v2\/types\/post"}],"author":[{"embeddable":true,"href":"https:\/\/www.affinite.fr\/index.php\/wp-json\/wp\/v2\/users\/1"}],"replies":[{"embeddable":true,"href":"https:\/\/www.affinite.fr\/index.php\/wp-json\/wp\/v2\/comments?post=5195"}],"version-history":[{"count":0,"href":"https:\/\/www.affinite.fr\/index.php\/wp-json\/wp\/v2\/posts\/5195\/revisions"}],"wp:featuredmedia":[{"embeddable":true,"href":"https:\/\/www.affinite.fr\/index.php\/wp-json\/wp\/v2\/media\/5196"}],"wp:attachment":[{"href":"https:\/\/www.affinite.fr\/index.php\/wp-json\/wp\/v2\/media?parent=5195"}],"wp:term":[{"taxonomy":"category","embeddable":true,"href":"https:\/\/www.affinite.fr\/index.php\/wp-json\/wp\/v2\/categories?post=5195"},{"taxonomy":"post_tag","embeddable":true,"href":"https:\/\/www.affinite.fr\/index.php\/wp-json\/wp\/v2\/tags?post=5195"}],"curies":[{"name":"wp","href":"https:\/\/api.w.org\/{rel}","templated":true}]}}