{"id":5172,"date":"2020-08-27T13:12:31","date_gmt":"2020-08-27T13:12:31","guid":{"rendered":"https:\/\/www.affinite.fr\/index.php\/2020\/08\/27\/les-series-creation-originale-canal-en-2020-2021-engrenages-la-guerre-des-mondes-la-flamme-news-series\/"},"modified":"2020-08-27T13:12:31","modified_gmt":"2020-08-27T13:12:31","slug":"les-series-creation-originale-canal-en-2020-2021-engrenages-la-guerre-des-mondes-la-flamme-news-series","status":"publish","type":"post","link":"https:\/\/www.affinite.fr\/index.php\/2020\/08\/27\/les-series-creation-originale-canal-en-2020-2021-engrenages-la-guerre-des-mondes-la-flamme-news-series\/","title":{"rendered":"Les s\u00e9ries Cr\u00e9ation Originale CANAL+ en 2020\/2021 : Engrenages, La Guerre des mondes, La Flamme&#8230; &#8211; News S\u00e9ries"},"content":{"rendered":"<p> [ad_1]<br \/>\n<\/p>\n<p>La saison 2020-21 s&rsquo;annonce all\u00e9chante. CANAL+ vient de communiquer la liste des Cr\u00e9ations Originales qu&rsquo;elle programmera au cours des prochains mois : des in\u00e9dits d'\u00a0\u00bbEngrenages\u00a0\u00bb et de \u00ab\u00a0La Guerre des mondes\u00a0\u00bb \u00e0 des nouveaut\u00e9s telles que \u00ab\u00a0La Flamme\u00a0\u00bb.<\/p>\n<div id=\"article-content\">\n<figure class=\"article-figure article-main-figure\"><img loading=\"lazy\" decoding=\"async\" class=\"article-figure-img\" width=\"640\" height=\"360\" src=\"http:\/\/fr.web.img4.acsta.net\/r_640_360\/newsv7\/20\/08\/27\/14\/19\/5217844.jpg\"\/><figcaption class=\"article-figcaption-copy\">CAROLINE DUBOIS &#8211; R\u00c9MY GRANDROQUES &#8211; SON ET LUMI\u00c8RE \/ C+<\/figcaption><\/figure>\n<p>Septembre \/ d\u00e9cembre 2020<\/p>\n<p><a title=\"Engrenages (France) (Policier,Judiciaire,Thriller)\" href=\"http:\/\/www.allocine.fr\/series\/ficheserie_gen_cserie=538.html\">ENGRENAGES<\/a>\u00a0&#8211; Saison 8<\/p>\n<p>De retour pour une ultime saison en 10 x 52 minutes, Laure, Gilou, Ali et Jos\u00e9phine nous embarquent cette ann\u00e9e\u00a0dans l\u2019univers des jeunes migrants et du grand banditisme.\u00a0Le commissaire Beckriche va, pour sa part, devoir faire face \u00e0 Lucie Bourdieu, la jeune juge instruisant la nouvelle enqu\u00eate sur l&rsquo;homicide d\u2019un jeune migrant marocain. Brillante mais peu exp\u00e9riment\u00e9e, elle se m\u00e9fie des m\u00e9thodes employ\u00e9es par les flics et traque la moindre entorse \u00e0 la proc\u00e9dure.<br \/><i>Diffusion d\u00e8s le lundi 7 septembre \u00e0 21h05 sur <span class=\"ACraHRACr0cHM6Ly9zdGFncy5ibHVla2FpLmNvbS9zaXRlLzUyNDcxP3BoaW50PWV2ZW50PWNsaWMmcGhpbnQ9Y21wX2NoYW5uZWw9UEFSVE5FUlNISVAmcGhpbnQ9Y21wX25hbWU9V0VCRURJQSZwaGludD1jbXBfZW50aXR5PVZFTCZwaGludD1jbXBfdGhlbWF0aWM9U0VSSUUmcGhpbnQ9c2l0ZT1teWNhbmFsJnBoaW50PWNtcF9kYXRlPTIwMjAmcGhpbnQ9Y21wX3N1cHBvcnQ9QUxMT0NJTkUmcGhpbnQ9Y21wX2NyZWE9QVJUSUNMRSZyZWRpcj1odHRwcyUzQSUyRiUyRnNucjQuY2FuYWxwbHVzLmNvbSUyRmR5bmNsaWNrJTJGbGVzb2ZmcmVzY2FuYWwlMkYlM0ZlcHQtbmFtZSUzRFZFTF9QQVJUTkVSU0hJUF9TRVJJRV9XRUJFRElBXzIwMjAtQUxMT0NJTkUlMjZlcHQtbWVkaWFwbGFuJTNEVkVMX1BBUlRORVJTSElQX1NFUklFX1dFQkVESUFfMjAyMCUyNmVzZWctbmFtZSUzRGVtcGxhY2VtZW50JTI2ZXNlZy1pdGVtJTNEQVJUSUNMRSUyNmVwdC1wdWJsaXNoZXIlM0RBTExPQ0lORSUyNmVwdC1sb2NhdGlvbiUzREFMTE9DSU5FJTI2ZXB0LWNyZWF0aXZlJTNEQVJUSUNMRSUyNmVwdC1jcmVhdGl2ZXR5cGUlM0QxeDElMjZldXJsJTNEaHR0cHMlM0ElMkYlMkZ3d3cuY2FuYWxwbHVzLmNvbSUyRmxlcy1zZXJpZXMtZGUtY2FuYWwtcGx1cyUzRmNtcF9lbnRpdHklM0RWRUwlMjZjbXBfY2hhbm5lbCUzRFBBUlRORVJTSElQJTI2Y21wX3RoZW1hdGljJTNEU0VSSUUlMjZjbXBfZGF0ZSUzRDIwMjAlMjZjbXBfbmFtZSUzRFdFQkVESUElMjZjbXBfc3VwcG9ydCUzREFMTE9DSU5FJTI2Y21wX2NyZWElM0RBUlRJQ0xF\" rel=\"sponsored\" target=\"_blank\">CANAL+<\/span>.<\/i><\/p>\n<p>\u00a0<\/p>\n<p><a title=\"La Flamme (France) (Com\u00e9die)\" href=\"http:\/\/www.allocine.fr\/series\/ficheserie_gen_cserie=25777.html\">LA FLAMME<\/a>\u00a0&#8211; Saison 1<\/p>\n<p>Sign\u00e9e par <a title=\"Jonathan Cohen (France) (Acteur,Sc\u00e9nariste,R\u00e9alisateur)\" href=\"http:\/\/www.allocine.fr\/personne\/fichepersonne_gen_cpersonne=236096.html\">Jonathan Cohen<\/a>, J\u00e9r\u00e9mie Galan et Florent Bernard, cette com\u00e9die en 9 x 26 minutes est\u00a0librement adapt\u00e9e du format am\u00e9ricain\u00a0<a title=\"Burning Love (U.S.A.) (Com\u00e9die)\" href=\"http:\/\/www.allocine.fr\/series\/ficheserie_gen_cserie=11960.html\">Burning Love<\/a> produit en 2012 par <a title=\"Ben Stiller (U.S.A.) (Acteur,Producteur,R\u00e9alisateur)\" href=\"http:\/\/www.allocine.fr\/personne\/fichepersonne_gen_cpersonne=25348.html\">Ben Stiller<\/a>.\u00a0Parodie des programmes de t\u00e9l\u00e9-r\u00e9alit\u00e9 de <i>dating<\/i> comme <i>Le Bachelor<\/i>, <i>La Flamme<\/i> permet \u00e0 Jonathan Cohen de se glisser dans la peau de Marc, un c\u00e9libataire beau, riche et intelligent, dont 13 pr\u00e9tendantes vont se disputer les faveurs. En prime, une jolie liste de guests\u00a0(<a title=\"Vincent Dedienne (France) (Acteur)\" href=\"http:\/\/www.allocine.fr\/personne\/fichepersonne_gen_cpersonne=157728.html\">Vincent Dedienne<\/a>, <a title=\"Ramzy Bedia (France) (Acteur,Sc\u00e9nariste,R\u00e9alisateur)\" href=\"http:\/\/www.allocine.fr\/personne\/fichepersonne_gen_cpersonne=38768.html\">Ramzy Bedia<\/a>, <a title=\"Fran\u00e7ois Civil (France) (Acteur)\" href=\"http:\/\/www.allocine.fr\/personne\/fichepersonne_gen_cpersonne=198048.html\">Fran\u00e7ois Civil<\/a>, <a title=\"Florence Foresti (France) (Acteur,Sc\u00e9nariste,Dialoguiste)\" href=\"http:\/\/www.allocine.fr\/personne\/fichepersonne_gen_cpersonne=145259.html\">Florence Foresti<\/a>, <a title=\"Pierre Niney (France) (Acteur,Sc\u00e9nariste,R\u00e9alisateur)\" href=\"http:\/\/www.allocine.fr\/personne\/fichepersonne_gen_cpersonne=228780.html\">Pierre Niney<\/a>, <a title=\"H\u00e9l\u00e9na Noguerra (Belgique) (Acteur,R\u00e9alisateur)\" href=\"http:\/\/www.allocine.fr\/personne\/fichepersonne_gen_cpersonne=33328.html\">H\u00e9l\u00e8na Noguerra<\/a>&#8230;).<br \/>Diffusion \u00e0 partir du mois d&rsquo;octobre sur CANAL+.<\/p>\n<p>\u00a0<\/p>\n<p><a title=\"Possessions (France,Isra\u00ebl,Grande-Bretagne) (Thriller)\" href=\"http:\/\/www.allocine.fr\/series\/ficheserie_gen_cserie=25119.html\">POSSESSIONS<\/a>\u00a0&#8211; Saison 1<\/p>\n<p>Thriller noir \u00e0 la production internationale, cette mini-s\u00e9rie isra\u00e9lienne en 6 x 52 minutes est port\u00e9e par\u00a0<a title=\"Reda Kateb (France) (Acteur,R\u00e9alisateur,Sc\u00e9nariste)\" href=\"http:\/\/www.allocine.fr\/personne\/fichepersonne_gen_cpersonne=220861.html\">Reda Kateb<\/a> et <a title=\"Nadia Tereszkiewicz (France) (Acteur)\" href=\"http:\/\/www.allocine.fr\/personne\/fichepersonne_gen_cpersonne=844975.html\">Nadia Tereszkiewicz<\/a>. L&rsquo;intrigue suit Nathalie, une jeune fran\u00e7aise expatri\u00e9e en Isra\u00ebl, accus\u00e9e de l\u2019assassinat de son mari durant la nuit de noces. Karim, un diplomate fran\u00e7ais, est charg\u00e9 de l\u2019aider. Mais il tombe peu \u00e0 peu sous son charme, sans parvenir \u00e0 savoir si la jeune femme dit la v\u00e9rit\u00e9, ou si c\u2019est une manipulatrice hors pair.\u00a0Obs\u00e9d\u00e9 par cette affaire, Karim va plonger dans le pass\u00e9 myst\u00e9rieux de Natalie et de sa famille.<\/p>\n<div class=\"article-figure-holder\">\n<figure class=\"article-figure mceNonEditable\"><img loading=\"lazy\" decoding=\"async\" class=\"article-figure-img\" src=\"data:image\/gif;base64,R0lGODlhAgABAPAAAAAAAAAAACH5BAEAAAAAIf8LSW1hZ2VNYWdpY2sNZ2FtbWE9MC40NTQ1NQAsAAAAAAIAAQAAAgIECgA7\" data-src=\"http:\/\/fr.web.img6.acsta.net\/r_620_260\/newsv7\/20\/08\/27\/13\/21\/2194844.jpg\" width=\"640\" height=\"320\"\/><span class=\"article-figcaption-copy\">VERED ADIR &#8211; HAUT ET COURT TV \/ QUIDDITY \/ C+<\/span><figcaption class=\"article-figcaption\">\n            Liaison dangereuse pour Reda Kateb et Nadia Tereszkiewicz dans \u00ab\u00a0Possessions\u00a0\u00bb.<br \/>\n        <\/figcaption><\/figure>\n<\/div>\n<p>Janvier \/ Juin 2021<\/p>\n<p><a title=\"Hippocrate (France) (Drame,M\u00e9dical)\" href=\"http:\/\/www.allocine.fr\/series\/ficheserie_gen_cserie=23120.html\">HIPPOCRATE<\/a>\u00a0&#8211; Saison 2<\/p>\n<p>Cette saison 8 x 52 minutes, avec toujours\u00a0<a title=\"Thomas Lilti (France) (Sc\u00e9nariste,R\u00e9alisateur,Cr\u00e9ateur)\" href=\"http:\/\/www.allocine.fr\/personne\/fichepersonne_gen_cpersonne=3777.html\">Thomas Lilti<\/a> aux commandes, permettra une nouvelle immersion dans les couloirs de l\u2019h\u00f4pital Poincar\u00e9. Nouveau coup dur pour le personnel m\u00e9dical.\u00a0C\u2019est l\u2019hiver et une canalisation a saut\u00e9 dans l&rsquo;\u00e9tablissement. Les soignants et les malades doivent se replier en m\u00e9decine interne. Alyson (<a title=\"Alice Bela\u00efdi (France) (Acteur)\" href=\"http:\/\/www.allocine.fr\/personne\/fichepersonne_gen_cpersonne=486844.html\">Alice Bela\u00efdi<\/a>) et Hugo (<a title=\"Zacharie Chasseriaud (France) (Acteur)\" href=\"http:\/\/www.allocine.fr\/personne\/fichepersonne_gen_cpersonne=207557.html\">Zacharie Chasseriaud<\/a>) poursuivent leur stage dans le service. Chlo\u00e9 (<a title=\"Louise Bourgoin (France) (Acteur)\" href=\"http:\/\/www.allocine.fr\/personne\/fichepersonne_gen_cpersonne=201721.html\">Louise Bourgoin<\/a>) fait tout pour revenir pratiquer malgr\u00e9 une sant\u00e9 fragile. Aucun des trois n\u2019a de nouvelles d\u2019Arben (<a title=\"Karim Leklou (France) (Acteur)\" href=\"http:\/\/www.allocine.fr\/personne\/fichepersonne_gen_cpersonne=436215.html\">Karim Leklou<\/a>), parti sans laisser un mot. Ils vont devoir affronter un h\u00f4pital en crise, sous l\u2019autorit\u00e9 du docteur Olivier Brun (<a title=\"Bouli Lanners (Belgique) (Acteur,R\u00e9alisateur,Sc\u00e9nariste)\" href=\"http:\/\/www.allocine.fr\/personne\/fichepersonne_gen_cpersonne=14951.html\">Bouli Lanners<\/a>), le nouveau chef du service des urgences.<\/p>\n<div class=\"article-figure-holder\">\n<figure class=\"article-figure mceNonEditable\"><img loading=\"lazy\" decoding=\"async\" class=\"article-figure-img\" src=\"data:image\/gif;base64,R0lGODlhAgABAPAAAAAAAAAAACH5BAEAAAAAIf8LSW1hZ2VNYWdpY2sNZ2FtbWE9MC40NTQ1NQAsAAAAAAIAAQAAAgIECgA7\" data-src=\"http:\/\/fr.web.img4.acsta.net\/r_620_260\/newsv7\/20\/08\/27\/13\/44\/4439281.jpg\" width=\"640\" height=\"320\"\/><span class=\"article-figcaption-copy\">DENIS MANIN \/ 31 JUIN FILMS \/ C+<\/span><figcaption class=\"article-figcaption\">\n            Chlo\u00e9 (Louise Bourgoin) plus que jamais d\u00e9termin\u00e9e \u00e0 reprendre du service malgr\u00e9 une sant\u00e9 fragile.<br \/>\n        <\/figcaption><\/figure>\n<\/div>\n<p><a title=\"La Guerre des Mondes (Canal+) (Grande-Bretagne) (Science fiction,Drame)\" href=\"http:\/\/www.allocine.fr\/series\/ficheserie_gen_cserie=23873.html\">LA GUERRE DES MONDES<\/a>\u00a0&#8211; Saison 2<\/p>\n<p>L&rsquo;intrigue va pouvoir \u00eatre prolong\u00e9e gr\u00e2ce \u00e0 cette nouvelle saison en 8 x 52 minutes.\u00a0Les protagonistes vont devoir s\u00e9rieusement envisager que l\u2019envahisseur puisse \u00eatre humain. Une v\u00e9ritable guerre s&rsquo;annonce pour reprendre le contr\u00f4le de la plan\u00e8te&#8230; <a title=\"Gabriel Byrne (Irlande) (Acteur,Producteur ex\u00e9cutif,Sc\u00e9nariste)\" href=\"http:\/\/www.allocine.fr\/personne\/fichepersonne_gen_cpersonne=4489.html\">Gabriel Byrne<\/a>, <a title=\"L\u00e9a Drucker (France) (Acteur,Sc\u00e9nariste,R\u00e9alisateur)\" href=\"http:\/\/www.allocine.fr\/personne\/fichepersonne_gen_cpersonne=5084.html\">L\u00e9a Drucker<\/a>,\u00a0<a title=\"Daisy Edgar-Jones (Grande-Bretagne) (Acteur)\" href=\"http:\/\/www.allocine.fr\/personne\/fichepersonne_gen_cpersonne=864250.html\">Daisy Edgar-Jones<\/a> ou encore\u00a0<a title=\"Natasha Little (Grande-Bretagne) (Acteur)\" href=\"http:\/\/www.allocine.fr\/personne\/fichepersonne_gen_cpersonne=83591.html\">Natasha Little<\/a> seront toujours de la partie.<\/p>\n<div class=\"article-figure-holder\">\n<figure class=\"article-figure mceNonEditable\"><img loading=\"lazy\" decoding=\"async\" class=\"article-figure-img\" src=\"data:image\/gif;base64,R0lGODlhAgABAPAAAAAAAAAAACH5BAEAAAAAIf8LSW1hZ2VNYWdpY2sNZ2FtbWE9MC40NTQ1NQAsAAAAAAIAAQAAAgIECgA7\" data-src=\"http:\/\/fr.web.img6.acsta.net\/r_620_260\/newsv7\/20\/08\/27\/13\/44\/4450201.jpg\" width=\"640\" height=\"320\"\/><span class=\"article-figcaption-copy\">JOSS BARRATT \/ URBAN MYTH FILMS<\/span><figcaption class=\"article-figcaption\">\n            D\u00e9couvertes surprenantes \u00e0 venir dans la saison 2 de \u00ab\u00a0La Guerre des mondes\u00a0\u00bb.<br \/>\n        <\/figcaption><\/figure>\n<\/div>\n<p><a title=\"OVNI(s) (France,Belgique) (Com\u00e9die,Fantastique,Science fiction)\" href=\"http:\/\/www.allocine.fr\/series\/ficheserie_gen_cserie=25457.html\">OVNI(s)<\/a>\u00a0&#8211; Saison 1<\/p>\n<p>Com\u00e9die fantastique en 12 x 30 minutes, cette cr\u00e9ation de\u00a0<a title=\"Cl\u00e9mence Dargent (France) (Sc\u00e9nariste,Cr\u00e9ateur)\" href=\"http:\/\/www.allocine.fr\/personne\/fichepersonne_gen_cpersonne=802648.html\">Cl\u00e9mence Dargent<\/a> et\u00a0<a title=\"Martin Douaire (Ind\u00e9fini) (Acteur,Sc\u00e9nariste)\" href=\"http:\/\/www.allocine.fr\/personne\/fichepersonne_gen_cpersonne=422690.html\">Martin Douaire<\/a> est\u00a0inspir\u00e9e d\u2019un bureau bien r\u00e9el, qui existe en France depuis la fin des ann\u00e9es 70. L&rsquo;histoire nous ram\u00e8ne en\u00a01978. Didier Mathure (<a title=\"Melvil Poupaud (France) (Acteur,R\u00e9alisateur,Sc\u00e9nariste)\" href=\"http:\/\/www.allocine.fr\/personne\/fichepersonne_gen_cpersonne=2213.html\">Melvil Poupaud<\/a>), brillant ing\u00e9nieur spatial, voit son r\u00eave partir en fum\u00e9e lorsque sa fus\u00e9e explose au d\u00e9collage. Alors qu\u2019il pensait avoir touch\u00e9 le fond, il est mut\u00e9 \u00e0 la t\u00eate d\u2019un bureau d\u2019enqu\u00eate sp\u00e9cialis\u00e9 dans les ovnis g\u00e9r\u00e9 par une \u00e9quipe qui donne effectivement l\u2019impression de vivre sur une autre plan\u00e8te. Sa mission : trouver des explications scientifiques aux apparitions de soucoupes volantes qui d\u00e9fraient la chronique. Un v\u00e9ritable enfer pour ce cart\u00e9sien inv\u00e9t\u00e9r\u00e9 qui n\u2019a qu\u2019une id\u00e9e en t\u00eate : se tirer de l\u00e0 au plus vite. Mais un \u00e9v\u00e9nement extraordinaire va bouleverser ses certitudes, et lui ouvrir les portes d\u2019un monde o\u00f9 plus rien n\u2019est impossible !<\/p>\n<div class=\"article-figure-holder\">\n<figure class=\"article-figure mceNonEditable\"><img loading=\"lazy\" decoding=\"async\" class=\"article-figure-img\" src=\"data:image\/gif;base64,R0lGODlhAgABAPAAAAAAAAAAACH5BAEAAAAAIf8LSW1hZ2VNYWdpY2sNZ2FtbWE9MC40NTQ1NQAsAAAAAAIAAQAAAgIECgA7\" data-src=\"http:\/\/fr.web.img6.acsta.net\/r_620_260\/newsv7\/20\/08\/27\/14\/09\/3812480.jpg\" width=\"640\" height=\"320\"\/><span class=\"article-figcaption-copy\">NICOLAS VELTER \/ MONTEBELLO PRODUCTIONS \/ C+<\/span><figcaption class=\"article-figcaption\">\n            La v\u00e9rit\u00e9 est ailleurs pour Didier Mathure (Melvin Poupaud) et sa nouvelle \u00e9quipe.<br \/>\n        <\/figcaption><\/figure>\n<\/div>\n<p><a title=\"Paris police 1900 (France) (Policier,Historique,Drame)\" href=\"http:\/\/www.allocine.fr\/series\/ficheserie_gen_cserie=25369.html\">PARIS POLICE 1900<\/a>\u00a0&#8211; Saison 1<\/p>\n<p><a title=\"Fabien Nury (France) (Sc\u00e9nariste,Cr\u00e9ateur,D'apr\u00e8s l'oeuvre de)\" href=\"http:\/\/www.allocine.fr\/personne\/fichepersonne_gen_cpersonne=138860.html\">Fabien Nury<\/a>\u00a0remonte le temps jusqu&rsquo;en 1899 avec cette fiction en 8 x 52 minutes.\u00a0La R\u00e9publique est au bord de l\u2019explosion, prise en \u00e9tau entre les ligues nationalistes et antis\u00e9mites et la menace anarchiste. Le cadavre d\u2019une inconnue retrouv\u00e9e dans la Seine va propulser un jeune inspecteur ambitieux (<a title=\"J\u00e9r\u00e9mie Laheurte (France) (Acteur)\" href=\"http:\/\/www.allocine.fr\/personne\/fichepersonne_gen_cpersonne=625868.html\">J\u00e9r\u00e9mie Laheurte<\/a>) au coeur d\u2019une enqu\u00eate criminelle qui r\u00e9v\u00e9lera un lourd secret d\u2019\u00c9tat. Il va croiser la route de L\u00e9pine, de retour \u00e0 la t\u00eate d\u2019une Pr\u00e9fecture v\u00e9rol\u00e9e par les luttes de pouvoir, de la premi\u00e8re femme avocate et d\u2019une courtisane reconvertie en espionne&#8230; Ces personnages que tout oppose vont s\u2019unir pour affronter un coup d\u2019\u00e9tat. La Belle \u00c9poque n\u2019a de belle que le nom.<\/p>\n<div class=\"article-figure-holder\">\n<figure class=\"article-figure mceNonEditable\"><img loading=\"lazy\" decoding=\"async\" class=\"article-figure-img\" src=\"data:image\/gif;base64,R0lGODlhAgABAPAAAAAAAAAAACH5BAEAAAAAIf8LSW1hZ2VNYWdpY2sNZ2FtbWE9MC40NTQ1NQAsAAAAAAIAAQAAAgIECgA7\" data-src=\"http:\/\/fr.web.img6.acsta.net\/r_620_260\/newsv7\/20\/08\/27\/14\/09\/3824960.jpg\" width=\"640\" height=\"320\"\/><span class=\"article-figcaption-copy\">VINCENT FLOURET \/ C+<\/span><figcaption class=\"article-figcaption\">\n            J\u00e9r\u00e9mie Laheurte (\u00ab\u00a0La vie d&rsquo;Ad\u00e8le\u00a0\u00bb) dans la peau d&rsquo;un jeune inspecteur ambitieux de la Belle \u00c9poque.<br \/>\n        <\/figcaption><\/figure>\n<\/div>\n<p>Et\u00a0<a title=\"Valid\u00e9 (France) (Drame)\" href=\"http:\/\/www.allocine.fr\/series\/ficheserie_gen_cserie=24293.html\">VALID\u00c9<\/a> &#8211; Saison 2, s\u00e9rie de <a title=\"Franck Gastambide (France) (Acteur,R\u00e9alisateur,Sc\u00e9nariste)\" href=\"http:\/\/www.allocine.fr\/personne\/fichepersonne_gen_cpersonne=414184.html\">Franck Gastambide<\/a>, sur laquelle la cha\u00eene communiquera plus tard.<\/p>\n<\/p><\/div>\n<p>[ad_2]<br \/>\n<br \/><a href=\"http:\/\/rss.allocine.fr\/~r\/ac\/actualites\/~3\/hfZgdU7iNn4\/fichearticle_gen_carticle=18692484.html\">Source link <\/a><\/p>\n","protected":false},"excerpt":{"rendered":"<p>[ad_1] La saison 2020-21 s&rsquo;annonce all\u00e9chante. CANAL+ vient de communiquer la liste des Cr\u00e9ations Originales qu&rsquo;elle programmera au cours des &hellip; <a href=\"https:\/\/www.affinite.fr\/index.php\/2020\/08\/27\/les-series-creation-originale-canal-en-2020-2021-engrenages-la-guerre-des-mondes-la-flamme-news-series\/\" class=\"more-link\">Plus <span class=\"screen-reader-text\">Les s\u00e9ries Cr\u00e9ation Originale CANAL+ en 2020\/2021 : Engrenages, La Guerre des mondes, La Flamme&#8230; &#8211; News S\u00e9ries<\/span> <span class=\"meta-nav\">&rarr;<\/span><\/a><\/p>\n","protected":false},"author":1,"featured_media":5173,"comment_status":"open","ping_status":"open","sticky":false,"template":"","format":"standard","meta":{"_sitemap_exclude":false,"_sitemap_priority":"","_sitemap_frequency":"","footnotes":""},"categories":[1],"tags":[],"class_list":["post-5172","post","type-post","status-publish","format-standard","has-post-thumbnail","hentry","category-tous"],"_links":{"self":[{"href":"https:\/\/www.affinite.fr\/index.php\/wp-json\/wp\/v2\/posts\/5172"}],"collection":[{"href":"https:\/\/www.affinite.fr\/index.php\/wp-json\/wp\/v2\/posts"}],"about":[{"href":"https:\/\/www.affinite.fr\/index.php\/wp-json\/wp\/v2\/types\/post"}],"author":[{"embeddable":true,"href":"https:\/\/www.affinite.fr\/index.php\/wp-json\/wp\/v2\/users\/1"}],"replies":[{"embeddable":true,"href":"https:\/\/www.affinite.fr\/index.php\/wp-json\/wp\/v2\/comments?post=5172"}],"version-history":[{"count":0,"href":"https:\/\/www.affinite.fr\/index.php\/wp-json\/wp\/v2\/posts\/5172\/revisions"}],"wp:featuredmedia":[{"embeddable":true,"href":"https:\/\/www.affinite.fr\/index.php\/wp-json\/wp\/v2\/media\/5173"}],"wp:attachment":[{"href":"https:\/\/www.affinite.fr\/index.php\/wp-json\/wp\/v2\/media?parent=5172"}],"wp:term":[{"taxonomy":"category","embeddable":true,"href":"https:\/\/www.affinite.fr\/index.php\/wp-json\/wp\/v2\/categories?post=5172"},{"taxonomy":"post_tag","embeddable":true,"href":"https:\/\/www.affinite.fr\/index.php\/wp-json\/wp\/v2\/tags?post=5172"}],"curies":[{"name":"wp","href":"https:\/\/api.w.org\/{rel}","templated":true}]}}