{"id":5132,"date":"2020-08-19T16:35:01","date_gmt":"2020-08-19T16:35:01","guid":{"rendered":"https:\/\/www.affinite.fr\/index.php\/2020\/08\/19\/tiphaine-auziere-parle-de-brigitte-macron-sa-mere-passionnee\/"},"modified":"2020-08-19T16:35:01","modified_gmt":"2020-08-19T16:35:01","slug":"tiphaine-auziere-parle-de-brigitte-macron-sa-mere-passionnee","status":"publish","type":"post","link":"https:\/\/www.affinite.fr\/index.php\/2020\/08\/19\/tiphaine-auziere-parle-de-brigitte-macron-sa-mere-passionnee\/","title":{"rendered":"Tiphaine Auzi\u00e8re parle de Brigitte Macron, sa \u00ab\u00a0m\u00e8re passionn\u00e9e\u00a0\u00bb"},"content":{"rendered":"<p> [ad_1]<br \/>\n<br \/><img decoding=\"async\" src=\"https:\/\/img-3.journaldesfemmes.fr\/_xvWtt_Lc1jaSopSZS0JXwGkZT0=\/1280x\/smart\/99ded14807eb4c5ea92efa9c5e8eaec3\/ccmcms-jdf\/18004368.jpg\" \/><\/p>\n<p>\n                Fusionnelle avec Brigitte Macron, Tiphaine Auzi\u00e8re a pu compter sur le soutien de sa maman pour le lancement d&rsquo;un  projet d\u00e8s le mois de septembre. La jeune avocate a imagin\u00e9 un \u00e9tablissement scolaire d&rsquo;excellence, accessible \u00e0 tous les \u00e9l\u00e8ves.            <\/p>\n<div>\n<p>La benjamine de <a href=\"https:\/\/www.journaldesfemmes.fr\/people\/personnalites\/2559562-brigitte-macron\/\" title=\"Brigitte Trogneux\">Brigitte Macron<\/a> et d&rsquo;Andr\u00e9-Louis Auzi\u00e8re\u00a0est sous le feu des projecteurs. Apr\u00e8s avoir pris\u00a0la t\u00eate d&rsquo;un comit\u00e9 de soutien pour Emmanuel Macron\u00a0lors de la campagne pr\u00e9sidentielle de 2017, <a href=\"https:\/\/www.journaldesfemmes.fr\/people\/magazine\/2635323-emmanuel-macron-christophe-catherine-laborde-stephane-plaza\/2635845-tiphaine-auziere\">Tiphaine Auzi\u00e8re<\/a> a un nouveau projet bien particulier. L&rsquo;avocate de 36 ans souhaite ouvrir <strong>un lyc\u00e9e d&rsquo;excellence \u00ab\u00a0<i>innovant, accessible \u00e0 tous, empreint d&rsquo;humanisme\u00a0\u00bb<\/i>, nomm\u00e9 <em>Autrement<\/em><\/strong>. La jeune maman d&rsquo;Elise et Aur\u00e8le est revenue sur ce d\u00e9fi de taille dans un entretien \u00e0\u00a0<em>Point de Vue<\/em>.<\/p>\n<h2>Un lyc\u00e9e innovant<\/h2>\n<p>Tiphaine Auzi\u00e8re a \u00ab\u00a0<em>voulu agir tout de suite, car [elle] trouve dommage de voir fuir des talents et des potentiels alors qu&rsquo;il y a tellement de challenges et d&rsquo;enjeux ici<\/em>\u00a0\u00ab\u00a0.<\/p>\n<p>Une initiative \u00e9galement\u00a0motiv\u00e9e pour le futur de ses\u00a0propres enfants&#8230;\u00a0\u00a0<strong>\u00ab\u00a0<\/strong><em><strong>Pour Elise, 7\u00a0ans et Aur\u00e8le, bient\u00f4t 5\u00a0ans, j&rsquo;ai envie plus tard du meilleur syst\u00e8me \u00e9ducatif possible\u00a0\u00bb,<\/strong> <\/em>a expliqu\u00e9 <a href=\"https:\/\/www.journaldesfemmes.fr\/people\/magazine\/2561152-laeticia-hallyday-michel-sardou-brigitte-macron\/2563054-tiphaine-auziere-et-brigitte-macron\">la belle-fille du Chef de l&rsquo;Etat<\/a>. \u00ab\u00a0<em>Chez nous, cela n&rsquo;existe pas et implique forc\u00e9ment de partir en internat.\u00a0A 15\u00a0ans, ils n&rsquo;en auront peut-\u00eatre pas envie\u2026 et moi non plus!\u00a0\u00bb, <\/em>a-t-elle regrett\u00e9.\u00a0<\/p>\n<h2>Passionn\u00e9e comme sa m\u00e8re Brigitte Macron<\/h2>\n<p>L&rsquo;\u00e9tablissement <em>Autrement<\/em>\u00a0devrait \u00eatre inaugur\u00e9 d\u00e8s le 1er septembre 2020\u00a0\u00e0 Paris. Et Tiphaine Auzi\u00e8re n&rsquo;a pas travaill\u00e9 en solo sur ce colossal projet. L&rsquo;\u00e9pouse d&rsquo;Antoine Choteau\u00a0a confi\u00e9 qu&rsquo;elle avait pu\u00a0partager son ambition avec sa m\u00e8re, Brigitte Macron.<\/p>\n<p>Autrefois enseignante\u00a0en fran\u00e7ais et\u00a0latin au coll\u00e8ge La Providence \u00e0 Amiens, la premi\u00e8re dame a pu dispenser ses pr\u00e9cieux conseils \u00e0 sa fille. \u00ab\u00a0<em>Nous en parlons beaucoup ensemble, et je continuerai \u00e0 le faire au fur et \u00e0 mesure du d\u00e9veloppement du projet<\/em>\u00a0\u00ab\u00a0, a assur\u00e9 la jeune femme \u00e0 <em>Point de Vue.<\/em>\u00a0<\/p>\n<p>Dans les colonnes du magazine, Tiphaine Auzi\u00e8re a \u00e9voqu\u00e9 son admiration\u00a0 pour cette derni\u00e8re:<i>\u00ab\u00a0<strong>J&rsquo;ai eu la chance d&rsquo;avoir une m\u00e8re passionn\u00e9e par son m\u00e9tier, qui plus est en professeur particulier\u00a0\u00bb.\u00a0<\/strong><\/i><\/p>\n<aside id=\"NL_443738689\" class=\"newsletter_subscription jNlBlock\"><noscript><br \/>\n            <\/noscript><\/p>\n<h3 class=\"newsletter_subscription-title\">Newsletter <\/h3>\n<p><a href=\"\/\/mailing.ccmbg.com\/archive\/last-85\" target=\"_blank\" class=\"a_hover\" rel=\"noopener noreferrer\">Voir un exemple<\/a><\/p>\n<\/aside>\n<p><a href=\"https:\/\/www.journaldesfemmes.fr\/people\/magazine\/2559018-jenifer-mariage-brigitte-macron-michel-sardou-yannick-noah-hugues-aufray\/2560782-brigitte-macron-et-tiphaine-auziere\">Un tandem m\u00e8re-fille<\/a> complice et fusionnel&#8230; \u00ab\u00a0<i><strong>Il para\u00eet que les enfants d&rsquo;enseignants ne s&rsquo;en sortent pas trop mal.<\/strong>.. J&rsquo;aimerais que d&rsquo;autres enfants puissent avoir autant de chance que moi\u00a0\u00bb, <\/i>a\u00a0conclu Tiphaine Auzi\u00e8re.<\/p>\n<\/p><\/div>\n<p>[ad_2]<br \/>\n<br \/><a href=\"https:\/\/www.journaldesfemmes.fr\/people\/magazine\/2654205-tiphaine-auziere-et-sa-mere-brigitte-macron\/\">Source link <\/a><\/p>\n","protected":false},"excerpt":{"rendered":"<p>[ad_1] Fusionnelle avec Brigitte Macron, Tiphaine Auzi\u00e8re a pu compter sur le soutien de sa maman pour le lancement d&rsquo;un &hellip; <a href=\"https:\/\/www.affinite.fr\/index.php\/2020\/08\/19\/tiphaine-auziere-parle-de-brigitte-macron-sa-mere-passionnee\/\" class=\"more-link\">Plus <span class=\"screen-reader-text\">Tiphaine Auzi\u00e8re parle de Brigitte Macron, sa \u00ab\u00a0m\u00e8re passionn\u00e9e\u00a0\u00bb<\/span> <span class=\"meta-nav\">&rarr;<\/span><\/a><\/p>\n","protected":false},"author":1,"featured_media":5133,"comment_status":"open","ping_status":"open","sticky":false,"template":"","format":"standard","meta":{"_sitemap_exclude":false,"_sitemap_priority":"","_sitemap_frequency":"","footnotes":""},"categories":[1],"tags":[],"class_list":["post-5132","post","type-post","status-publish","format-standard","has-post-thumbnail","hentry","category-tous"],"_links":{"self":[{"href":"https:\/\/www.affinite.fr\/index.php\/wp-json\/wp\/v2\/posts\/5132"}],"collection":[{"href":"https:\/\/www.affinite.fr\/index.php\/wp-json\/wp\/v2\/posts"}],"about":[{"href":"https:\/\/www.affinite.fr\/index.php\/wp-json\/wp\/v2\/types\/post"}],"author":[{"embeddable":true,"href":"https:\/\/www.affinite.fr\/index.php\/wp-json\/wp\/v2\/users\/1"}],"replies":[{"embeddable":true,"href":"https:\/\/www.affinite.fr\/index.php\/wp-json\/wp\/v2\/comments?post=5132"}],"version-history":[{"count":0,"href":"https:\/\/www.affinite.fr\/index.php\/wp-json\/wp\/v2\/posts\/5132\/revisions"}],"wp:featuredmedia":[{"embeddable":true,"href":"https:\/\/www.affinite.fr\/index.php\/wp-json\/wp\/v2\/media\/5133"}],"wp:attachment":[{"href":"https:\/\/www.affinite.fr\/index.php\/wp-json\/wp\/v2\/media?parent=5132"}],"wp:term":[{"taxonomy":"category","embeddable":true,"href":"https:\/\/www.affinite.fr\/index.php\/wp-json\/wp\/v2\/categories?post=5132"},{"taxonomy":"post_tag","embeddable":true,"href":"https:\/\/www.affinite.fr\/index.php\/wp-json\/wp\/v2\/tags?post=5132"}],"curies":[{"name":"wp","href":"https:\/\/api.w.org\/{rel}","templated":true}]}}