{"id":5102,"date":"2020-08-12T16:26:21","date_gmt":"2020-08-12T16:26:21","guid":{"rendered":"https:\/\/www.affinite.fr\/index.php\/2020\/08\/12\/vacances-et-looks-dete-a-saint-tropez-photo\/"},"modified":"2020-08-12T16:26:21","modified_gmt":"2020-08-12T16:26:21","slug":"vacances-et-looks-dete-a-saint-tropez-photo","status":"publish","type":"post","link":"https:\/\/www.affinite.fr\/index.php\/2020\/08\/12\/vacances-et-looks-dete-a-saint-tropez-photo\/","title":{"rendered":"vacances et looks d&rsquo;\u00e9t\u00e9 \u00e0 Saint-Tropez [PHOTO]"},"content":{"rendered":"<p> [ad_1]<br \/>\n<br \/><img decoding=\"async\" src=\"https:\/\/img-3.journaldesfemmes.fr\/W3cn6066fZN1bl-LIPIzZWkaR3I=\/1280x\/smart\/8a7b36c1d7084fd0930f7e2650be3f89\/ccmcms-jdf\/17839459.jpg\" \/><\/p>\n<p>\n                En s\u00e9jour dans le Sud avec son fr\u00e8re Pierre, Jean Sarkozy est apparu compl\u00e8tement m\u00e9tamorphos\u00e9. Barbe dor\u00e9e, muscles saillants et carrure d&rsquo;athl\u00e8te, le jeune homme au style BCBG impose une nouvelle silhouette\u00a0! \u00ab\u00a0Do You Do You&#8230;\u00a0\u00bb            <\/p>\n<div>\n<p>C&rsquo;est les vacances&#8230; M\u00eame chez les Sarkozy ! Et c&rsquo;est dans le Sud de la France que la famille a d\u00e9cid\u00e9 de s&rsquo;\u00e9tablir.\u00a0<strong><a href=\"https:\/\/www.journaldesfemmes.fr\/people\/nicolas-sarkozy\/\" title=\"Nicolas Sarkozi\">Nicolas Sarkozy<\/a>,\u00a0son \u00e9pouse Carla Bruni et leur petite Giulia profitent de la douceur de la demeure familiale\u00a0au cap N\u00e8gre au Lavandou&#8230;<\/strong><br \/>Tandis que<strong>\u00a0Jean et Pierre Sarkozy<\/strong>, n\u00e9s de l&rsquo;union de l&rsquo;ex-chef de l&rsquo;Etat avec\u00a0Marie-Dominique Culioli,\u00a0se sont install\u00e9s \u00e0\u00a0Saint-Tropez.<br \/><a href=\"https:\/\/www.journaldesfemmes.fr\/people\/magazine\/2553964-bruel-alain-delon-celine-dion-pierre-sarkozy-depardieu-macron-louane-chirac\/2554696-pierre-sarkozy\">L\u2019a\u00een\u00e9 de 34 ans, Pierre<\/a>, est toujours producteur de musique sous le nom de DJ Mosey et n&rsquo;a pas manqu\u00e9 de se rendre dans le club de Jean-Roch o\u00f9 il a\u00a0mix\u00e9 plusieurs fois.<br \/><strong><a href=\"https:\/\/www.journaldesfemmes.fr\/people\/magazine\/2408770-ingrid-chauvin-meghan-harry-liy-rose\/2408852-jean-sarkozy\">Quant \u00e0 Jean, papa de Solal 10 ans et Lola 8 ans<\/a>, il a surpris les vacanciers varois et autres habitu\u00e9s&#8230;<\/strong><\/p>\n<h2><strong>Jean Sarkozy fait des vagues<\/strong><\/h2>\n<aside id=\"NL_1539690487\" class=\"newsletter_subscription jNlBlock\"><noscript><br \/>\n            <\/noscript><\/p>\n<h3 class=\"newsletter_subscription-title\">Newsletter <\/h3>\n<p><a href=\"\/\/mailing.ccmbg.com\/archive\/last-85\" target=\"_blank\" class=\"a_hover\" rel=\"noopener noreferrer\">Voir un exemple<\/a><\/p>\n<\/aside>\n<p><a href=\"https:\/\/www.journaldesfemmes.fr\/people\/magazine\/1874436-un-week-end-chez-les-stars\/1876398-jean-sarkozy\">Le juriste de\u00a033 ans<\/a> a fait une apparition plut\u00f4t remarqu\u00e9e\u00a0le 10\u00a0ao\u00fbt, au sortir de l&rsquo;eau,\u00a0<strong>la chevelure plaqu\u00e9e, le torse bomb\u00e9 et les poils de bouc\u00a0en bataille<\/strong>. Une m\u00e9tamorphose bien loin des costumes et cravates de l&rsquo;apprenti\u00a0politicien&#8230;<\/p>\n<p><strong>Jean Sarkozy a particip\u00e9 \u00e0 la Travers\u00e9e de Pampelonne<\/strong>,\u00a0o\u00f9 il s&rsquo;est tout de m\u00eame class\u00e9 47 sur 73e.\u00a0\u00ab\u00a0<em>C&rsquo;est un tr\u00e8s bel \u00e9v\u00e9nement. J&rsquo;aime le c\u00f4t\u00e9 naturel de Pampelonne. Je suis tr\u00e8s heureux d&rsquo;avoir particip\u00e9. Cela fait dix ans que j&rsquo;ai envie de le faire et cette ann\u00e9e,\u00a0avec le confinement,\u00a0j&rsquo;ai eu le temps d&rsquo;y penser et de m&rsquo;y pr\u00e9parer\u00a0\u00bb, <\/em>a-t-il d\u00e9clar\u00e9 \u00e0 <em>Var Matin. <\/em><\/p>\n<p><strong>Une future reconversion sportive en vue pour le cadet de l&rsquo;ancien Pr\u00e9sident\u00a0?<\/strong><\/p>\n<\/p><\/div>\n<p>[ad_2]<br \/>\n<br \/><a href=\"https:\/\/www.journaldesfemmes.fr\/people\/magazine\/2653707-pierre-et-jean-sarkozy-vacances-et-looks-d-ete-a-saint-tropez-photo\/\">Source link <\/a><\/p>\n","protected":false},"excerpt":{"rendered":"<p>[ad_1] En s\u00e9jour dans le Sud avec son fr\u00e8re Pierre, Jean Sarkozy est apparu compl\u00e8tement m\u00e9tamorphos\u00e9. Barbe dor\u00e9e, muscles saillants &hellip; <a href=\"https:\/\/www.affinite.fr\/index.php\/2020\/08\/12\/vacances-et-looks-dete-a-saint-tropez-photo\/\" class=\"more-link\">Plus <span class=\"screen-reader-text\">vacances et looks d&rsquo;\u00e9t\u00e9 \u00e0 Saint-Tropez [PHOTO]<\/span> <span class=\"meta-nav\">&rarr;<\/span><\/a><\/p>\n","protected":false},"author":1,"featured_media":5103,"comment_status":"open","ping_status":"open","sticky":false,"template":"","format":"standard","meta":{"_sitemap_exclude":false,"_sitemap_priority":"","_sitemap_frequency":"","footnotes":""},"categories":[1],"tags":[],"class_list":["post-5102","post","type-post","status-publish","format-standard","has-post-thumbnail","hentry","category-tous"],"_links":{"self":[{"href":"https:\/\/www.affinite.fr\/index.php\/wp-json\/wp\/v2\/posts\/5102"}],"collection":[{"href":"https:\/\/www.affinite.fr\/index.php\/wp-json\/wp\/v2\/posts"}],"about":[{"href":"https:\/\/www.affinite.fr\/index.php\/wp-json\/wp\/v2\/types\/post"}],"author":[{"embeddable":true,"href":"https:\/\/www.affinite.fr\/index.php\/wp-json\/wp\/v2\/users\/1"}],"replies":[{"embeddable":true,"href":"https:\/\/www.affinite.fr\/index.php\/wp-json\/wp\/v2\/comments?post=5102"}],"version-history":[{"count":0,"href":"https:\/\/www.affinite.fr\/index.php\/wp-json\/wp\/v2\/posts\/5102\/revisions"}],"wp:featuredmedia":[{"embeddable":true,"href":"https:\/\/www.affinite.fr\/index.php\/wp-json\/wp\/v2\/media\/5103"}],"wp:attachment":[{"href":"https:\/\/www.affinite.fr\/index.php\/wp-json\/wp\/v2\/media?parent=5102"}],"wp:term":[{"taxonomy":"category","embeddable":true,"href":"https:\/\/www.affinite.fr\/index.php\/wp-json\/wp\/v2\/categories?post=5102"},{"taxonomy":"post_tag","embeddable":true,"href":"https:\/\/www.affinite.fr\/index.php\/wp-json\/wp\/v2\/tags?post=5102"}],"curies":[{"name":"wp","href":"https:\/\/api.w.org\/{rel}","templated":true}]}}