{"id":5056,"date":"2020-08-02T13:00:12","date_gmt":"2020-08-02T13:00:12","guid":{"rendered":"https:\/\/www.affinite.fr\/index.php\/2020\/08\/02\/programme-tv-dimanche-2-aout-dalida-et-sing-street-actus-cine\/"},"modified":"2020-08-02T13:00:12","modified_gmt":"2020-08-02T13:00:12","slug":"programme-tv-dimanche-2-aout-dalida-et-sing-street-actus-cine","status":"publish","type":"post","link":"https:\/\/www.affinite.fr\/index.php\/2020\/08\/02\/programme-tv-dimanche-2-aout-dalida-et-sing-street-actus-cine\/","title":{"rendered":"Programme TV dimanche 2 ao\u00fbt : Dalida et Sing Street &#8211; Actus Cin\u00e9"},"content":{"rendered":"<p> [ad_1]<br \/>\n<br \/><img decoding=\"async\" src=\"http:\/\/fr.web.img6.acsta.net\/newsv7\/20\/07\/28\/11\/52\/0421615.jpg\" \/><\/p>\n<div id=\"article-container\">\n<p class=\"article-lead\">Chaque jour, retrouvez le programme des films et s\u00e9ries \u00e0 voir \u00e0 la t\u00e9l\u00e9. Ce soir : le biopic d&rsquo;une chanteuse, une romance musicale et Mel Gibson veut sauver son fils.<\/p>\n<div id=\"article-content\">\n<figure class=\"player player-auto-play js-player\" data-model=\"{&quot;context&quot;:&quot;newspage_news&quot;,&quot;launch&quot;:&quot;auto-play&quot;,&quot;followScroll&quot;:true,&quot;endScreen&quot;:true,&quot;disableAutoPause&quot;:true,&quot;videos&quot;:[{&quot;id&quot;:19566740,&quot;sources&quot;:{&quot;medium&quot;:&quot;\/\/fr.vid.web.acsta.net\/nmedia\/33\/16\/11\/29\/14\/19566740_sd_013.mp4&quot;,&quot;high&quot;:&quot;\/\/fr.vid.web.acsta.net\/nmedia\/33\/16\/11\/29\/14\/19566740_hd_013.mp4&quot;},&quot;image&quot;:&quot;\/videothumbnails\/16\/11\/29\/14\/13\/236724.jpg&quot;,&quot;title&quot;:&quot;Dalida Bande-annonce VF&quot;,&quot;trackingIdentifier&quot;:&quot;19566740-dalida_bande_annonce_vf&quot;,&quot;embedUrl&quot;:&quot;ACraHRACr0cDovL3BsYXllci5hbGxvY2luZS5mci8xOTU2Njc0MC5odG1s&quot;,&quot;id_type&quot;:31003,&quot;file_type&quot;:&quot;trailer&quot;,&quot;description&quot;:&quot;&lt;strong&gt;Dalida&lt;\/strong&gt; Bande-annonce VF&quot;,&quot;duration&quot;:120,&quot;view_count&quot;:592082,&quot;added_at&quot;:{&quot;date&quot;:&quot;2016-11-30 05:00:00.000000&quot;,&quot;timezone_type&quot;:3,&quot;timezone&quot;:&quot;Europe\/Paris&quot;},&quot;metas&quot;:{&quot;genre_main_movie&quot;:[{&quot;name&quot;:&quot;Biopic&quot;,&quot;id&quot;:&quot;13027&quot;},{&quot;name&quot;:&quot;Drame&quot;,&quot;id&quot;:&quot;13008&quot;}],&quot;id_main_movie&quot;:190557,&quot;image_main_movie&quot;:&quot;\/pictures\/16\/11\/24\/10\/16\/145898.jpg&quot;,&quot;localized_file_type&quot;:&quot;trailer&quot;,&quot;main_movie_type&quot;:4002,&quot;name_main_movie&quot;:&quot;Dalida&quot;,&quot;nb_days_release_main_movie&quot;:-1299,&quot;release_date_main_movie&quot;:{&quot;date&quot;:&quot;2017-01-11 00:00:00.000000&quot;,&quot;timezone_type&quot;:3,&quot;timezone&quot;:&quot;Europe\/Paris&quot;},&quot;release_status_movie&quot;:&quot;Sortie en salle&quot;,&quot;trans_file_type&quot;:&quot;Bande-annonce&quot;},&quot;relatedEntityDistributor&quot;:&quot;Pathu00e9&quot;,&quot;relatedEntityDistributorId&quot;:109,&quot;relatedEntityType&quot;:&quot;movie&quot;,&quot;relatedEntityTrackingIdentifier&quot;:&quot;190557-dalida&quot;,&quot;relatedEntityTitle&quot;:&quot;Dalida&quot;,&quot;relatedEntityId&quot;:190557,&quot;genres&quot;:[{&quot;id&quot;:&quot;13027&quot;,&quot;name&quot;:&quot;Biopic&quot;},{&quot;id&quot;:&quot;13008&quot;,&quot;name&quot;:&quot;Drame&quot;}],&quot;relatedEntityUrl&quot;:&quot;ACraHRACr0cDovL3d3dy5hbGxvY2luZS5mci9maWxtL2ZpY2hlZmlsbV9nZW5fY2ZpbG09MTkwNTU3Lmh0bWw=&quot;,&quot;mediaUrl&quot;:&quot;ACraHRACr0cDovL3d3dy5hbGxvY2luZS5mci92aWRlby9wbGF5ZXJfZ2VuX2NtZWRpYT0xOTU2Njc0MCZjZmlsbT0xOTA1NTcuaHRtbA==&quot;}],&quot;disablePreroll&quot;:false,&quot;disablePostroll&quot;:false}\" data-thumb=\"http:\/\/fr.web.img4.acsta.net\/r_640_360\/videothumbnails\/16\/11\/29\/14\/13\/236724.jpg\">\n<\/figure>\n<p><strong><a title=\"Dalida (France) - 2016 (Biopic,Drame)\" href=\"http:\/\/www.allocine.fr\/film\/fichefilm_gen_cfilm=190557.html\">Dalida<\/a>\u00a0de Lisa Azuelos avec Sveva Alviti, Riccardo Scamarcio (TF1, 21h05) :<\/strong> \u00ab\u00a0Avec son Dalida, Lisa Azuelos nous permet de d\u00e9couvrir la femme derri\u00e8re l&rsquo;ic\u00f4ne. Interpr\u00e9t\u00e9 par l&rsquo;italienne Sveva Alviti, dont la ressemblance avec Dalida est frappante, cet \u00e9l\u00e9gant et touchant biopic respecte les r\u00e8gles du genre. La vie tourment\u00e9e de cette femme tant aim\u00e9e, et pourtant en peine d&rsquo;amour, va vous \u00e9mouvoir.\u00a0\u00bb Laetitita Forhan<\/p>\n<p><strong><a title=\"Sing Street (Irlande,Grande-Bretagne,U.S.A.) - 2016 (Com\u00e9die dramatique,Musical)\" href=\"http:\/\/www.allocine.fr\/film\/fichefilm_gen_cfilm=227018.html\">Sing Street<\/a>\u00a0de John Carney avec Ferdia Walsh-Peelo, Lucy Boynton (TF1 S\u00e9ries Films, 21h) :<\/strong> \u00ab\u00a0Apr\u00e8s Once et New York Melody, John Carney signe une nouvelle romance musicale. Cette fois, il nous fait remonter le temps et nous plonge dans le Dublin des ann\u00e9es 80, \u00e0 une \u00e9poque o\u00f9 la pop, la new wave et le rock passent en boucle dans les walkmans des adolescents. C\u2019est dans ce contexte qu\u2019un lyc\u00e9en se lance dans la musique et d\u00e9cide de monter un groupe afin de s\u00e9duire la plus jolie fille du quartier. Si les vestes \u00e0 \u00e9paulettes et les cheveux permanent\u00e9s vous manquent, que vous aimez The Cure et Duran Duran et que vous \u00eates nostalgiques de votre premier amour,\u00a0 Sing Street est le film parfait pour vous. Un feel-good movie rythm\u00e9 par une excellente bande-originale et port\u00e9 par un casting de jeunes acteurs tous plus attachants les uns que les autres.\u00a0\u00bb Emilie Schneider<\/p>\n<p><strong><a title=\"La Ran\u00e7on (U.S.A.) - 1996 (Policier,Thriller)\" href=\"http:\/\/www.allocine.fr\/film\/fichefilm_gen_cfilm=15523.html\">La Ran\u00e7on<\/a>\u00a0de Ron Howard avec Mel Gibson, Rene Russo (RTL9, 20h50) :<\/strong> \u00ab\u00a0Certes La Ran\u00e7on ne brille pas par son originalit\u00e9 mais on se laisse facilement captiver par cette intrigue ponctu\u00e9e par de nombreux rebondissements auxquels on ne s&rsquo;attend pas. Mel Gibson est, comme toujours, parfait.\u00a0\u00bb Laurent Schenck<\/p>\n<p>Et sinon, parmi tous les films qui passent, quel est votre favori ?<\/p>\n<p> <noscript><span class=\"ACraHRACr0cHM6Ly9wb2xsLmZtLzEwNTg1MTA5\">Qu&rsquo;allez-vous regarder ce dimanche 2 ao\u00fbt ?<\/span><\/noscript><\/p>\n<p>Pour retrouver l\u2019ensemble des programmes, acc\u00e9dez directement \u00e0 la grille en cliquant <a href=\"http:\/\/www.allocine.fr\/programme-tv\/listings\/group-all\/time-637319952000000000\/\" target=\"_blank\" rel=\"noopener noreferrer\">ici<\/a>.<\/p>\n<\/p><\/div>\n<\/p><\/div>\n<p>[ad_2]<br \/>\n<br \/><a href=\"http:\/\/rss.allocine.fr\/~r\/ac\/actualites\/~3\/x88P9rQKKKE\/fichearticle_gen_carticle=18691834.html\">Source link <\/a><\/p>\n","protected":false},"excerpt":{"rendered":"<p>[ad_1] Chaque jour, retrouvez le programme des films et s\u00e9ries \u00e0 voir \u00e0 la t\u00e9l\u00e9. Ce soir : le biopic &hellip; <a href=\"https:\/\/www.affinite.fr\/index.php\/2020\/08\/02\/programme-tv-dimanche-2-aout-dalida-et-sing-street-actus-cine\/\" class=\"more-link\">Plus <span class=\"screen-reader-text\">Programme TV dimanche 2 ao\u00fbt : Dalida et Sing Street &#8211; Actus Cin\u00e9<\/span> <span class=\"meta-nav\">&rarr;<\/span><\/a><\/p>\n","protected":false},"author":1,"featured_media":5057,"comment_status":"open","ping_status":"open","sticky":false,"template":"","format":"standard","meta":{"_sitemap_exclude":false,"_sitemap_priority":"","_sitemap_frequency":"","footnotes":""},"categories":[1],"tags":[],"class_list":["post-5056","post","type-post","status-publish","format-standard","has-post-thumbnail","hentry","category-tous"],"_links":{"self":[{"href":"https:\/\/www.affinite.fr\/index.php\/wp-json\/wp\/v2\/posts\/5056"}],"collection":[{"href":"https:\/\/www.affinite.fr\/index.php\/wp-json\/wp\/v2\/posts"}],"about":[{"href":"https:\/\/www.affinite.fr\/index.php\/wp-json\/wp\/v2\/types\/post"}],"author":[{"embeddable":true,"href":"https:\/\/www.affinite.fr\/index.php\/wp-json\/wp\/v2\/users\/1"}],"replies":[{"embeddable":true,"href":"https:\/\/www.affinite.fr\/index.php\/wp-json\/wp\/v2\/comments?post=5056"}],"version-history":[{"count":0,"href":"https:\/\/www.affinite.fr\/index.php\/wp-json\/wp\/v2\/posts\/5056\/revisions"}],"wp:featuredmedia":[{"embeddable":true,"href":"https:\/\/www.affinite.fr\/index.php\/wp-json\/wp\/v2\/media\/5057"}],"wp:attachment":[{"href":"https:\/\/www.affinite.fr\/index.php\/wp-json\/wp\/v2\/media?parent=5056"}],"wp:term":[{"taxonomy":"category","embeddable":true,"href":"https:\/\/www.affinite.fr\/index.php\/wp-json\/wp\/v2\/categories?post=5056"},{"taxonomy":"post_tag","embeddable":true,"href":"https:\/\/www.affinite.fr\/index.php\/wp-json\/wp\/v2\/tags?post=5056"}],"curies":[{"name":"wp","href":"https:\/\/api.w.org\/{rel}","templated":true}]}}