{"id":5014,"date":"2020-07-23T16:02:13","date_gmt":"2020-07-23T16:02:13","guid":{"rendered":"https:\/\/www.affinite.fr\/index.php\/2020\/07\/23\/masque-obligatoire-ou-a-quel-age-amende-transports-magasins\/"},"modified":"2020-07-23T16:02:13","modified_gmt":"2020-07-23T16:02:13","slug":"masque-obligatoire-ou-a-quel-age-amende-transports-magasins","status":"publish","type":"post","link":"https:\/\/www.affinite.fr\/index.php\/2020\/07\/23\/masque-obligatoire-ou-a-quel-age-amende-transports-magasins\/","title":{"rendered":"Masque obligatoire\u00a0: o\u00f9, \u00e0 quel \u00e2ge, amende, transports, magasins&#8230;"},"content":{"rendered":"<p> [ad_1]<br \/>\n<\/p>\n<aside class=\"ccmsummary marqueur_module ccmcss_cms_summary ccmcss_cms_summary--right\">\n<div class=\"ccmsummary-title ccmcss_cms_summary__title\">Sommaire<\/div>\n<div class=\"ccmsummary-content\">\n<ul>\n<li><a href=\"#ou-le-masque-est-il-obligatoire\">O&ugrave; est-il obligatoire ?<\/a><\/li>\n<li>&bull; <a href=\"#masque-obligatoire-lieux-publics-clos\">Lieux publics clos<\/a><\/li>\n<li>&bull; <a href=\"#masque-obligatoire-transport-en-commun-sncf\">Transports<\/a><\/li>\n<li>&bull; <a href=\"#masque-obligatoire-magasin-auchan-leclerc-lidl\">Magasins<\/a><\/li>\n<li>&bull; <a href=\"#masque-obligatoire-restaurant\">Restaurants<\/a><\/li>\n<li>&bull; <a href=\"#masque-obligatoire-avion-aeroport\">A&eacute;roports, avions<\/a><\/li>\n<li><a href=\"#masque-obligatoire-entreprise\">En entreprise ?<\/a><\/li>\n<li><a href=\"#masque-obligatoire-dans-voiture\">Dans sa voiture ?<\/a><\/li>\n<li><a href=\"#masque-obligatoire-dans-la-rue\">Dans la rue ?<\/a><\/li>\n<li><a href=\"#masque-obligatoire-affiche-logo\">Affiche et logo<\/a><\/li>\n<li><a href=\"#masque-obligatoire-a-quel-age\">A quel &acirc;ge&nbsp;?<\/a><\/li>\n<li><a href=\"#masque-obligatoire-amende-sanction\">Amende si on ne le porte pas<\/a><\/li>\n<\/ul>\n<\/div>\n<\/aside>\n<p>Pour limiter la propagation de&nbsp;la<strong> pand&eacute;mie de <a href=\"https:\/\/sante.journaldesfemmes.fr\/maladies\/2605417-coronavirus-france-cas-carte-morts-nombre-courbe-bilan-monde-belgique-aquitaine-gironde-masques-obligatoires\/\" title=\"N-Cov\">coronavirus<\/a><\/strong>, casser la cha&icirc;ne de transmission et &eacute;viter un rebond &eacute;pid&eacute;mique,&nbsp;le port du masque a &eacute;t&eacute; rendu <strong>obligatoire<\/strong> pour les adultes et les enfants de plus de 11&nbsp;ans <strong>dans les lieux&nbsp;clos recevant du public depuis le lundi 20 juillet 2020<\/strong>,&nbsp;d&egrave;s lors que les r&egrave;gles de distanciation physique ne peuvent &ecirc;tre garanties. Le <a href=\"https:\/\/www.legifrance.gouv.fr\/eli\/decret\/2020\/7\/17\/2020-884\/jo\/texte\" target=\"_blank\" rel=\"noopener noreferrer\">d&eacute;cret<\/a>&nbsp;a &eacute;t&eacute; publi&eacute; samedi 18&nbsp;juillet au Journal officiel. Cette obligation a notamment &eacute;t&eacute; d&eacute;cid&eacute;e car les scientifiques ont remarqu&eacute; que les contaminations avaient lieu <strong>fr&eacute;quemment en milieu clos<\/strong>, particuli&egrave;rement en cas de brassage d&#039;air, et m&ecirc;me en l&#039;absence de projection directe.&nbsp;Par ailleurs, des incertitudes demeurent sur la <a href=\"https:\/\/sante.journaldesfemmes.fr\/fiches-maladies\/2628065-coronavirus-duree-de-vie-air-objet-combien-de-temps-surface-eau-masque-tissu-peau\/\" target=\"_blank\" rel=\"noopener noreferrer\"><strong>transmission du virus dans l&#039;air<\/strong><\/a>. Porter un masque en compl&eacute;ment de l&#039;application des gestes barri&egrave;res reste ainsi une solution indispensable pour limiter les contaminations.<\/p>\n<h2><a id=\"ou-le-masque-est-il-obligatoire\" name=\"ou-le-masque-est-il-obligatoire\">O&ugrave; le masque est-il obligatoire ?<\/a><\/h2>\n<h3>\u25ba <a name=\"masque-obligatoire-lieux-publics-clos\">Dans les lieux publics clos<\/a><\/h3>\n<p>Depuis le lundi 20 juillet, porter un masque est obligatoire dans tous les lieux publics clos, d&egrave;s lors que les r&egrave;gles de distanciation physique ne peuvent &ecirc;tre garanties. <strong>La liste officielle des lieux concern&eacute;s<\/strong> par cette obligation a &eacute;t&eacute; publi&eacute;e par le Minist&egrave;re des Solidarit&eacute;s et de la Sant&eacute; le 19 juillet 2020. Il s&#039;agit des lieux suivants :<\/p>\n<ul>\n<li>Restaurants et d&eacute;bits de <a href=\"https:\/\/www.affinite.fr\/index.php\/2022\/11\/20\/gros-glacons-pour-les-cocktails\/\">boissons<\/a> (sauf lorsqu&#039;on est install&eacute; &agrave; table)<\/li>\n<li>Salles d&#039;auditions, de conf&eacute;rences, de r&eacute;unions, de spectacles ou &agrave; usage multiple, y compris les salles de spectacle et les cin&eacute;mas.<\/li>\n<li>H&ocirc;tels et pensions de famille<\/li>\n<li>Salles de jeux<\/li>\n<li>&Eacute;tablissements d&#039;&eacute;veil, d&#039;enseignement, de <a href=\"https:\/\/www.affinite.fr\/index.php\/2022\/11\/09\/formation-de-glacier-apprenez-le-metier-de-glacier-et-changez-votre-vie\/\">formation<\/a>, centres de vacances, centres de loisirs sans h&eacute;bergement<\/li>\n<li>Biblioth&egrave;ques, centres de documentation<\/li>\n<li>&Eacute;tablissements de culte<\/li>\n<li>&Eacute;tablissements sportifs couverts (salles de sport, gymnases&#8230;)<\/li>\n<li>&Eacute;tablissements de plein air&nbsp;(hippodromes, terrains de sport, stades, pistes de patinage, piscines en plein air, ar&egrave;nes&#8230;)<\/li>\n<li>Chapiteaux, tentes et structures<\/li>\n<li>H&ocirc;tels-restaurants d&#039;altitude<\/li>\n<li>&Eacute;tablissements flottants<\/li>\n<li>Refuges de montagne<\/li>\n<li>Gares routi&egrave;res, maritimes et les a&eacute;roports<\/li>\n<li>Magasins de vente, centres commerciaux<\/li>\n<li>Administrations (mairies, pr&eacute;fectures&#8230;), &eacute;tablissements de sant&eacute;&nbsp;et banques<\/li>\n<li>March&eacute;s couverts<\/li>\n<\/ul>\n<h3>\u25ba <a id=\"masque-obligatoire-transport-en-commun-sncf\" name=\"masque-obligatoire-transport-en-commun-sncf\">Dans les transports en commun<\/a><\/h3>\n<p>Le port du masque est obligatoire dans les transports en commun publics et en gares, depuis le 11&nbsp;mai, d&eacute;but du d&eacute;confinement. Cette obligation est valable pour tous les <strong>usagers de 11&nbsp;ans et plus<\/strong>, ainsi que pour le personnel dans les gares et dans les transports (train, bus, tramways, m&eacute;tro, RER&#8230;), mais aussi dans les avions de certaines compagnies comme Air France. Son non-port dans les transports ou dans les gares entra&icirc;ne <strong>une amende de 135&nbsp;euros<\/strong>. De m&ecirc;me, le port du masque est obligatoire dans <strong>les taxis et les VTC<\/strong>. L&#039;acc&egrave;s au v&eacute;hicule peut &ecirc;tre refus&eacute;&nbsp;aux&nbsp;personnes refusant de porter un masque.<\/p>\n<h3>\u25ba <a name=\"masque-obligatoire-magasin-auchan-leclerc-lidl\">Dans les magasins de v&ecirc;tements, alimentaires, grandes surfaces&#8230;<\/a><\/h3>\n<p>Depuis le 20&nbsp;juillet, le port du masque est obligatoire dans tous les magasins, les centres commerciaux et les lieux de ventes. Cela concerne par exemple les librairies, maisons de la presse, tabac, pharmacies, boutiques de v&ecirc;tements, jardineries, magasins de bricolage, boulangeries, poissonneries&#8230; Mais aussi tous <strong>les march&eacute;s couverts<\/strong> et toutes <strong>les grandes surfaces alimentaires<\/strong> comme &nbsp;Auchan, Aldi, Carrefour, Colruyt, Cora, Groupe Casino, Intermarch&eacute;, Leclerc, Lidl, Netto, Supermarch&eacute; Match et Syst&egrave;me U.<\/p>\n<h3>\u25ba <a name=\"masque-obligatoire-restaurant\">Dans les bars et restaurants<\/a><\/h3>\n<p><em>&quot;Les clients des caf&eacute;s, bars et restaurants doivent porter un masque, <strong>sauf lorsqu&#039;ils sont &agrave; table<\/strong>&quot;,&nbsp;<\/em>indique le syndicat professionnel GNI-HCR<em><strong>&nbsp;<\/strong><\/em>(Groupement National des Ind&eacute;pendants de l&#039;H&ocirc;tellerie-Restauration) dans son protocole de mesures sanitaires. Autrement dit, les clients (&agrave; partir de 11&nbsp;ans)&nbsp;de tous ces lieux doivent porter un masque&nbsp;<strong>lorsqu&#039;ils se d&eacute;placent dans le bar ou le restaurant<\/strong>&nbsp;(par exemple pour aller aux toilettes, passer une commande ou payer l&#039;addition).&nbsp;Le personnel quant &agrave; lui doit&nbsp;porter un masque en permanence, qu&#039;il se trouve en salle ou en cuisine.&nbsp;<\/p>\n<h3>\u25ba <a name=\"masque-obligatoire-avion-aeroport\">Dans les a&eacute;roports et les avions<\/a><\/h3>\n<p>Le port du masque est obligatoire dans les a&eacute;roports en France et &agrave; bord des avions de nombreuses compagnies a&eacute;riennes. A&nbsp;Paris-Charles-de-Gaulle, &quot;<em>le port du masque est obligatoire d&egrave;s l&#039;entr&eacute;e dans nos terminaux et tout au long de votre vol<\/em>&quot;.&nbsp;&nbsp;Attention : les masques en tissu (appel&eacute;s grand public)&nbsp;<strong>sont interdits &agrave; bord des avions et dans les a&eacute;roports<\/strong>. Un d&eacute;cret gouvernemental (<a href=\"https:\/\/www.legifrance.gouv.fr\/affichTexte.do?cidTexte=JORFTEXT000042105897&amp;categorieLien=id\" target=\"_blank\" rel=\"noopener noreferrer\">d&eacute;cret 2020-860<\/a> datant du 11&nbsp;juillet) pr&eacute;conise uniquement <strong>le port du masque chirurgical<\/strong>, et donc<strong> jetable<\/strong> pour des raisons d&#039;hygi&egrave;ne. La compagnie a&eacute;rienne Air Corsica a notamment indiqu&eacute; dans un tweet publi&eacute; vendredi 17 juillet que seuls les masques chirurgicaux, FFP1, FFP2&nbsp;ou FFP3&nbsp;&eacute;taient accept&eacute;s dans ses avions et devaient &ecirc;tre port&eacute;s par<strong> tous les passagers de plus de 11&nbsp;ans<\/strong>. Air France pr&eacute;conise &eacute;galement le port du masque chirurgical en permanence &agrave; bord des avions, en dehors des temps de repas &agrave; bord. D&#039;autres compagnies comme EasyJet ou Ryanair&nbsp;n&#039;ont quant &agrave; elles pas &eacute;mis de recommandations particuli&egrave;res.&nbsp;N&#039;h&eacute;sitez pas &agrave; consulter les sites web des a&eacute;roports de d&eacute;part et d&#039;arriv&eacute;e, ainsi que ceux de la compagnie a&eacute;rienne de votre choix pour savoir si le port du masque est obligatoire.&nbsp;<\/p>\n<p><strong>&bull; Exemples de compagnies a&eacute;riennes o&ugrave; le masque est obligatoire : <\/strong>United Airlines, Air France, Air Corsica, JetBlue Airways, Lufthansa&#8230;<\/p>\n<div class=\"ccminsert\">\n<aside class=\"app_widget_fo app_widget_fo--call\">\n<ul>\n<li>\n                <a href=\"https:\/\/sante.journaldesfemmes.fr\/fiches-maladies\/2608487-coronavirus-vacances-ete-france-europe-espagne-frontieres-mesure-sanitaire-plage-camping-avion-test\/\" class=\"jGTMWidgetGAEventClick\" data-GTMWidgetGaEventAction=\"clickWidgetCall\" data-GTMWidgetGaEventLabel=\"Coronavirus et vacances\u00a0: mesures sanitaires en Espagne, plage, avion, camping\"><\/p>\n<figure>\n<p>                            <img decoding=\"async\" src=\"https:\/\/img-3.journaldesfemmes.fr\/XV_psSz4hH5QvnKSSuWGX8MLUaA=\/200x132\/smart\/3b472f1bffec481ba2a74112bbcbffe0\/ccmcms-jdf\/17194941.jpg\" alt=\"\"><figcaption>\n<h3>Coronavirus et vacances\u00a0: mesures sanitaires en Espagne, plage, avion, camping<\/h3>\n<p>CORONAVIRUS\u00a0ET VACANCES &#8211; Peu importe notre lieu de vacances, il est important de respecter les mesures sanitaires et les gestes barri\u00e8res. Quel masque porter en avion\u00a0? Que peut-on faire (ou pas) \u00e0 la plage, \u00e0 l&#039;h\u00f4tel ou dans un camping\u00a0? Que faut-il pr\u00e9voir (test, formulaire) pour aller en Espagne, en Italie, en Gr\u00e8ce ou au Portugal\u00a0?<\/p>\n<\/figcaption><\/figure>\n<p>                <\/a>\n            <\/li>\n<\/ul>\n<\/aside>\n<\/div>\n<h2><a name=\"masque-obligatoire-entreprise\">Le masque est-il obligatoire en entreprise ?<\/a><\/h2>\n<p>Les entreprises relevant des cat&eacute;gories list&eacute;es ci-dessus comme les administrations sont concern&eacute;es par cette obligation mais seulement pour <strong>l&#039;accueil du public en leur sein<\/strong> (client&egrave;le\/usagers essentiellement).&nbsp;Les entreprises qui ne font pas partie des cat&eacute;gories cit&eacute;es pr&eacute;c&eacute;demment ne<strong> sont pas consid&eacute;r&eacute;es comme des lieux publics<\/strong> et &quot;<em>doivent g&eacute;rer au cas par cas, en fonction des situations<\/em>&quot;, pr&eacute;cise le Premier ministre Jean Castex, le jeudi 16 juillet devant le S&eacute;nat.&nbsp;Toutefois, lorsque la distanciation physique&nbsp;ne peut &ecirc;tre respect&eacute;e dans un bureau ou une entreprise, le port du masque grand public est&nbsp;obligatoire.<\/p>\n<h2><a name=\"masque-obligatoire-dans-voiture\">Est-il obligatoire dans sa voiture ?<\/a><\/h2>\n<p><span style=\"font-size: 1rem\">Une voiture (personnelle ou de fonction) n&#039;est pas consid&eacute;r&eacute;e comme un lieu public donc rien n&#039;oblige le conducteur et les passagers&nbsp;&agrave; porter un masque. En revanche, son port reste conseill&eacute; puisque la distance d&#039;un m&egrave;tre ne peut pas &ecirc;tre respect&eacute;e. En revanche, dans un taxi ou un VTC (consid&eacute;r&eacute;s alors comme des transports &quot;en commun&quot;), le masque est obligatoire.<\/span><\/p>\n<div class=\"ccminsert\">\n<aside class=\"app_widget_fo app_widget_fo--call\">\n<ul>\n<li>\n                <a href=\"https:\/\/sante.journaldesfemmes.fr\/fiches-maladies\/2609189-masque-coronavirus-chirurgical-tissu-afnor-grand-public-ffp2-acheter-fabriquer-tuto-patron-prix\/\" class=\"jGTMWidgetGAEventClick\" data-GTMWidgetGaEventAction=\"clickWidgetCall\" data-GTMWidgetGaEventLabel=\"Masque coronavirus\u00a0: tissu, chirurgical, AFNOR, le fabriquer, l&#039;acheter\"><\/p>\n<figure>\n<p>                            <img decoding=\"async\" src=\"https:\/\/img-3.journaldesfemmes.fr\/Gdjb4Gj-BNoojZpRZAJLExNZuWs=\/200x132\/smart\/256f944a1dd749bd9da71fba21c69ecc\/ccmcms-jdf\/17242293.jpg\" alt=\"\"><figcaption>\n<h3>Masque coronavirus\u00a0: tissu, chirurgical, AFNOR, le fabriquer, l&#039;acheter<\/h3>\n<p>Chirurgical, grand public, en tissu, FFP2, AFNOR&#8230; Le masque de protection permet de faire barri\u00e8re au coronavirus et de limiter les contaminations. Lequel est le plus efficace\u00a0? O\u00f9 l&#039;acheter\u00a0? Comment le fabriquer soi-m\u00eame \u00e0 l&#039;aide d&#039;un tuto facile et rapide\u00a0? Dans quel sens le mettre\u00a0? Quand le jeter\u00a0? Notre guide pour \u00eatre bien prot\u00e9g\u00e9.<\/p>\n<\/figcaption><\/figure>\n<p>                <\/a>\n            <\/li>\n<\/ul>\n<\/aside>\n<\/div>\n<h2><a name=\"masque-obligatoire-dans-la-rue\">Est-il obligatoire dans la rue ?<\/a><\/h2>\n<p><span style=\"font-size: 1rem\">Actuellement, le masque n&#039;est pas obligatoire dans la rue. N&eacute;anmoins,&nbsp;il est recommand&eacute; si la distanciation physique&nbsp;ne peut pas &ecirc;tre assur&eacute;e comme sur les march&eacute;s par exemple. En revanche, certaines villes obligent leurs visiteurs et habitants &agrave; porter un masque.<\/span>&nbsp;<\/p>\n<ul>\n<li>A <strong>Argel&egrave;s-sur-Mer<\/strong> (Pyr&eacute;n&eacute;es-Orientales), le masque est obligatoire dans les all&eacute;es pi&eacute;tonnes et sur les march&eacute;s jusqu&#039;au 31 ao&ucirc;t.<\/li>\n<li>A <strong>La Rochelle <\/strong>(Charente-Maritime), le masque doit &ecirc;tre port&eacute; dans les rues du Vieux-Port et de l&#039;hypercentre, ainsi que sur les march&eacute;s jusqu&#039;au 31 ao&ucirc;t.&nbsp;<\/li>\n<li>A&nbsp;<b data-original-fontsize=\"19px\" data-original-lineheight=\"30px\">Saint-Brieuc<\/b>&nbsp;(C&ocirc;tes-d&#039;Armor), le masque&nbsp;est obligatoire dehors pour les regroupements de personnes, dans 31&nbsp;rues sp&eacute;cifiques du centre-ville, dans les aires de jeux des parcs et des jardins municipaux, ainsi que sur les quais du port de L&eacute;gu&eacute;.<\/li>\n<li>A <strong>Concarneau <\/strong>(Bretagne), il&nbsp;est obligatoire de 10&nbsp;heures &agrave; 22&nbsp;heures dans l&#039;ensemble des rues de la ville-close, sur les remparts, le Petit Ch&acirc;teau, la place St-Gu&eacute;nol&eacute; et le Carr&eacute; des Larrons.<\/li>\n<li>Au <strong>Grau-du-Roi<\/strong> (Gard), le maire, Robert Crauste, a pris un arr&ecirc;t&eacute; pour rendre le masque obligatoire dans les rues pi&eacute;tonnes. Cette mesure est en vigueur depuis&nbsp;le 18 juillet.&nbsp;<\/li>\n<li>A <strong>Canet-en-Rousillon<\/strong> (Pyr&eacute;n&eacute;es-Orientales), le masque est obligatoire sur tous les march&eacute;s non-couverts.<\/li>\n<li>A <strong>Cannes <\/strong>(Alpes-Maritimes), le masque est obligatoire sur tous les march&eacute;s communaux, couverts et ext&eacute;rieurs.&nbsp;<\/li>\n<li>A <strong>Nice<\/strong> (Alpes-Maritimes), le&nbsp;maire Christian Estrosi a pris un arr&ecirc;t&eacute; municipal pour imposer le masque dans tous les lieux o&ugrave; la distanciation physique d&#039;un m&egrave;tre ne peut pas &ecirc;tre respect&eacute;e et pour tous les &eacute;v&eacute;nements organis&eacute;s dans la commune.<\/li>\n<li>Une trentaine de communes du Finist&egrave;re dont <strong>Brest, Morlaix, Crozon, Cl&eacute;der,&nbsp;Fouesnant, N&eacute;vez&nbsp;ou encore Quimper<\/strong> et 70 communes des C&ocirc;tes-d&#039;Armor&nbsp;comme<strong> Langueux, Ploufragan, Tr&eacute;gueux, Pl&eacute;rin<\/strong>, ont d&eacute;cid&eacute; d&#039;imposer le masque dans tous les march&eacute;s en plein air.&nbsp;<\/li>\n<\/ul>\n<figure class=\"image\" style=\"float:right\"><a class=\"fancy\" href=\"https:\/\/img-3.journaldesfemmes.fr\/IIahpwrW0rIwvVX1ZlFikoi63cI=\/1080x\/smart\/03a5ba4acb5341939a46a4e1706e55c7\/ccmcms-jdf\/17101749.png\"><img decoding=\"async\" alt=\"Port du masque obligatoire Logo\" src=\"https:\/\/img-3.journaldesfemmes.fr\/2nmIG-69DTZD5JijQMUS1b2nRY4=\/300x\/smart\/03a5ba4acb5341939a46a4e1706e55c7\/ccmcms-jdf\/17101749.png\" \/><\/a><figcaption data-credit=\"Communaut\u00e9 de commune\" data-legend=\"Logo du port du masque obligatoire\">Logo du port du masque obligatoire <small>&copy;&nbsp;Communaut&eacute; de commune<\/small><\/figcaption><\/figure>\n<h2><a name=\"masque-obligatoire-affiche-logo\">Affiche ou logo du port du masque obligatoire<\/a><\/h2>\n<p>Pour savoir s&#039;il faut un masque pour p&eacute;n&eacute;trer dans un lieu, <strong>un logo<\/strong> (par exemple comme celui &agrave; droite)&nbsp;ou <strong>une affiche<\/strong> sont pr&eacute;sents &agrave; l&#039;entr&eacute;e des lieux concern&eacute;s.&nbsp;Un &eacute;criteau &quot;Ici, le port du masque est obligatoire&quot; est mis &agrave; disposition&nbsp;<a href=\"https:\/\/solidarites-sante.gouv.fr\/IMG\/pdf\/affiche_coronavirus_masque_obligatoire_a4_fr.pdf\" rel=\"blank noopener noreferrer\" target=\"_blank\" title=\"pour t\u00e9l\u00e9chargement (nouvelle fen\u00eatre)\">pour un t&eacute;l&eacute;chargement<\/a>&nbsp;sur le site du Gouvernement et du minist&egrave;re des Solidarit&eacute;s et de la Sant&eacute;. Chaque responsable d&#039;&eacute;tablissement doit le mettre<strong> sur la devanture de son &eacute;tablissement<\/strong>. Ce dernier aura pour but de conditionner&nbsp;l&#039;acc&egrave;s &agrave; l&#039;&eacute;tablissement, uniquement aux personnes portant un masque.&nbsp;<\/p>\n<h2><a id=\"masque-obligatoire-a-quel-age\" name=\"masque-obligatoire-a-quel-age\">A partir de quel &acirc;ge le masque est-il obligatoire&nbsp;?<\/a><\/h2>\n<p><strong>Toute personne de 11&nbsp;ans et plus <\/strong>doit porter un masque&nbsp;dans les lieux publics clos, en compl&eacute;ment de l&#039;application des gestes barri&egrave;res.<\/p>\n<h2><a name=\"masque-obligatoire-amende-sanction\">Quelle amende si on ne porte pas de masque ?<\/a><\/h2>\n<p>Ne pas porter de masque dans un lieu o&ugrave; il est obligatoire peut &ecirc;tre sanctionn&eacute; d&#039;une contravention de 4e classe&nbsp;qui est d&eacute;finie par une<strong> amende forfaitaire de 135&nbsp;euros.<\/strong><\/p>\n<p><strong>Source : <\/strong>Port du masque &quot;grand public&quot; obligatoire en lieux clos &#8211; FAQ du site du Minist&egrave;re des Solidarit&eacute;s et de la Sant&eacute;.<\/p>\n<p>[ad_2]<br \/>\n<br \/><a href=\"https:\/\/sante.journaldesfemmes.fr\/fiches-maladies\/2651345-masque-obligatoire-ou-lieux-transports-magasins-entreprise-voiture-rue-age-decret-affiche-amende\/\">Source link <\/a><\/p>\n","protected":false},"excerpt":{"rendered":"<p>[ad_1] Sommaire O&ugrave; est-il obligatoire ? &bull; Lieux publics clos &bull; Transports &bull; Magasins &bull; Restaurants &bull; A&eacute;roports, avions En &hellip; <a href=\"https:\/\/www.affinite.fr\/index.php\/2020\/07\/23\/masque-obligatoire-ou-a-quel-age-amende-transports-magasins\/\" class=\"more-link\">Plus <span class=\"screen-reader-text\">Masque obligatoire\u00a0: o\u00f9, \u00e0 quel \u00e2ge, amende, transports, magasins&#8230;<\/span> <span class=\"meta-nav\">&rarr;<\/span><\/a><\/p>\n","protected":false},"author":1,"featured_media":5015,"comment_status":"open","ping_status":"open","sticky":false,"template":"","format":"standard","meta":{"_sitemap_exclude":false,"_sitemap_priority":"","_sitemap_frequency":"","footnotes":""},"categories":[1],"tags":[],"class_list":["post-5014","post","type-post","status-publish","format-standard","has-post-thumbnail","hentry","category-tous"],"_links":{"self":[{"href":"https:\/\/www.affinite.fr\/index.php\/wp-json\/wp\/v2\/posts\/5014"}],"collection":[{"href":"https:\/\/www.affinite.fr\/index.php\/wp-json\/wp\/v2\/posts"}],"about":[{"href":"https:\/\/www.affinite.fr\/index.php\/wp-json\/wp\/v2\/types\/post"}],"author":[{"embeddable":true,"href":"https:\/\/www.affinite.fr\/index.php\/wp-json\/wp\/v2\/users\/1"}],"replies":[{"embeddable":true,"href":"https:\/\/www.affinite.fr\/index.php\/wp-json\/wp\/v2\/comments?post=5014"}],"version-history":[{"count":0,"href":"https:\/\/www.affinite.fr\/index.php\/wp-json\/wp\/v2\/posts\/5014\/revisions"}],"wp:featuredmedia":[{"embeddable":true,"href":"https:\/\/www.affinite.fr\/index.php\/wp-json\/wp\/v2\/media\/5015"}],"wp:attachment":[{"href":"https:\/\/www.affinite.fr\/index.php\/wp-json\/wp\/v2\/media?parent=5014"}],"wp:term":[{"taxonomy":"category","embeddable":true,"href":"https:\/\/www.affinite.fr\/index.php\/wp-json\/wp\/v2\/categories?post=5014"},{"taxonomy":"post_tag","embeddable":true,"href":"https:\/\/www.affinite.fr\/index.php\/wp-json\/wp\/v2\/tags?post=5014"}],"curies":[{"name":"wp","href":"https:\/\/api.w.org\/{rel}","templated":true}]}}