{"id":4955,"date":"2020-07-13T12:51:04","date_gmt":"2020-07-13T12:51:04","guid":{"rendered":"https:\/\/www.affinite.fr\/index.php\/2020\/07\/13\/ete-85-selon-francois-ozon-ce-quil-y-avait-de-plus-beau-et-de-plus-sexy-dans-les-annees-80-actus-cine\/"},"modified":"2020-07-13T12:51:04","modified_gmt":"2020-07-13T12:51:04","slug":"ete-85-selon-francois-ozon-ce-quil-y-avait-de-plus-beau-et-de-plus-sexy-dans-les-annees-80-actus-cine","status":"publish","type":"post","link":"https:\/\/www.affinite.fr\/index.php\/2020\/07\/13\/ete-85-selon-francois-ozon-ce-quil-y-avait-de-plus-beau-et-de-plus-sexy-dans-les-annees-80-actus-cine\/","title":{"rendered":"\u00c9t\u00e9 85 selon Fran\u00e7ois Ozon : \u00ab\u00a0Ce qu&rsquo;il y avait de plus beau et de plus sexy dans les ann\u00e9es 80\u00a0\u00bb &#8211; Actus Cin\u00e9"},"content":{"rendered":"<p> [ad_1]<br \/>\n<\/p>\n<p>Avec \u00ab\u00a0\u00c9t\u00e9 85\u00a0\u00bb, au cin\u00e9ma ce 14 juillet 2020, Fran\u00e7ois Ozon r\u00e9alise son dix-neuvi\u00e8me film et se replonge dans les souvenirs de ses jeunes ann\u00e9es en adaptant un <a href=\"https:\/\/www.affinite.fr\/index.php\/2023\/08\/24\/lart-de-la-glace-transforme-en-business-la-vision-unique-de-fabien-gris\/\">livre<\/a> qui avait boulevers\u00e9 son adolescence. Rencontre.<\/p>\n<div id=\"article-content\">\n<figure class=\"article-figure article-main-figure\"><img loading=\"lazy\" decoding=\"async\" class=\"article-figure-img\" width=\"640\" height=\"360\" src=\"http:\/\/fr.web.img2.acsta.net\/r_640_360\/newsv7\/20\/07\/09\/12\/10\/3075794.jpg\"\/><figcaption class=\"article-figcaption-copy\">AlloCin\u00e9<\/figcaption><\/figure>\n<p>Il a la particularit\u00e9 de concilier le cin\u00e9ma dit \u00ab\u00a0d&rsquo;auteur\u00a0\u00bb et le cin\u00e9ma populaire. R\u00e9alisateur prolifique,\u00a0<a title=\"Fran\u00e7ois Ozon (France) (R\u00e9alisateur,Sc\u00e9nariste,Dialoguiste)\" href=\"http:\/\/www.allocine.fr\/personne\/fichepersonne_gen_cpersonne=17705.html\">Fran\u00e7ois Ozon<\/a> a su marquer le paysage cin\u00e9matographique fran\u00e7ais avec un style personnel et des th\u00e8mes r\u00e9currents, comme la sexualit\u00e9, la qu\u00eate d&rsquo;identit\u00e9 et la famille, tout en questionnant les m\u0153urs de notre soci\u00e9t\u00e9. Avec <a title=\"Gr\u00e2ce \u00e0 Dieu (France,Belgique) - 2019 (Drame)\" href=\"http:\/\/www.allocine.fr\/film\/fichefilm_gen_cfilm=263132.html\">Gr\u00e2ce \u00e0 Dieu<\/a>, sorti en 2019, il revenait sur l&rsquo;affaire de l&rsquo;ancien pr\u00eatre Bernard Preynat, condamn\u00e9 pour ses agressions sexuelles sur des enfants pendant pr\u00e8s de vingt ans. Poignant et d&rsquo;utilit\u00e9 publique, le film parvenait \u00e0 porter la parole des victimes en racontant les faits \u00e0 travers leurs points de vue. Dans <a title=\"Et\u00e9 85 (France) - 2020 (Drame,Com\u00e9die)\" href=\"http:\/\/www.allocine.fr\/film\/fichefilm_gen_cfilm=274837.html\">\u00c9t\u00e9 85<\/a>, son nouveau et dix-neuvi\u00e8me long m\u00e9trage, qui arbore le label Cannes 2020, le metteur en sc\u00e8ne op\u00e8re un virage \u00e0 180\u00b0.<\/p>\n<p>\u00c0 la fois lumineux et macabre, doux et acide, ce <i>teen movie<\/i> est adapt\u00e9 du roman d&rsquo;Aidan Chambers, <i>La Danse du coucou<\/i>, publi\u00e9 en 1982. Trois ans plus tard, le r\u00e9alisateur, alors \u00e2g\u00e9 de dix-sept ans, se procure l&rsquo;ouvrage, avant d&rsquo;y vouer une v\u00e9ritable obsession. Il a donc fallu attendre trente-cinq ans pour d\u00e9couvrir, d\u00e8s ce 14 juillet 2020 dans les salles, sa vision de cette romance pas tout \u00e0 fait comme les autres. De ses r\u00e9f\u00e9rences \u00e0 sa perception de l&rsquo;adolescence, en passant par l&rsquo;\u00e9volution des repr\u00e9sentations au cin\u00e9ma, Fran\u00e7ois Ozon se livre \u00e0\u00a0<i>AlloCin\u00e9<\/i>.<\/p>\n<p><span><\/p>\n<div class=\"article-figure-holder\">\n<figure class=\"article-figure mceNonEditable\"><img loading=\"lazy\" decoding=\"async\" class=\"article-figure-img\" src=\"data:image\/gif;base64,R0lGODlhAgABAPAAAAAAAAAAACH5BAEAAAAAIf8LSW1hZ2VNYWdpY2sNZ2FtbWE9MC40NTQ1NQAsAAAAAAIAAQAAAgIECgA7\" data-src=\"http:\/\/fr.web.img2.acsta.net\/r_640_256\/newsv7\/20\/07\/08\/18\/01\/1921232.jpg\" width=\"640\" height=\"320\"\/><span class=\"article-figcaption-copy\">Jean-Claude Moireau<\/span><figcaption class=\"article-figcaption\">\n            De gauche \u00e0 droite : F\u00e9lix Lefebvre, Fran\u00e7ois Ozon et Benjamin Voisin sur le tournage du film \u00ab\u00a0\u00c9t\u00e9 85\u00a0\u00bb.<br \/>\n        <\/figcaption><\/figure>\n<\/div>\n<p><\/span><\/p>\n<p><span><strong><i><span id=\"p8\">AlloCin\u00e9<\/span><\/i><span id=\"p8\"><i> :<\/i> Ce film est adapt\u00e9 d&rsquo;un roman que vous avez d\u00e9couvert durant votre adolescence, <i>La Danse du coucou<\/i> d&rsquo;Aidan\u00a0<span class=\"s-rg-t\" id=\"67\">Chambers<\/span>.<\/span><span id=\"p9\">\u00a0Vous r\u00eaviez qu&rsquo;un r\u00e9alisateur ou une r\u00e9alisatrice en fasse un film pour en \u00eatre le spectateur.<\/span><span id=\"p68\">\u00a0Finalement, trente-cinq apr\u00e8s, c&rsquo;est vous qui le r\u00e9alisez.<\/span><span id=\"p11\">\u00a0Est-ce que ce fantasme enfin devenu r\u00e9alit\u00e9 r\u00e9sonne diff\u00e9remment de vos autres projets ?<\/span><\/strong><\/span><\/p>\n<p><strong>Fran\u00e7ois Ozon :<\/strong> C&rsquo;est vrai que ce film est une exp\u00e9rience particuli\u00e8re. Quand j&rsquo;ai lu le livre, en 1985, j&rsquo;avais 17 ans, et j&rsquo;\u00e9tais encore un apprenti cin\u00e9aste, je faisais des courts m\u00e9trages en Super 8. D\u00e8s que je l&rsquo;ai lu, j&rsquo;ai eu un tel coup de foudre que je m&rsquo;\u00e9tais dit : \u00ab\u00a0<i>J&rsquo;adorerais raconter cette histoire dans un film, en faire mon premier long m\u00e9trage.<\/i>\u00a0\u00bb Mais \u00e0 ce moment-l\u00e0, j&rsquo;\u00e9tais encore \u00e9tudiant, \u00e7a me semblait tr\u00e8s hypoth\u00e9tique que je devienne r\u00e9alisateur. J&rsquo;ai finalement laiss\u00e9 tomber l&rsquo;id\u00e9e, m\u00eame si j&rsquo;avais \u00e9crit une version de sc\u00e9nario, que j&rsquo;essaye aujourd&rsquo;hui de retrouver. J&rsquo;imaginais qu&rsquo;un r\u00e9alisateur am\u00e9ricain, comme John Hughes, ou m\u00eame Rob Reiner ou Gus Van Sant, allait s&#8217;emparer de cette histoire pour en faire un film, mais ce n&rsquo;est jamais arriv\u00e9. Apr\u00e8s <i>Gr\u00e2ce \u00e0 Dieu<\/i>, j&rsquo;ai relu par hasard le roman et je me suis dit que le r\u00e9cit \u00e9tait quand m\u00eame magnifique, qu&rsquo;il y avait pleins de points communs avec mes autres films. J&rsquo;ai senti que c&rsquo;\u00e9tait le bon moment, trente-cinq ans apr\u00e8s, que cette histoire devienne un long m\u00e9trage, d&rsquo;autant plus que quand j&rsquo;ai rencontr\u00e9 l&rsquo;auteur, Aidan Chambers, il m&rsquo;a confi\u00e9 que plusieurs r\u00e9alisateurs avant moi avaient aussi essay\u00e9 de le faire, sans jamais y arriver.<\/p>\n<p><strong><span id=\"p21\">\u00c9t\u00e9 85 est un film \u00e0 deux visages, aussi solaire que grave, parfois m\u00eame un peu morbide. Comment souhaitiez-vous jouer avec cette dualit\u00e9 ?<\/span><\/strong><\/p>\n<p>En relisant ce livre, j&rsquo;ai \u00e9t\u00e9 s\u00e9duit par cette histoire tr\u00e8s belle, id\u00e9alis\u00e9e, qui correspondait \u00e0 la vision d&rsquo;Alex au d\u00e9but du r\u00e9cit. Par la suite, il se passe des choses plus sombres. C&rsquo;est tr\u00e8s repr\u00e9sentatif de l&rsquo;adolescence. C&rsquo;est une p\u00e9riode avec des moments de bonheur intense, mais aussi d&rsquo;\u00e9normes souffrances. Je pense que le personnage d&rsquo;Alex traverse toutes ces gammes d&rsquo;\u00e9motions : il va du plaisir au bonheur, en passant par l&rsquo;id\u00e9alisation de l&rsquo;amour, vers quelque chose de plus difficile et, en m\u00eame temps, il y a une r\u00e9silience, puisqu&rsquo;\u00e0 la fin, il s&rsquo;en sort. Toute cette histoire l&rsquo;a aid\u00e9 \u00e0 trouver sa vocation, \u00e0 trouver sa place, et c&rsquo;est ce qui me plaisait. Il y a un vrai parcours. C&rsquo;est une sorte de roman d&rsquo;apprentissage.<\/p>\n<blockquote class=\"article-quote\"><p>Lorsque l&rsquo;adolescence arrive, on est lanc\u00e9 sur la sc\u00e8ne du monde.<\/p><\/blockquote>\n<p><span><br \/><strong>Dans votre filmographie, les adolescents sont souvent confront\u00e9s \u00e0 leur part d&rsquo;ombre.<\/strong><\/span><strong><span id=\"p34\">\u00a0Il y a les adolescents meurtriers dans\u00a0<a title=\"Les amants criminels (France) - 1998 (Drame,Judiciaire,Thriller)\" href=\"http:\/\/www.allocine.fr\/film\/fichefilm_gen_cfilm=20203.html\">Les Amants criminels<\/a><\/span>, l&rsquo;adolescent voyeur dans <a title=\"Dans la maison (France) - 2012 (Thriller)\" href=\"http:\/\/www.allocine.fr\/film\/fichefilm_gen_cfilm=193715.html\">Dans la maison<\/a><\/strong><strong>, ou encore une jeune fille pi\u00e9g\u00e9e dans la prostitution dans <a title=\"Jeune &amp;amp; Jolie (France) - 2013 (Drame)\" href=\"http:\/\/www.allocine.fr\/film\/fichefilm_gen_cfilm=209525.html\">Jeune &amp; Jolie<\/a><\/strong><strong>.<span id=\"p35\">\u00a0Quel rapport entretenez-vous avec l&rsquo;adolescence\u00a0?<\/span><\/strong><\/p>\n<p>Elle marque les premi\u00e8res confrontations \u00e0 la r\u00e9alit\u00e9 du monde.\u00a0Pendant l\u2019enfance, on est pr\u00e9serv\u00e9, prot\u00e9g\u00e9 par nos parents, m\u00eame si ce n&rsquo;est pas toujours le cas.<span id=\"p38\">\u00a0Lorsque l&rsquo;adolescence arrive, on est lanc\u00e9 sur la sc\u00e8ne du monde. On est confront\u00e9 \u00e0 des \u00e9v\u00e9nements d&rsquo;une extr\u00eame violence.<\/span><span id=\"p39\">\u00a0Forc\u00e9ment, pendant l&rsquo;enfance, on nous lit des contes de f\u00e9es avec un prince charmant, une princesse charmante.<\/span><span id=\"p40\">\u00a0Mais quand on rencontre l&rsquo;amour pour la premi\u00e8re fois, on se rend compte que ce n&rsquo;est peut-\u00eatre pas si charmant que \u00e7a. Il y a l&rsquo;<span id=\"62\">envers du<\/span>\u00a0d\u00e9cor.<\/span><span id=\"p41\">\u00a0C&rsquo;est cette confrontation que tous les adolescents vivent face au r\u00e9el, qui est\u00a0<span id=\"63\">int\u00e9ressante<\/span>\u00a0\u00e0 filmer, que ce soit dans <i>Jeune &amp; Jolie<\/i> ou\u00a0<i><span id=\"64\">Dans<\/span>\u00a0la maison<\/i>.<\/span><span id=\"p42\">\u00a0<span class=\"s-ve-t\" id=\"65\">Ce sont<\/span>\u00a0des personnages qui se retrouvent face \u00e0 la cruaut\u00e9 d&rsquo;un nouvel environnement et on veut savoir comment ils vont s&rsquo;en sortir, comment ils vont trouver un moyen pour survivre.<\/span><\/p>\n<p><strong><span id=\"p160\">On note de nombreuses r\u00e9f\u00e9rences cin\u00e9matographiques dans <i>\u00c9t\u00e9 85<\/i>\u00a0:<\/span><span id=\"p80\">\u00a0<a title=\"La Boum (France) - 1980 (Com\u00e9die,Drame,Romance)\" href=\"http:\/\/www.allocine.fr\/film\/fichefilm_gen_cfilm=4403.html\"><span class=\"s-or-t\" id=\"144\">La<\/span>\u00a0Boum<\/a>,\u00a0<a title=\"My Own Private Idaho (U.S.A.) - 1991 (Drame)\" href=\"http:\/\/www.allocine.fr\/film\/fichefilm_gen_cfilm=1780.html\">My Own Private Idaho<\/a> de <a title=\"Gus Van Sant (U.S.A.) (R\u00e9alisateur,Sc\u00e9nariste,Acteur)\" href=\"http:\/\/www.allocine.fr\/personne\/fichepersonne_gen_cpersonne=1190.html\">Gus Van Sant<\/a>&#8230;\u00a0<\/span><\/strong><\/p>\n<p><span><span id=\"p81\">J&rsquo;ai repens\u00e9 aux films que j&rsquo;avais\u00a0<span class=\"s-ve-t\" id=\"148\">vu durant ma jeunesse<\/span>, des films des ann\u00e9es\u00a0<span class=\"s-rg-t\" id=\"149\">quatre-vingt<\/span>. Forc\u00e9ment, il y a <i>La Boum<\/i>, que j&rsquo;ai vu comme tous les enfants et adolescents de l&rsquo;\u00e9poque.<\/span><span id=\"p161\">\u00a0Apr\u00e8s, il y avait ces films am\u00e9ricains comme <a title=\"Stand by Me (U.S.A.) - 1986 (Aventure,Drame)\" href=\"http:\/\/www.allocine.fr\/film\/fichefilm_gen_cfilm=2495.html\">Stand by Me<\/a>, qui est adapt\u00e9 d&rsquo;une nouvelle de <a title=\"Stephen King (U.S.A.) (D'apr\u00e8s l'oeuvre de,Sc\u00e9nariste,Acteur)\" href=\"http:\/\/www.allocine.fr\/personne\/fichepersonne_gen_cpersonne=37782.html\">Stephen King<\/a>.<\/span><span id=\"p83\">\u00a0On retrouve cette m\u00eame id\u00e9e de la mort.<\/span><span id=\"p84\">\u00a0<span class=\"s-rg-t\" id=\"151\">ll<\/span>\u00a0y a \u00e9galement quelques petits clins d\u2019\u0153il \u00e0 un de mes\u00a0<span class=\"s-or-t\" id=\"152\">courts m\u00e9trages<\/span>, par exemple <a title=\"Une robe d'\u00e9t\u00e9 (France) - 1996 (Drame)\" href=\"http:\/\/www.allocine.fr\/film\/fichefilm_gen_cfilm=80103.html\">Une robe d&rsquo;\u00e9t\u00e9<\/a>.<\/span><span id=\"p85\">\u00a0J&rsquo;ai compris, en relisant le livre, \u00e0 quel\u00a0<span class=\"s-bl-t\" id=\"153\">point il<\/span>\u00a0avait infus\u00e9 en moi.<\/span><span id=\"p86\">\u00a0Dans la chambre de David, il y a ce poster de\u00a0<a title=\"Soudain l'\u00e9t\u00e9 dernier (U.S.A.) - 1959 (Drame,Thriller)\" href=\"http:\/\/www.allocine.fr\/film\/fichefilm_gen_cfilm=1884.html\">Soudain l&rsquo;\u00e9t\u00e9 dernier<\/a> de <a title=\"Joseph L. Mankiewicz (U.S.A.) (Sc\u00e9nariste,R\u00e9alisateur,Producteur)\" href=\"http:\/\/www.allocine.fr\/personne\/fichepersonne_gen_cpersonne=1727.html\">Joseph L.\u00a0<span class=\"s-rg-t\" id=\"155\">Mankiewicz<\/span><\/a>, adapt\u00e9 de la pi\u00e8ce de\u00a0<span class=\"s-or-t\" id=\"156\">Tennesse Williams<\/span>.<\/span><span id=\"p87\">\u00a0J&rsquo;y ai pens\u00e9 surtout par rapport au personnage de la m\u00e8re, jou\u00e9e par <a title=\"Katharine Hepburn (U.S.A.) (Acteur)\" href=\"http:\/\/www.allocine.fr\/personne\/fichepersonne_gen_cpersonne=24.html\">Katharine Hepburn<\/a>, qui est une m\u00e8re tr\u00e8s incestueuse, tr\u00e8s proche de son fils et qui pouvait faire penser au personnage de la m\u00e8re de David, qui a aussi une relation tr\u00e8s particuli\u00e8re avec les copains de son gar\u00e7on.<\/span><\/span><\/p>\n<p><span><\/p>\n<div class=\"article-figure-holder\">\n<figure class=\"article-figure mceNonEditable\"><img loading=\"lazy\" decoding=\"async\" class=\"article-figure-img\" src=\"data:image\/gif;base64,R0lGODlhAgABAPAAAAAAAAAAACH5BAEAAAAAIf8LSW1hZ2VNYWdpY2sNZ2FtbWE9MC40NTQ1NQAsAAAAAAIAAQAAAgIECgA7\" data-src=\"http:\/\/fr.web.img6.acsta.net\/r_640_256\/newsv7\/20\/07\/08\/18\/01\/1946191.jpg\" width=\"640\" height=\"320\"\/><span class=\"article-figcaption-copy\">MANDARIN PRODUCTION\/FOZ France 2 CINEMA\/PLAYTIME PRODUCTION\/SCOPE PICTURES<\/span><figcaption class=\"article-figcaption\">\n            Dans cette sc\u00e8ne de discoth\u00e8que, Fran\u00e7ois Ozon revisite la sc\u00e8ne culte de \u00ab\u00a0La Boum\u00a0\u00bb de Claude Pinoteau.<br \/>\n        <\/figcaption><\/figure>\n<\/div>\n<p><strong><span id=\"p88\">Le film parvient parfaitement \u00e0 capturer l&rsquo;ambiance de l&rsquo;\u00e9t\u00e9, comme <a title=\"Bonjour Tristesse (U.S.A.) - 1958 (Com\u00e9die dramatique,Drame)\" href=\"http:\/\/www.allocine.fr\/film\/fichefilm_gen_cfilm=2242.html\">Bonjour Tristesse<\/a>, <a title=\"Les roseaux sauvages (France) - 1994 (Drame)\" href=\"http:\/\/www.allocine.fr\/film\/fichefilm_gen_cfilm=10134.html\">Les Roseaux sauvages<\/a>, ou plus r\u00e9cemment\u00a0<a title=\"Call Me By Your Name (France,Italie,U.S.A.,Br\u00e9sil) - 2017 (Drame,Romance)\" href=\"http:\/\/www.allocine.fr\/film\/fichefilm_gen_cfilm=252439.html\"><span class=\"s-rg-t\" id=\"157\">Call<\/span>\u00a0Me By Your Name<\/a>.<\/span><span id=\"p89\">\u00a0La comparaison avec ce dernier vous a-t-elle pos\u00e9 probl\u00e8me\u00a0?<\/span><\/strong><\/span><\/p>\n<p><span id=\"p90\">Non, je ne me suis pas du tout pos\u00e9 la question de comparaison avec d&rsquo;autres films.<\/span><span id=\"p91\">\u00a0Je pense que la structure de cette histoire \u00e9tait tellement particuli\u00e8re et tr\u00e8s diff\u00e9rente des autres films d&rsquo;apprentissage, qui sont beaucoup plus lin\u00e9aires.<\/span><span id=\"p92\">\u00a0J&rsquo;ai aim\u00e9 que cette histoire soit construite comme un puzzle.<\/span><span id=\"p93\">\u00a0Il y a plusieurs niveaux de r\u00e9alit\u00e9, plusieurs temporalit\u00e9s.<\/span><span id=\"p94\">\u00a0C&rsquo;\u00e9tait int\u00e9ressant \u00e0 construire.<\/span><span id=\"p162\">\u00a0D&rsquo;ailleurs, au d\u00e9but, j&rsquo;ai essay\u00e9 de tout remettre dans l&rsquo;ordre, mais j&rsquo;ai r\u00e9alis\u00e9 que, ce qui \u00e9tait int\u00e9ressant, c&rsquo;\u00e9tait de retrouver la construction du livre.<\/span><span id=\"p96\">\u00a0Elle cr\u00e9e une forme de suspense et oblige le spectateur \u00e0 se poser des questions, \u00e0 imaginer des choses.<\/span><\/p>\n<p><span><strong><span id=\"p43\">Comment s&rsquo;est pass\u00e9 la dynamique entre\u00a0<a title=\"Benjamin Voisin (France) (Acteur)\" href=\"http:\/\/www.allocine.fr\/personne\/fichepersonne_gen_cpersonne=786533.html\">Benjamin Voisin<\/a>\u00a0et\u00a0<a title=\"F\u00e9lix Lefebvre (France) (Acteur)\" href=\"http:\/\/www.allocine.fr\/personne\/fichepersonne_gen_cpersonne=836753.html\">F\u00e9lix Lefebvre<\/a>\u00a0?<\/span><span id=\"p44\">\u00a0Vous disiez sentir une plus grande ouverture d&rsquo;esprit chez la nouvelle g\u00e9n\u00e9ration d&rsquo;acteurs\u2026<\/span><\/strong><\/span><\/p>\n<p><span id=\"p45\">J&rsquo;ai souvent travaill\u00e9 avec des com\u00e9diens pour qui\u00a0<span class=\"s-rg-t\" id=\"66\">c<\/span>&lsquo;\u00e9tait un probl\u00e8me de jouer un r\u00f4le homosexuel.<\/span><span id=\"p46\">\u00a0L\u00e0, en rencontrant tous les acteurs du film, je me suis rendu compte que ce n&rsquo;\u00e9tait absolument plus un sujet, c&rsquo;\u00e9tait m\u00eame un d\u00e9fi.<\/span><span id=\"p47\">\u00a0Et puis, je leur ai pos\u00e9 la question, \u00e0 Benjamin et \u00e0 F\u00e9lix.<\/span><span id=\"p48\">\u00a0D\u00e8s le d\u00e9but, j&rsquo;ai senti que \u00e7a n&rsquo;allait pas \u00eatre une contrainte.<\/span><span id=\"p49\">\u00a0<\/span><\/p>\n<blockquote class=\"article-quote\"><p>Pour moi, les ann\u00e9es quatre-vingt sont surtout li\u00e9es \u00e0 la d\u00e9couverte du sida.<\/p><\/blockquote>\n<p><strong>Vous avez toujours parl\u00e9 ouvertement de l&rsquo;homosexualit\u00e9 et de la\u00a0<span class=\"s-rg-t\" id=\"159\">transidentit\u00e9<\/span>\u00a0dans votre cin\u00e9ma.<span id=\"p98\">\u00a0Que pensez-vous, en tant que r\u00e9alisateur et sc\u00e9nariste, de cette \u00e9volution dans la visibilit\u00e9 et la repr\u00e9sentation de ces th\u00e9matiques sur nos \u00e9crans ?<\/span><\/strong><\/p>\n<p>Quand j&rsquo;\u00e9tais adolescent, la d\u00e9couverte de ce livre a \u00e9t\u00e9 d&rsquo;autant plus un choc que la repr\u00e9sentation de l&rsquo;homosexualit\u00e9 \u00e9tait extr\u00eamement n\u00e9gative, tr\u00e8s douloureuse. Les films qu&rsquo;on voyait pr\u00e9sentaient l&rsquo;homosexualit\u00e9 comme un lourd probl\u00e8me et ses nombreux d\u00e9sastres.<span id=\"p101\">\u00a0Ici, au final, on s&rsquo;en moque que ce soit deux gar\u00e7ons.<\/span><span id=\"p102\">\u00a0Cela pourrait \u00eatre un gar\u00e7on et une fille.<\/span><span id=\"p103\">\u00a0Il y a quelque chose d&rsquo;universel dans cette histoire d&rsquo;amour et je pense que les filles et les gar\u00e7ons peuvent s&rsquo;identifier de la m\u00eame mani\u00e8re aux deux personnages.<\/span><span id=\"p104\">\u00a0C&rsquo;est pour \u00e7a que les adolescents d&rsquo;aujourd&rsquo;hui, qui ont l&rsquo;habitude d&rsquo;avoir plus une repr\u00e9sentation plus positive, notamment les jeunes gays, vont pouvoir s&rsquo;identifier aussi \u00e0 cette histoire.<\/span><br \/><span id=\"p105\">Dans ma carri\u00e8re, je n&rsquo;ai jamais fait de diff\u00e9rence entre les sexes.<\/span><span id=\"p106\">\u00a0Souvent, je me dis que mes personnages pourraient \u00eatre deux filles, deux gar\u00e7ons.<\/span><span id=\"p107\">\u00a0Cela m&rsquo;est m\u00eame arriv\u00e9 de changer le sexe d&rsquo;un personnage dans un sc\u00e9nario.<\/span><span id=\"p108\">\u00a0J&rsquo;essaye de les traiter \u00e0 \u00e9galit\u00e9 le plus possible.<\/span><\/p>\n<p><strong><span id=\"p109\">Depuis quelques ann\u00e9es maintenant, la reconstitution des ann\u00e9es quatre-vingt est devenue r\u00e9currente, au cin\u00e9ma comme \u00e0 la t\u00e9l\u00e9vision. Il y a <a title=\"Stranger Things (U.S.A.) (Fantastique,Thriller,Drame)\" href=\"http:\/\/www.allocine.fr\/series\/ficheserie_gen_cserie=19156.html\">Stranger Things<\/a>, <a title=\"American Horror Story (U.S.A.) (Drame,Fantastique,Epouvante-horreur)\" href=\"http:\/\/www.allocine.fr\/series\/ficheserie_gen_cserie=10001.html\">American Horror Story<\/a>, prochainement <a title=\"Wonder Woman 1984 (U.S.A.) - 2020 (Action,Aventure,Fantastique)\" href=\"http:\/\/www.allocine.fr\/film\/fichefilm_gen_cfilm=256588.html\">Wonder Woman 1984<\/a>\u2026 Pourquoi cette \u00e9poque fascine autant de gens, m\u00eame ceux qui ne l&rsquo;ont pas v\u00e9cu ? Un besoin de nostalgie ?<\/span><\/strong><\/p>\n<p><span id=\"p109\"><span id=\"p115\">Je n&rsquo;ai aucune nostalgie des ann\u00e9es quatre-vingt.<\/span><span id=\"p116\">\u00a0C&rsquo;\u00e9tait une p\u00e9riode tr\u00e8s ingrate.<\/span><span id=\"p163\">\u00a0Je n&rsquo;aimais pas particuli\u00e8rement la musique de cette \u00e9poque, je trouvais qu&rsquo;on \u00e9tait mal habill\u00e9, et quand je me suis replong\u00e9 dans ce film, je me suis rendu compte que le regard des jeunes d&rsquo;aujourd&rsquo;hui \u00e9taient extr\u00eamement diff\u00e9rent sur cette p\u00e9riode.<\/span><span id=\"p118\">\u00a0Ils l&rsquo;id\u00e9alisent totalement.<\/span><span id=\"p164\">\u00a0Pour moi, les ann\u00e9es quatre-vingt sont surtout li\u00e9es \u00e0 la d\u00e9couverte du sida.<\/span><span id=\"p120\">\u00a0C&rsquo;\u00e9tait extr\u00eamement compliqu\u00e9 pour les adolescents.<\/span><span id=\"p168\">\u00a0On d\u00e9couvrait la sexualit\u00e9, et en m\u00eame temps, on se rendait compte qu&rsquo;on pouvait en mourir<\/span><span id=\"p165\">.<\/span><span id=\"p166\">\u00a0Avec <i>\u00c9t\u00e9 85<\/i>, j&rsquo;ai essay\u00e9 de montrer ce qu&rsquo;il y avait de plus beau et de plus sexy dans les ann\u00e9es quatre-vingt.<\/span><span id=\"p167\">\u00a0Au niveau des musiques, j&rsquo;ai essay\u00e9 de choisir des titres qui n&rsquo;\u00e9taient pas ringards, mais de vrais bons morceaux de musique.<\/span><span id=\"p125\">\u00a0De m\u00eame pour les costumes, on a essay\u00e9 de ne pas montrer le c\u00f4t\u00e9 trop kitsch de ces ann\u00e9es-l\u00e0, mais quelque chose de sexy et saillant pour les acteurs.<\/span><span id=\"p126\">\u00a0D&rsquo;ailleurs, tous les acteurs ont ador\u00e9 leurs costumes.<\/span><span id=\"p127\">\u00a0Ils ont tout gard\u00e9 apr\u00e8s le tournage\u00a0<span id=\"p114\">(<i>rires<\/i>)<\/span>.<\/span><br \/><\/span><\/p>\n<p><i>Propos recueillis \u00e0 Paris le mardi 30 juin 2020.<\/i><\/p>\n<p><strong>D\u00e9couvrez la bande-annonce du film&#8230; :<\/strong><\/p>\n<p><strong>\u00a0&#8230; et sa bande originale :<\/strong><\/p>\n<p><iframe loading=\"lazy\" src=\"https:\/\/open.spotify.com\/embed\/album\/2tV1ko5CUaZsytXHvuNC1R\" width=\"300\" height=\"380\" frameborder=\"0\" allowtransparency=\"true\" allow=\"encrypted-media\"><\/iframe><\/p>\n<\/p><\/div>\n<p>[ad_2]<br \/>\n<br \/><a href=\"http:\/\/rss.allocine.fr\/~r\/ac\/actualites\/~3\/TB9fxmTB7hQ\/fichearticle_gen_carticle=18691395.html\">Source link <\/a><\/p>\n","protected":false},"excerpt":{"rendered":"<p>[ad_1] Avec \u00ab\u00a0\u00c9t\u00e9 85\u00a0\u00bb, au cin\u00e9ma ce 14 juillet 2020, Fran\u00e7ois Ozon r\u00e9alise son dix-neuvi\u00e8me film et se replonge dans &hellip; <a href=\"https:\/\/www.affinite.fr\/index.php\/2020\/07\/13\/ete-85-selon-francois-ozon-ce-quil-y-avait-de-plus-beau-et-de-plus-sexy-dans-les-annees-80-actus-cine\/\" class=\"more-link\">Plus <span class=\"screen-reader-text\">\u00c9t\u00e9 85 selon Fran\u00e7ois Ozon : \u00ab\u00a0Ce qu&rsquo;il y avait de plus beau et de plus sexy dans les ann\u00e9es 80\u00a0\u00bb &#8211; Actus Cin\u00e9<\/span> <span class=\"meta-nav\">&rarr;<\/span><\/a><\/p>\n","protected":false},"author":1,"featured_media":4956,"comment_status":"open","ping_status":"open","sticky":false,"template":"","format":"standard","meta":{"_sitemap_exclude":false,"_sitemap_priority":"","_sitemap_frequency":"","footnotes":""},"categories":[1],"tags":[],"class_list":["post-4955","post","type-post","status-publish","format-standard","has-post-thumbnail","hentry","category-tous"],"_links":{"self":[{"href":"https:\/\/www.affinite.fr\/index.php\/wp-json\/wp\/v2\/posts\/4955"}],"collection":[{"href":"https:\/\/www.affinite.fr\/index.php\/wp-json\/wp\/v2\/posts"}],"about":[{"href":"https:\/\/www.affinite.fr\/index.php\/wp-json\/wp\/v2\/types\/post"}],"author":[{"embeddable":true,"href":"https:\/\/www.affinite.fr\/index.php\/wp-json\/wp\/v2\/users\/1"}],"replies":[{"embeddable":true,"href":"https:\/\/www.affinite.fr\/index.php\/wp-json\/wp\/v2\/comments?post=4955"}],"version-history":[{"count":0,"href":"https:\/\/www.affinite.fr\/index.php\/wp-json\/wp\/v2\/posts\/4955\/revisions"}],"wp:featuredmedia":[{"embeddable":true,"href":"https:\/\/www.affinite.fr\/index.php\/wp-json\/wp\/v2\/media\/4956"}],"wp:attachment":[{"href":"https:\/\/www.affinite.fr\/index.php\/wp-json\/wp\/v2\/media?parent=4955"}],"wp:term":[{"taxonomy":"category","embeddable":true,"href":"https:\/\/www.affinite.fr\/index.php\/wp-json\/wp\/v2\/categories?post=4955"},{"taxonomy":"post_tag","embeddable":true,"href":"https:\/\/www.affinite.fr\/index.php\/wp-json\/wp\/v2\/tags?post=4955"}],"curies":[{"name":"wp","href":"https:\/\/api.w.org\/{rel}","templated":true}]}}