{"id":4908,"date":"2020-07-08T11:37:35","date_gmt":"2020-07-08T11:37:35","guid":{"rendered":"https:\/\/www.affinite.fr\/index.php\/2020\/07\/08\/pour-lutter-contre-le-harcelement-instagram-permet-depingler-ses-commentaires-preferes\/"},"modified":"2020-07-08T11:37:35","modified_gmt":"2020-07-08T11:37:35","slug":"pour-lutter-contre-le-harcelement-instagram-permet-depingler-ses-commentaires-preferes","status":"publish","type":"post","link":"https:\/\/www.affinite.fr\/index.php\/2020\/07\/08\/pour-lutter-contre-le-harcelement-instagram-permet-depingler-ses-commentaires-preferes\/","title":{"rendered":"Pour lutter contre le harc\u00e8lement, Instagram permet d\u2019\u00e9pingler ses commentaires pr\u00e9f\u00e9r\u00e9s"},"content":{"rendered":"<p> [ad_1]<br \/>\n<br \/><img decoding=\"async\" src=\"https:\/\/img.bfmtv.com\/i\/0\/0\/4ec\/d93f4aa7da44c35a928fbd5c0e553.jpg\" \/><\/p>\n<div itemprop=\"articleBody\">\n<p>La fonctionnalit\u00e9 est d\u00e9sormais accessible \u00e0 tous. Instagram a annonc\u00e9 ce 7 juillet qu\u2019il avait commenc\u00e9 \u00e0 d\u00e9ployer la possibilit\u00e9 d\u2019\u00e9pingler sous ses publications jusqu\u2019\u00e0 trois commentaires pr\u00e9f\u00e9r\u00e9s. Cette option \u00e9tait test\u00e9e depuis le mois de mai dernier,\u00a0parall\u00e8lement \u00e0 un outil permettant de supprimer les commentaires par lot.<\/p>\n<div data-force-click=\"true\" class=\"bloc\">\n<blockquote class=\"twitter-tweet\">\n<p dir=\"ltr\" lang=\"en\">Today we\u2019re rolling out pinned comments everywhere. ?<\/p>\n<p>That means you can a pin a few comments to the top of your feed post and better manage the conversation. <a href=\"https:\/\/t.co\/iPCMJVLxMh\">pic.twitter.com\/iPCMJVLxMh<\/a><\/p>\n<p>\u2014 Instagram (@instagram) <a href=\"https:\/\/twitter.com\/instagram\/status\/1280534351680122881?ref_src=twsrc%5Etfw\">July 7, 2020<\/a><\/p><\/blockquote><\/div>\n<h3 style=\"color:#333; font-family:arial,helvetica,sans-serif; font-size:23px; font-weight:700\">Un nouvel outil de lutte contre le harc\u00e8lement<\/h3>\n<p>Pour \u00e9pingler un commentaire, il faut glisser son doigt vers la gauche pour faire appara\u00eetre les options permettant de le faire. Sont \u00e9galement propos\u00e9es les possibilit\u00e9s de le signaler, d\u2019y r\u00e9pondre ou de l\u2019effacer.<\/p>\n<aside class=\"bg-color-0 padding-inside-all-s bloc border-s\">\n<h4 class=\"box-txt-normal\">\n<p><strong>A d\u00e9couvrir aussi en vid\u00e9o<\/strong><\/p>\n<\/h4>\n<\/aside>\n<p>Cela participe aux efforts d\u00e9ploy\u00e9s depuis plusieurs ann\u00e9es par Instagram pour lutter contre le harc\u00e8lement en ligne et la d\u00e9sinformation. <a href=\"https:\/\/www.01net.com\/actualites\/instagram-devoile-des-outils-pour-lutter-contre-le-harcelement-sur-sa-plate-forme-1728366.html\" target=\"_blank\" rel=\"noopener noreferrer\">Une intelligence artificielle est par exemple charg\u00e9e de d\u00e9tecter les commentaires offensants<\/a> pour les supprimer.<\/p>\n<\/p><\/div>\n<p><script async src=\"http:\/\/platform.twitter.com\/widgets.js\" charset=\"utf-8\"><\/script><script>\n         !function(f,b,e,v,n,t,s){if(f.fbq)return;n=f.fbq=function()\n         {n.callMethod? n.callMethod.apply(n,arguments):n.queue.push(arguments)}\n         ;if(!f._fbq)f._fbq=n;\n             n.push=n;n.loaded=!0;n.version='2.0';n.queue=[];t=b.createElement(e);t.async=!0;\n             t.src=v;s=b.getElementsByTagName(e)[0];s.parentNode.insertBefore(t,s)}(window,\n                 document,'script','https:\/\/connect.facebook.net\/en_US\/fbevents.js');\n         fbq('init', '1065890633454496');\n         fbq('track', 'PageView');\n     <\/script><br \/>\n<br \/>[ad_2]<br \/>\n<br \/><a href=\"https:\/\/www.01net.com\/actualites\/pour-lutter-contre-le-harcelement-instagram-permet-d-epingler-ses-commentaires-preferes-1944800.html\">Source link <\/a><\/p>\n","protected":false},"excerpt":{"rendered":"<p>[ad_1] La fonctionnalit\u00e9 est d\u00e9sormais accessible \u00e0 tous. Instagram a annonc\u00e9 ce 7 juillet qu\u2019il avait commenc\u00e9 \u00e0 d\u00e9ployer la &hellip; <a href=\"https:\/\/www.affinite.fr\/index.php\/2020\/07\/08\/pour-lutter-contre-le-harcelement-instagram-permet-depingler-ses-commentaires-preferes\/\" class=\"more-link\">Plus <span class=\"screen-reader-text\">Pour lutter contre le harc\u00e8lement, Instagram permet d\u2019\u00e9pingler ses commentaires pr\u00e9f\u00e9r\u00e9s<\/span> <span class=\"meta-nav\">&rarr;<\/span><\/a><\/p>\n","protected":false},"author":1,"featured_media":4909,"comment_status":"open","ping_status":"open","sticky":false,"template":"","format":"standard","meta":{"_sitemap_exclude":false,"_sitemap_priority":"","_sitemap_frequency":"","footnotes":""},"categories":[1],"tags":[],"class_list":["post-4908","post","type-post","status-publish","format-standard","has-post-thumbnail","hentry","category-tous"],"_links":{"self":[{"href":"https:\/\/www.affinite.fr\/index.php\/wp-json\/wp\/v2\/posts\/4908"}],"collection":[{"href":"https:\/\/www.affinite.fr\/index.php\/wp-json\/wp\/v2\/posts"}],"about":[{"href":"https:\/\/www.affinite.fr\/index.php\/wp-json\/wp\/v2\/types\/post"}],"author":[{"embeddable":true,"href":"https:\/\/www.affinite.fr\/index.php\/wp-json\/wp\/v2\/users\/1"}],"replies":[{"embeddable":true,"href":"https:\/\/www.affinite.fr\/index.php\/wp-json\/wp\/v2\/comments?post=4908"}],"version-history":[{"count":0,"href":"https:\/\/www.affinite.fr\/index.php\/wp-json\/wp\/v2\/posts\/4908\/revisions"}],"wp:featuredmedia":[{"embeddable":true,"href":"https:\/\/www.affinite.fr\/index.php\/wp-json\/wp\/v2\/media\/4909"}],"wp:attachment":[{"href":"https:\/\/www.affinite.fr\/index.php\/wp-json\/wp\/v2\/media?parent=4908"}],"wp:term":[{"taxonomy":"category","embeddable":true,"href":"https:\/\/www.affinite.fr\/index.php\/wp-json\/wp\/v2\/categories?post=4908"},{"taxonomy":"post_tag","embeddable":true,"href":"https:\/\/www.affinite.fr\/index.php\/wp-json\/wp\/v2\/tags?post=4908"}],"curies":[{"name":"wp","href":"https:\/\/api.w.org\/{rel}","templated":true}]}}