{"id":4871,"date":"2020-07-07T15:41:04","date_gmt":"2020-07-07T15:41:04","guid":{"rendered":"https:\/\/www.affinite.fr\/index.php\/2020\/07\/07\/isabelle-boulay-en-couple-avec-eric-dupond-moretti-lamour-fort\/"},"modified":"2020-07-07T15:41:04","modified_gmt":"2020-07-07T15:41:04","slug":"isabelle-boulay-en-couple-avec-eric-dupond-moretti-lamour-fort","status":"publish","type":"post","link":"https:\/\/www.affinite.fr\/index.php\/2020\/07\/07\/isabelle-boulay-en-couple-avec-eric-dupond-moretti-lamour-fort\/","title":{"rendered":"Isabelle Boulay, en couple avec \u00c9ric Dupond-Moretti\u00a0: l&rsquo;amour fort"},"content":{"rendered":"<p> [ad_1]<br \/>\n<br \/><img decoding=\"async\" src=\"https:\/\/img-3.journaldesfemmes.fr\/EE0A4W7LygfGXHdAd-IB0F9p0Gk=\/1280x\/smart\/74740c50392f480d897653c4def177f2\/ccmcms-jdf\/16898143.jpg\" \/><\/p>\n<p>\n                \u00c9ric Dupond-Moretti et Isabelle Boulay nagent dans le bonheur depuis 4\u00a0ans. L&rsquo;avocat p\u00e9naliste, nouveau garde des Sceaux, et la chanteuse vivent une romance \u00e0 l&rsquo;abri des regards. Retour sur une histoire d&rsquo;amour pas comme les autres.            <\/p>\n<div>\n<p>Voil\u00e0 plus de 4 ans qu&rsquo;<strong>\u00c9ric Dupond-Moretti<\/strong>, r\u00e9cemment <a href=\"https:\/\/www.journaldesfemmes.fr\/societe\/actu\/2648005-eric-dupond-moretti-garde-des-sceaux-justice-eric-dupond-moretti-passion-rapaces-et-corrida-secrets-fous-et-drames-d-enfance\/\">d\u00e9sign\u00e9 ministre de la Justice<\/a>,\u00a0et<strong> Isabelle Boulay<\/strong> sont heureux en couple. En 2016,\u00a0 le t\u00e9nor du barreau est divorc\u00e9 de<strong> l&rsquo;ancienne juriste H\u00e9l\u00e8ne<\/strong>, m\u00e8re de <strong>ses fils Cl\u00e9ment, 30 ans, et Rapha\u00ebl, 27 ans<\/strong>. Quant \u00e0 la belle\u00a0Qu\u00e9b\u00e9coise, elle sort d&rsquo;une relation avec<strong> son producteur Marc-Andr\u00e9 Chicoine<\/strong>, avec qui elle a un fils <strong>Marcus, 12 ans<\/strong>. C&rsquo;est \u00e0 ce moment que leurs chemins se croisent. Le charme op\u00e8re rapidement et <em>Ici Paris<\/em> d\u00e9voile des clich\u00e9s de paparazzi o\u00f9 l&rsquo;on d\u00e9couvre que\u00a0<a href=\"https:\/\/www.journaldesfemmes.fr\/people\/magazine\/1739636-infos-scoops-news-stars-actu\/1741406-isabelle-boulay-et-eric-dupond-moretti\"><strong>l&rsquo;avocat et l&rsquo;artiste&#8230; sont amants<\/strong><\/a>.<br \/>Mais si\u00a0\u00c9ric Dupond-Moretti tient \u00e0 <strong>pr\u00e9server sa vie priv\u00e9e<\/strong>, il se laisse aller \u00e0 quelques timides confidences aupr\u00e8s du <em>Parisien<\/em>. \u00ab\u00a0<em>Vous savez quelle est<strong> ma chanteuse pr\u00e9f\u00e9r\u00e9e<\/strong>\u00a0! <\/em>(sa compagne, Isabelle Boulay, ndlr).<em> J&rsquo;expose peu ma vie priv\u00e9e parce que cela ne regarde que moi, mais il s&rsquo;av\u00e8re que l&rsquo;on s&rsquo;est fait paparazzer<\/em>\u00ab\u00a0, l\u00e2che-t-il.<\/p>\n<h2>\u00c9ric Dupond-Moretti et Isabelle Boulay, un couple tendre mais secret<\/h2>\n<p>Conscient que les foules ne sont pas dupes et que son couple ne pourrait pas \u00e9ternellement rester secret, l&rsquo;avocat de 59 ans n&rsquo;en demeure pas moins <strong>furieux que sa vie priv\u00e9e ait \u00e9t\u00e9 expos\u00e9e<\/strong>.\u00a0\u00ab\u00a0<em>Ils nous ont piqu\u00e9 des photos <strong>dans des conditions d\u00e9gu**lasses<\/strong>. D&rsquo;ailleurs, Je leur ai fait un proc\u00e8s et j&rsquo;ai gagn\u00e9. On n&rsquo;avait pas choisi ce moment-l\u00e0. Isabelle a un petit gar\u00e7on. Elle souhaitait le prot\u00e9ger, il ne savait pas. On ne souhaitait pas parler de \u00e7a \u00e0 ce moment-l\u00e0 et on nous a vol\u00e9 une partie de l&rsquo;intimit\u00e9 de notre vie priv\u00e9e<\/em>\u00ab\u00a0, confie-t-il dans l&rsquo;\u00e9mission\u00a0<em>20h30, le Dimanche<\/em>.<\/p>\n<p>Quant \u00e0 Isabelle Boulay, interpr\u00e8te des tubes <em>Parle-moi e<\/em>t <em>Un Jour ou l&rsquo;Autre\u00a0<\/em>ne tarit pas d&rsquo;\u00e9loge sur<strong> l&rsquo;homme qui partage sa vie<\/strong>.\u00a0\u00ab\u00a0<em>Il est d\u00e9vor\u00e9 par son travail, sa passion, il est p\u00e9na\u00adliste, c&rsquo;est donc plus compliqu\u00e9. Mais peu importe, pour aimer quelqu&rsquo;un, j&rsquo;ai besoin d&rsquo;ad\u00admi\u00adrer, et lui, <strong>je l&rsquo;ad\u00admire beau\u00adcoup<\/strong>. Et je conti\u00adnue\u00adrai de l&rsquo;ad\u00admi\u00adrer quoi qu&rsquo;il arrive<\/em>\u00ab\u00a0, pr\u00e9cise-t-elle dans <em>Gala<\/em>.<\/p>\n<h2>\u00c9ric Dupond-Moretti et Isabelle Boulay, un couple soud\u00e9 mais ind\u00e9pendant\u00a0<\/h2>\n<p>La flamboyante rousse de 48 ans fait preuve d&rsquo;un <strong>soutien ind\u00e9fectible envers son compagnon<\/strong>, notamment lorsqu&rsquo;il s&rsquo;agit de lui faire partager l&rsquo;amour de la sc\u00e8ne. En 2019,\u00a0\u00c9ric Dupond-Moretti investit les planches du th\u00e9\u00e2tre de la Madeleine, \u00e0 Paris, pour <a href=\"https:\/\/www.journaldesfemmes.fr\/people\/magazine\/2644951-un-week-end-chez-les-stars\/2644985-eric-dupond-moretti\">jouer <strong>son spectacle\u00a0<em>Eric-Dupond-Moretti \u00e0 la barre<\/em><\/strong><\/a>. De quoi rendre sa compagne particuli\u00e8rement fi\u00e8re.<\/p>\n<p>L&rsquo;avocat p\u00e9naliste d\u00e9taille d&rsquo;ailleurs \u00e0 <em>Gala <\/em>:\u00a0\u00ab\u00a0<em>Je voulais \u00e9prouver ce qu&rsquo;Isabelle ressent avant de monter sur sc\u00e8ne<\/em> (&#8230;) <em>Et, en m\u00eame temps, j&rsquo;ai toujours la trouille qu&rsquo;elle se prenne le pied dans le micro, par exemple. Je ne suis pas un spectateur lambda. Avec elle, j&rsquo;ai peur. Je voulais \u00e9prouver cela. Elle a \u00e9t\u00e9 tr\u00e8s pr\u00e9sente, j&rsquo;ai beaucoup r\u00e9p\u00e9t\u00e9 avec elle. <strong>Elle m&rsquo;a beaucoup soutenu, beaucoup aid\u00e9<\/strong><\/em>\u00ab\u00a0.<\/p>\n<aside id=\"NL_1411844036\" class=\"newsletter_subscription jNlBlock\"><noscript><br \/>\n            <\/noscript><\/p>\n<h3 class=\"newsletter_subscription-title\">Newsletter <\/h3>\n<p><a href=\"\/\/mailing.ccmbg.com\/archive\/last-85\" target=\"_blank\" class=\"a_hover\" rel=\"noopener noreferrer\">Voir un exemple<\/a><\/p>\n<\/aside>\n<p>Si les tourtereaux sont manifestement toujours soud\u00e9s, ils ne sont pas pour autant coll\u00e9s l&rsquo;un \u00e0 l&rsquo;autre. Pendant le <strong>confinement<\/strong>, c&rsquo;\u00e9tait <strong>chacun chez soi<\/strong>.\u00a0Isabelle Boulay \u00e9tait rest\u00e9e avec son fils, au <strong>Qu\u00e9bec<\/strong>, tandis que son homme, lui, passait ses journ\u00e9es seul \u00e0 <strong>Paris<\/strong>.\u00a0Loin des yeux, mais certainement pr\u00e8s du c\u0153ur&#8230;<\/p>\n<\/p><\/div>\n<p>[ad_2]<br \/>\n<br \/><a href=\"https:\/\/www.journaldesfemmes.fr\/people\/amour\/2648155-isabelle-boulay-en-couple-avec-eric-dupond-moretti-l-amour-fort\/\">Source link <\/a><\/p>\n","protected":false},"excerpt":{"rendered":"<p>[ad_1] \u00c9ric Dupond-Moretti et Isabelle Boulay nagent dans le bonheur depuis 4\u00a0ans. L&rsquo;avocat p\u00e9naliste, nouveau garde des Sceaux, et la &hellip; <a href=\"https:\/\/www.affinite.fr\/index.php\/2020\/07\/07\/isabelle-boulay-en-couple-avec-eric-dupond-moretti-lamour-fort\/\" class=\"more-link\">Plus <span class=\"screen-reader-text\">Isabelle Boulay, en couple avec \u00c9ric Dupond-Moretti\u00a0: l&rsquo;amour fort<\/span> <span class=\"meta-nav\">&rarr;<\/span><\/a><\/p>\n","protected":false},"author":1,"featured_media":4872,"comment_status":"open","ping_status":"open","sticky":false,"template":"","format":"standard","meta":{"_sitemap_exclude":false,"_sitemap_priority":"","_sitemap_frequency":"","footnotes":""},"categories":[1],"tags":[],"class_list":["post-4871","post","type-post","status-publish","format-standard","has-post-thumbnail","hentry","category-tous"],"_links":{"self":[{"href":"https:\/\/www.affinite.fr\/index.php\/wp-json\/wp\/v2\/posts\/4871"}],"collection":[{"href":"https:\/\/www.affinite.fr\/index.php\/wp-json\/wp\/v2\/posts"}],"about":[{"href":"https:\/\/www.affinite.fr\/index.php\/wp-json\/wp\/v2\/types\/post"}],"author":[{"embeddable":true,"href":"https:\/\/www.affinite.fr\/index.php\/wp-json\/wp\/v2\/users\/1"}],"replies":[{"embeddable":true,"href":"https:\/\/www.affinite.fr\/index.php\/wp-json\/wp\/v2\/comments?post=4871"}],"version-history":[{"count":0,"href":"https:\/\/www.affinite.fr\/index.php\/wp-json\/wp\/v2\/posts\/4871\/revisions"}],"wp:featuredmedia":[{"embeddable":true,"href":"https:\/\/www.affinite.fr\/index.php\/wp-json\/wp\/v2\/media\/4872"}],"wp:attachment":[{"href":"https:\/\/www.affinite.fr\/index.php\/wp-json\/wp\/v2\/media?parent=4871"}],"wp:term":[{"taxonomy":"category","embeddable":true,"href":"https:\/\/www.affinite.fr\/index.php\/wp-json\/wp\/v2\/categories?post=4871"},{"taxonomy":"post_tag","embeddable":true,"href":"https:\/\/www.affinite.fr\/index.php\/wp-json\/wp\/v2\/tags?post=4871"}],"curies":[{"name":"wp","href":"https:\/\/api.w.org\/{rel}","templated":true}]}}