{"id":4856,"date":"2020-07-07T08:53:39","date_gmt":"2020-07-07T08:53:39","guid":{"rendered":"https:\/\/www.affinite.fr\/index.php\/2020\/07\/07\/le-nouveau-codec-h-266-vvc-promet-de-reduire-de-50-la-taille-de-vos-fichiers-video\/"},"modified":"2020-07-07T08:53:39","modified_gmt":"2020-07-07T08:53:39","slug":"le-nouveau-codec-h-266-vvc-promet-de-reduire-de-50-la-taille-de-vos-fichiers-video","status":"publish","type":"post","link":"https:\/\/www.affinite.fr\/index.php\/2020\/07\/07\/le-nouveau-codec-h-266-vvc-promet-de-reduire-de-50-la-taille-de-vos-fichiers-video\/","title":{"rendered":"Le nouveau codec H.266\/VVC promet de r\u00e9duire de 50% la taille de vos fichiers vid\u00e9o"},"content":{"rendered":"<p> [ad_1]<br \/>\n<br \/><img decoding=\"async\" src=\"https:\/\/img.bfmtv.com\/i\/0\/0\/944\/b512c39d78f300eabbc487d0a995a.jpg\" \/><\/p>\n<div itemprop=\"articleBody\">\n<p>Une vid\u00e9o 4K de 90 minutes qui ne p\u00e8serait que 5 Go au lieu des 10 Go habituels. C\u2019est le tour de force r\u00e9ussi par l\u2019institut allemand Fraunhofer. Pour parvenir \u00e0 ce r\u00e9sultat, ses ing\u00e9nieurs ont mis au point un nouveau codec baptis\u00e9 Versatile Video Coding\u00a0 (VVC) et r\u00e9pondant \u00e0 la norme H.266.<\/p>\n<p>Son efficacit\u00e9 permet donc de r\u00e9duire la taille des fichiers vid\u00e9o actuels de 50 % sans d\u00e9grader la qualit\u00e9. Le codec s\u2019applique aussi bien aux d\u00e9finitions SD, HD, Full HD, 4K que 8K, tout en \u00e9tant compatible HDR et adapt\u00e9 aux vid\u00e9os \u00e0 360\u00b0 d\u00e9di\u00e9es \u00e0 la r\u00e9alit\u00e9 virtuelle.<\/p>\n<h3 style=\"color:#333; font-family:arial,helvetica,sans-serif; font-size:23px; font-weight:700\">Trente partenaires pour mettre au point les puces<\/h3>\n<p>Il a fallu trois ans de travail \u00e0 l\u2019institut Fraunhofer pour mettre au point ce H.266 et r\u00e9diger les 500 pages n\u00e9cessaires \u00e0 la documentation de la sp\u00e9cification. Le codec VVC demandera toutefois une puce d\u00e9di\u00e9e pour \u00eatre cod\u00e9\u00a0et d\u00e9cod\u00e9\u00a0par nos machines.<\/p>\n<p>Toutefois, le Media Coding Industry Forum (MC-IF) cr\u00e9\u00e9 pour l\u2019occasion inclut plus de 30 soci\u00e9t\u00e9s de la tech dont Apple, Ericsson, Intel, Huawei, Microsoft, Qualcomm et Sony qui travailleront de concert \u00e0 son d\u00e9ploiement. La solution logicielle de d\u00e9codage\/encodage sera, quant \u00e0 elle, disponible d\u00e8s cet automne.<\/p>\n<aside class=\"bg-color-0 padding-inside-all-s bloc border-s\">\n<h4 class=\"box-txt-normal\">\n<p><strong>A d\u00e9couvrir aussi en vid\u00e9o<\/strong><\/p>\n<\/h4>\n<\/aside>\n<p>L\u2019institut Fraunhofer est l\u2019un des acteurs les plus importants de la compression de donn\u00e9es. Il avait cr\u00e9\u00e9 dans les ann\u00e9es 80 le format MP3, puis particip\u00e9 ensuite \u00e0 la cr\u00e9ation du H.264\/AVC et du H.265\/HEVC. Il estime que les vid\u00e9os compress\u00e9es repr\u00e9sentent d\u00e9sormais 80 % du trafic global sur Internet. Le VVC pourrait jouer un r\u00f4le majeur pour soulager les r\u00e9seaux des op\u00e9rateurs.<\/p>\n<p><strong>Source : <a href=\"https:\/\/newsletter.fraunhofer.de\/-viewonline2\/17386\/465\/11\/14SHcBTt\/V44RELLZBp\/1\" target=\"_blank\" rel=\"noopener noreferrer\">Fraunhofer Heinrich Hertz Institute<\/a><\/strong><\/p>\n<\/p><\/div>\n<p><script>\n         !function(f,b,e,v,n,t,s){if(f.fbq)return;n=f.fbq=function()\n         {n.callMethod? n.callMethod.apply(n,arguments):n.queue.push(arguments)}\n         ;if(!f._fbq)f._fbq=n;\n             n.push=n;n.loaded=!0;n.version='2.0';n.queue=[];t=b.createElement(e);t.async=!0;\n             t.src=v;s=b.getElementsByTagName(e)[0];s.parentNode.insertBefore(t,s)}(window,\n                 document,'script','https:\/\/connect.facebook.net\/en_US\/fbevents.js');\n         fbq('init', '1065890633454496');\n         fbq('track', 'PageView');\n     <\/script><br \/>\n<br \/>[ad_2]<br \/>\n<br \/><a href=\"https:\/\/www.01net.com\/actualites\/le-nouveau-codec-h-266vvc-promet-de-reduire-de-50percent-la-taille-de-vos-fichiers-video-1944181.html\">Source link <\/a><\/p>\n","protected":false},"excerpt":{"rendered":"<p>[ad_1] Une vid\u00e9o 4K de 90 minutes qui ne p\u00e8serait que 5 Go au lieu des 10 Go habituels. C\u2019est &hellip; <a href=\"https:\/\/www.affinite.fr\/index.php\/2020\/07\/07\/le-nouveau-codec-h-266-vvc-promet-de-reduire-de-50-la-taille-de-vos-fichiers-video\/\" class=\"more-link\">Plus <span class=\"screen-reader-text\">Le nouveau codec H.266\/VVC promet de r\u00e9duire de 50% la taille de vos fichiers vid\u00e9o<\/span> <span class=\"meta-nav\">&rarr;<\/span><\/a><\/p>\n","protected":false},"author":1,"featured_media":4857,"comment_status":"open","ping_status":"open","sticky":false,"template":"","format":"standard","meta":{"_sitemap_exclude":false,"_sitemap_priority":"","_sitemap_frequency":"","footnotes":""},"categories":[1],"tags":[],"class_list":["post-4856","post","type-post","status-publish","format-standard","has-post-thumbnail","hentry","category-tous"],"_links":{"self":[{"href":"https:\/\/www.affinite.fr\/index.php\/wp-json\/wp\/v2\/posts\/4856"}],"collection":[{"href":"https:\/\/www.affinite.fr\/index.php\/wp-json\/wp\/v2\/posts"}],"about":[{"href":"https:\/\/www.affinite.fr\/index.php\/wp-json\/wp\/v2\/types\/post"}],"author":[{"embeddable":true,"href":"https:\/\/www.affinite.fr\/index.php\/wp-json\/wp\/v2\/users\/1"}],"replies":[{"embeddable":true,"href":"https:\/\/www.affinite.fr\/index.php\/wp-json\/wp\/v2\/comments?post=4856"}],"version-history":[{"count":0,"href":"https:\/\/www.affinite.fr\/index.php\/wp-json\/wp\/v2\/posts\/4856\/revisions"}],"wp:featuredmedia":[{"embeddable":true,"href":"https:\/\/www.affinite.fr\/index.php\/wp-json\/wp\/v2\/media\/4857"}],"wp:attachment":[{"href":"https:\/\/www.affinite.fr\/index.php\/wp-json\/wp\/v2\/media?parent=4856"}],"wp:term":[{"taxonomy":"category","embeddable":true,"href":"https:\/\/www.affinite.fr\/index.php\/wp-json\/wp\/v2\/categories?post=4856"},{"taxonomy":"post_tag","embeddable":true,"href":"https:\/\/www.affinite.fr\/index.php\/wp-json\/wp\/v2\/tags?post=4856"}],"curies":[{"name":"wp","href":"https:\/\/api.w.org\/{rel}","templated":true}]}}