{"id":4816,"date":"2020-07-06T11:20:17","date_gmt":"2020-07-06T11:20:17","guid":{"rendered":"https:\/\/www.affinite.fr\/index.php\/2020\/07\/06\/un-sondage-dapple-semble-confirmer-que-la-marque-envisage-de-vendre-liphone-12-sans-chargeur\/"},"modified":"2020-07-06T11:20:17","modified_gmt":"2020-07-06T11:20:17","slug":"un-sondage-dapple-semble-confirmer-que-la-marque-envisage-de-vendre-liphone-12-sans-chargeur","status":"publish","type":"post","link":"https:\/\/www.affinite.fr\/index.php\/2020\/07\/06\/un-sondage-dapple-semble-confirmer-que-la-marque-envisage-de-vendre-liphone-12-sans-chargeur\/","title":{"rendered":"Un sondage d&rsquo;Apple semble confirmer que la marque envisage de vendre l&rsquo;iPhone 12 sans chargeur"},"content":{"rendered":"<p> [ad_1]<br \/>\n<br \/><img decoding=\"async\" src=\"https:\/\/img.bfmtv.com\/i\/0\/0\/624\/1e7671e62314dfb7b2fcb5dd324e5.jpg\" \/><\/p>\n<div itemprop=\"articleBody\">\n                Fournira ? Fournira pas ? C&rsquo;est la question que l&rsquo;on se pose sur la livraison du chargeur USB dans la bo\u00eete du futur iPhone 12 d&rsquo;Apple. L&rsquo;analyste\u00a0Ming-Chi Kuo a mentionn\u00e9 que le smartphone pourrait \u00eatre livr\u00e9 <a href=\"https:\/\/www.01net.com\/actualites\/iphone-12-apple-pourrait-ne-plus-fournir-ni-ecouteur-ni-chargeur-a-cause-de-la-5g-1940481.html\" target=\"_blank\" rel=\"noopener noreferrer\">sans chargeur, ni \u00e9couteurs<\/a>. Apple a-t-il d\u00e9j\u00e0 pris sa d\u00e9cision ? Il semble que le constructeur ait envie, avant de trancher, de sonder\u00a0 ses clients. Ainsi, certains d&rsquo;entre eux ont re\u00e7u une demande concernant le chargeur de leur ancien iPhone :<\/p>\n<p>L&rsquo;enqu\u00eate leur demande ce qu&rsquo;ils ont fait du chargeur de leur ancien iPhone. Ils ont le choix entre plusieurs r\u00e9ponses :<\/p>\n<ul>\n<li>Donn\u00e9 \u00e0 un ami ou \u00e0 un membre de la famille.<\/li>\n<li>Recycl\u00e9.<\/li>\n<li>Perdu.<\/li>\n<li>Ne marchait plus.<\/li>\n<li>Encore utilis\u00e9 \u00e0 la maison.<\/li>\n<li>Encore utilis\u00e9 en dehors de la maison.<\/li>\n<li>Encore en possession, mais non utilis\u00e9.<\/li>\n<li>Vendu ou \u00e9chang\u00e9 avec l&rsquo;iPhone.<\/li>\n<\/ul>\n<aside class=\"bg-color-0 padding-inside-all-s bloc border-s\">\n<h4 class=\"box-txt-normal\">\n<p><strong>A d\u00e9couvrir aussi en vid\u00e9o :<\/strong><\/p>\n<\/h4>\n<\/aside>\n<p>Ce type d&rsquo;enqu\u00eate pourrait permettre \u00e0 Apple de d\u00e9terminer si les utilisateurs conservent les chargeurs de leurs anciens iPhone. Ils n&rsquo;auraient alors pas besoin de cet accessoire\u00a0lors de l&rsquo;achat d&rsquo;un nouvel appareil. Mais cela pose deux probl\u00e8mes majeurs. La plupart des chargeurs fournis ont une puissance de 5 W, trop faible pour recharger rapidement les nouveaux iPhone. D&rsquo;autre part, la marque pr\u00e9voit-elle une solution pour\u00a0les nouveaux clients, qui n&rsquo;ont jamais achet\u00e9 de smartphone chez Apple ?<\/p>\n<p>Enfin, Apple pourrait se heurter aux r\u00e9glementations des pays de l&rsquo;Union Europ\u00e9enne, notamment concernant la suppression des \u00e9couteurs aussi \u00e9voqu\u00e9e.\u00a0Ainsi, la <a href=\"https:\/\/www.legifrance.gouv.fr\/affichCodeArticle.do?cidTexte=LEGITEXT000006070987&amp;idArticle=LEGIARTI000006465801&amp;dateTexte=&amp;categorieLien=cid\" target=\"_blank\" rel=\"noopener noreferrer\">r\u00e9glementation fran\u00e7aise<\/a> impose qu&rsquo;un smartphone soit livr\u00e9 avec un kit audio, pour\u00a0limiter l&rsquo;exposition de la t\u00eate aux \u00e9missions radio\u00e9lectriques lors des communications.<\/p>\n<p>Il faudra encore patienter pour savoir quelle est la d\u00e9cision d&rsquo;Apple \u00e0 ce sujet. L&rsquo;iPhone 12 <a href=\"https:\/\/www.01net.com\/actualites\/iphone-12-son-lancement-en-septembre-semble-de-plus-en-plus-compromis-1898598.html\" target=\"_blank\" rel=\"noopener noreferrer\">devrait \u00eatre annonc\u00e9 au mois d&rsquo;octobre<\/a>.<\/p>\n<p><strong>Source <\/strong>: <a href=\"https:\/\/twitter.com\/Gunstaxl\/status\/1278127220163215360\" target=\"_blank\" rel=\"noopener noreferrer\">Twitter<\/a><\/p>\n<\/p><\/div>\n<p><script async src=\"http:\/\/platform.twitter.com\/widgets.js\" charset=\"utf-8\"><\/script><script>\n         !function(f,b,e,v,n,t,s){if(f.fbq)return;n=f.fbq=function()\n         {n.callMethod? n.callMethod.apply(n,arguments):n.queue.push(arguments)}\n         ;if(!f._fbq)f._fbq=n;\n             n.push=n;n.loaded=!0;n.version='2.0';n.queue=[];t=b.createElement(e);t.async=!0;\n             t.src=v;s=b.getElementsByTagName(e)[0];s.parentNode.insertBefore(t,s)}(window,\n                 document,'script','https:\/\/connect.facebook.net\/en_US\/fbevents.js');\n         fbq('init', '1065890633454496');\n         fbq('track', 'PageView');\n     <\/script><br \/>\n<br \/>[ad_2]<br \/>\n<br \/><a href=\"https:\/\/www.01net.com\/actualites\/un-sondage-d-apple-semble-confirmer-que-la-marque-envisage-de-vendre-l-iphone-12-sans-chargeur-1943687.html\">Source link <\/a><\/p>\n","protected":false},"excerpt":{"rendered":"<p>[ad_1] Fournira ? Fournira pas ? C&rsquo;est la question que l&rsquo;on se pose sur la livraison du chargeur USB dans &hellip; <a href=\"https:\/\/www.affinite.fr\/index.php\/2020\/07\/06\/un-sondage-dapple-semble-confirmer-que-la-marque-envisage-de-vendre-liphone-12-sans-chargeur\/\" class=\"more-link\">Plus <span class=\"screen-reader-text\">Un sondage d&rsquo;Apple semble confirmer que la marque envisage de vendre l&rsquo;iPhone 12 sans chargeur<\/span> <span class=\"meta-nav\">&rarr;<\/span><\/a><\/p>\n","protected":false},"author":1,"featured_media":4817,"comment_status":"open","ping_status":"open","sticky":false,"template":"","format":"standard","meta":{"_sitemap_exclude":false,"_sitemap_priority":"","_sitemap_frequency":"","footnotes":""},"categories":[1],"tags":[],"class_list":["post-4816","post","type-post","status-publish","format-standard","has-post-thumbnail","hentry","category-tous"],"_links":{"self":[{"href":"https:\/\/www.affinite.fr\/index.php\/wp-json\/wp\/v2\/posts\/4816"}],"collection":[{"href":"https:\/\/www.affinite.fr\/index.php\/wp-json\/wp\/v2\/posts"}],"about":[{"href":"https:\/\/www.affinite.fr\/index.php\/wp-json\/wp\/v2\/types\/post"}],"author":[{"embeddable":true,"href":"https:\/\/www.affinite.fr\/index.php\/wp-json\/wp\/v2\/users\/1"}],"replies":[{"embeddable":true,"href":"https:\/\/www.affinite.fr\/index.php\/wp-json\/wp\/v2\/comments?post=4816"}],"version-history":[{"count":0,"href":"https:\/\/www.affinite.fr\/index.php\/wp-json\/wp\/v2\/posts\/4816\/revisions"}],"wp:featuredmedia":[{"embeddable":true,"href":"https:\/\/www.affinite.fr\/index.php\/wp-json\/wp\/v2\/media\/4817"}],"wp:attachment":[{"href":"https:\/\/www.affinite.fr\/index.php\/wp-json\/wp\/v2\/media?parent=4816"}],"wp:term":[{"taxonomy":"category","embeddable":true,"href":"https:\/\/www.affinite.fr\/index.php\/wp-json\/wp\/v2\/categories?post=4816"},{"taxonomy":"post_tag","embeddable":true,"href":"https:\/\/www.affinite.fr\/index.php\/wp-json\/wp\/v2\/tags?post=4816"}],"curies":[{"name":"wp","href":"https:\/\/api.w.org\/{rel}","templated":true}]}}