{"id":4812,"date":"2020-07-06T09:18:14","date_gmt":"2020-07-06T09:18:14","guid":{"rendered":"https:\/\/www.affinite.fr\/index.php\/2020\/07\/06\/quand-tesla-fabrique-des-shorts-ce-nest-pas-une-blague-mais-une-attaque-en-regle\/"},"modified":"2020-07-06T09:18:14","modified_gmt":"2020-07-06T09:18:14","slug":"quand-tesla-fabrique-des-shorts-ce-nest-pas-une-blague-mais-une-attaque-en-regle","status":"publish","type":"post","link":"https:\/\/www.affinite.fr\/index.php\/2020\/07\/06\/quand-tesla-fabrique-des-shorts-ce-nest-pas-une-blague-mais-une-attaque-en-regle\/","title":{"rendered":"Quand Tesla fabrique des shorts, ce n\u2019est pas une blague mais une attaque en r\u00e8gle\u00a0"},"content":{"rendered":"<p> [ad_1]<br \/>\n<br \/><img decoding=\"async\" src=\"https:\/\/img.bfmtv.com\/i\/0\/0\/4d8\/1853ac7c3ee3f98e06f0920cdcc85.png\" \/><\/p>\n<div itemprop=\"articleBody\">\n<p>Ne jamais prendre Elon Musk \u00e0 la l\u00e9g\u00e8re. M\u00eame lorsqu\u2019il donne l\u2019impression de faire une plaisanterie, le patron de Tesla n\u2019est pas \u00e0 l\u2019abri d\u2019un coup marketing sans pareil. Ainsi, lorsque le CEO publie sur son compte Twitter une annonce pour une vente de shorts Tesla, non seulement il sait que le succ\u00e8s commercial sera au rendez-vous, mais aussi que son op\u00e9ration de communication fonctionnera \u00e0 merveille. Et pour cause, cette pseudo-plaisanterie est un coup de publicit\u00e9 \u00e0 bas co\u00fbt pr\u00e9par\u00e9 depuis plusieurs jours.<\/p>\n<p>En effet, en d\u00e9but de semaine derni\u00e8re Tesla publiait ses r\u00e9sultats trimestriels, plut\u00f4t bons compte tenu de la crise li\u00e9e au Covid-19, et devenait par la m\u00eame occasion la marque automobile la plus valoris\u00e9e au monde devant Toyota. Concr\u00e8tement, le titre Tesla a atteint les 1200 dollars en bourse \u00e0 la grande surprise de nombreux observateurs. C\u2019est \u00e0 ce moment pr\u00e9cis que le terme short va prendre une tournure particuli\u00e8re dans la communication de Tesla.<\/p>\n<div data-force-click=\"true\" class=\"bloc\">\n<blockquote class=\"twitter-tweet\">\n<p lang=\"en\" dir=\"ltr\">Tesla will make fabulous short shorts in radiant red satin with gold trim<\/p>\n<p>\u2014 Elon Musk (@elonmusk) <a href=\"https:\/\/twitter.com\/elonmusk\/status\/1278760548188983296?ref_src=twsrc%5Etfw\">July 2, 2020<\/a><\/p><\/blockquote><\/div>\n<p>Au moment de se f\u00e9liciter pour les r\u00e9sultats de son entreprise, Elon Musk en profite pour \u00e9gratigner les propri\u00e9taire d\u2019actions Tesla qui sp\u00e9culent sur une baisse de la valeur de l\u2019action. En langage financier, cette strat\u00e9gie est appel\u00e9e position courte (ou short-selling). Le patron du constructeur californien s\u2019en est donc pris \u00e0 ces \u00ab\u00a0shorters\u00a0\u00bb et c\u2019est ainsi qu\u2019est n\u00e9e l\u2019id\u00e9e de produire un short Tesla.\u00a0<\/p>\n<p>Ce qui devait rester une plaisanterie est \u00e9videmment devenu r\u00e9alit\u00e9 en trois jours seulement. Elon Musk a non seulement confirm\u00e9 l\u2019arriv\u00e9e des shorts sur la boutique en ligne Tesla, mais s\u2019est \u00e9galement r\u00e9joui que le site web du constructeur ait croul\u00e9 sous les demandes au point d\u2019\u00eatre inaccessible pendant quelques minutes. Quant au prix du short en question, 69,420 dollars, il m\u00e9rite lui aussi quelques explications. En effet, le chiffre 420 (prononcez 4\/20 ou four twenty) est une r\u00e9f\u00e9rence \u00e0 la consommation de cannabis aux Etats-Unis. Mais c\u2019est aussi, pour Elon Musk, une attaque d\u00e9guis\u00e9e contre la SEC, le gendarme am\u00e9ricain de la bourse, qui avait poursuivi le DG de Tesla pour des soup\u00e7ons de \u00ab\u00a0d\u00e9clarations fausses et trompeuses\u00a0\u00bb \u00e0 propos du prix de l\u2019action Tesla.<\/p>\n<aside class=\"bg-color-0 padding-inside-all-s bloc border-s\">\n<h4 class=\"box-txt-normal\">\n<p><strong>\u00c0 d\u00e9couvrir aussi en vid\u00e9o :<\/strong><\/p>\n<\/h4>\n<\/aside>\n<p>En effet, En ao\u00fbt 2018, Elon Musk avait publi\u00e9 un tweet dans lequel il affirmait envisager sortir Tesla de la cote pour 420 dollars d\u2019action. Une blague, encore une, qui n\u2019avait pas\u00a0beaucoup fait rire dans les locaux de l\u2019autorit\u00e9 des march\u00e9s financiers.\u00a0<\/p>\n<\/p><\/div>\n<p><script async src=\"http:\/\/platform.twitter.com\/widgets.js\" charset=\"utf-8\"><\/script><script>\n         !function(f,b,e,v,n,t,s){if(f.fbq)return;n=f.fbq=function()\n         {n.callMethod? n.callMethod.apply(n,arguments):n.queue.push(arguments)}\n         ;if(!f._fbq)f._fbq=n;\n             n.push=n;n.loaded=!0;n.version='2.0';n.queue=[];t=b.createElement(e);t.async=!0;\n             t.src=v;s=b.getElementsByTagName(e)[0];s.parentNode.insertBefore(t,s)}(window,\n                 document,'script','https:\/\/connect.facebook.net\/en_US\/fbevents.js');\n         fbq('init', '1065890633454496');\n         fbq('track', 'PageView');\n     <\/script><br \/>\n<br \/>[ad_2]<br \/>\n<br \/><a href=\"https:\/\/www.01net.com\/actualites\/quand-tesla-fabrique-des-shorts-ce-n-est-pas-une-blague-mais-une-attaque-en-regle-1943703.html\">Source link <\/a><\/p>\n","protected":false},"excerpt":{"rendered":"<p>[ad_1] Ne jamais prendre Elon Musk \u00e0 la l\u00e9g\u00e8re. M\u00eame lorsqu\u2019il donne l\u2019impression de faire une plaisanterie, le patron de &hellip; <a href=\"https:\/\/www.affinite.fr\/index.php\/2020\/07\/06\/quand-tesla-fabrique-des-shorts-ce-nest-pas-une-blague-mais-une-attaque-en-regle\/\" class=\"more-link\">Plus <span class=\"screen-reader-text\">Quand Tesla fabrique des shorts, ce n\u2019est pas une blague mais une attaque en r\u00e8gle\u00a0<\/span> <span class=\"meta-nav\">&rarr;<\/span><\/a><\/p>\n","protected":false},"author":1,"featured_media":4813,"comment_status":"open","ping_status":"open","sticky":false,"template":"","format":"standard","meta":{"_sitemap_exclude":false,"_sitemap_priority":"","_sitemap_frequency":"","footnotes":""},"categories":[1],"tags":[],"class_list":["post-4812","post","type-post","status-publish","format-standard","has-post-thumbnail","hentry","category-tous"],"_links":{"self":[{"href":"https:\/\/www.affinite.fr\/index.php\/wp-json\/wp\/v2\/posts\/4812"}],"collection":[{"href":"https:\/\/www.affinite.fr\/index.php\/wp-json\/wp\/v2\/posts"}],"about":[{"href":"https:\/\/www.affinite.fr\/index.php\/wp-json\/wp\/v2\/types\/post"}],"author":[{"embeddable":true,"href":"https:\/\/www.affinite.fr\/index.php\/wp-json\/wp\/v2\/users\/1"}],"replies":[{"embeddable":true,"href":"https:\/\/www.affinite.fr\/index.php\/wp-json\/wp\/v2\/comments?post=4812"}],"version-history":[{"count":0,"href":"https:\/\/www.affinite.fr\/index.php\/wp-json\/wp\/v2\/posts\/4812\/revisions"}],"wp:featuredmedia":[{"embeddable":true,"href":"https:\/\/www.affinite.fr\/index.php\/wp-json\/wp\/v2\/media\/4813"}],"wp:attachment":[{"href":"https:\/\/www.affinite.fr\/index.php\/wp-json\/wp\/v2\/media?parent=4812"}],"wp:term":[{"taxonomy":"category","embeddable":true,"href":"https:\/\/www.affinite.fr\/index.php\/wp-json\/wp\/v2\/categories?post=4812"},{"taxonomy":"post_tag","embeddable":true,"href":"https:\/\/www.affinite.fr\/index.php\/wp-json\/wp\/v2\/tags?post=4812"}],"curies":[{"name":"wp","href":"https:\/\/api.w.org\/{rel}","templated":true}]}}