{"id":4734,"date":"2020-07-03T06:16:35","date_gmt":"2020-07-03T06:16:35","guid":{"rendered":"https:\/\/www.affinite.fr\/index.php\/2020\/07\/03\/apple-imagine-des-claviers-en-verre-plus-durables-et-personnalisables\/"},"modified":"2020-07-03T06:16:35","modified_gmt":"2020-07-03T06:16:35","slug":"apple-imagine-des-claviers-en-verre-plus-durables-et-personnalisables","status":"publish","type":"post","link":"https:\/\/www.affinite.fr\/index.php\/2020\/07\/03\/apple-imagine-des-claviers-en-verre-plus-durables-et-personnalisables\/","title":{"rendered":"Apple imagine des claviers en verre plus durables et personnalisables"},"content":{"rendered":"<p> [ad_1]<br \/>\n<\/p>\n<div itemprop=\"articleBody\">\n<p>Apr\u00e8s le g\u00e9nial et douloureux \u00e9pisode \u00ab\u00a0papillon\u00a0\u00bb, clos depuis la mise \u00e0 jour des <a data-cke-saved-href=\"https:\/\/www.01net.com\/tests\/test-du-macbook-pro-13-2020-l-ultraportable-pro-d-apple-gagne-une-belle-autonomie-et-un-nouveau-clavier-6453.html\" href=\"https:\/\/www.01net.com\/tests\/test-du-macbook-pro-13-2020-l-ultraportable-pro-d-apple-gagne-une-belle-autonomie-et-un-nouveau-clavier-6453.html\">MacBook Pro 13 pouces<\/a>, la paix et le calme r\u00e8gnent \u00e0 nouveau sur le royaume des claviers Apple. N\u00e9anmoins, les ing\u00e9nieurs de la soci\u00e9t\u00e9 de Cupertino continuent de chercher de nouvelles m\u00e9thodes pour am\u00e9liorer nos claviers.<\/p>\n<figure class=\"figure text-center\"><img decoding=\"async\" class=\"article-img img-responsive-l\" src=\"https:\/\/img.bfmtv.com\/c\/0\/708\/964\/358b0117e7522737c64e07375f6fd.jpg\" alt=\"\"\/><figcaption class=\"figure-caption figcaption color-txt-0 title-xs hidden-xs\"\/><\/figure>\n<p>Le dernier brevet en date, d\u00e9pos\u00e9 en d\u00e9cembre 2018 et publi\u00e9 hier, 2 juillet 2020,\u00a0envisage de cr\u00e9er des<em> \u00ab\u00a0touches transparentes\u00a0\u00bb <\/em>plus r\u00e9sistantes gr\u00e2ce \u00e0 l\u2019utilisation de verre. Un mat\u00e9riau qui ne serait utilis\u00e9 que pour la partie sup\u00e9rieure de la touche.<\/p>\n<p>Le document explique qu\u2019au cours de sa vie <em>\u00ab\u00a0le mat\u00e9riau retenu<\/em> [pour le clavier] <em>sera sollicit\u00e9 physiquement des milliers, voire des millions de fois<\/em> [\u2026]<em>. Or, de nombreuses solutions visuellement agr\u00e9ables n\u2019offrent pas la durabilit\u00e9 requise\u00a0\u00bb.<\/em><\/p>\n<p>Autrement dit, souvent les touches de votre clavier vont avoir tendance \u00e0 s\u2019user, s\u2019effacer devenir moins agr\u00e9ables \u00e0 utiliser, voire d\u00e9fectueuses.<\/p>\n<aside class=\"bg-color-0 padding-inside-all-s bloc border-s\">\n<h4 class=\"box-txt-normal\">\n<p><strong>A d\u00e9couvrir aussi en vid\u00e9o<\/strong><\/p>\n<\/h4>\n<\/aside>\n<p>Pour \u00e9viter ce probl\u00e8me, Apple propose donc de recouvrir le haut de la touche d\u2019une couche de verre, r\u00e9sistant. La question de la durabilit\u00e9 pourrait ainsi \u00eatre r\u00e9gl\u00e9e. Mais ce mat\u00e9riau transparent pourrait aussi offrir d\u2019autres possibilit\u00e9s. Ainsi, les caract\u00e8res de chaque touche seraient plac\u00e9s sous chaque petit couvercle en verre, de mani\u00e8re permanente.<\/p>\n<p>Mais Apple va m\u00eame plus loin en envisageant un r\u00e9tro\u00e9clairage de ces lettres, chiffres et symboles gr\u00e2ce \u00e0 un syst\u00e8me de LED bicolores ou RGB. Le r\u00e9tro\u00e9clairage des touches pourrait s\u2019adapter en fonction de la lumi\u00e8re ambiante ou de r\u00e9glages d\u00e9finis par l\u2019utilisateur.<\/p>\n<p>Ce n\u2019est pas la premi\u00e8re fois qu\u2019Apple d\u00e9pose un brevet de ce genre, il y a quelques ann\u00e9es d\u00e9j\u00e0, le g\u00e9ant de Cupertino d\u00e9crivait dans un document identique un syst\u00e8me de touches totalement personnalisables car utilisant des petites dalles pour chaque touche. Plus r\u00e9cemment, un brevet faisait \u00e9tat <a data-cke-saved-href=\"https:\/\/www.01net.com\/tests\/test-du-macbook-pro-13-2020-l-ultraportable-pro-d-apple-gagne-une-belle-autonomie-et-un-nouveau-clavier-6453.html\" href=\"https:\/\/www.01net.com\/tests\/test-du-macbook-pro-13-2020-l-ultraportable-pro-d-apple-gagne-une-belle-autonomie-et-un-nouveau-clavier-6453.html\">d\u2019un clavier \u00e0 touches r\u00e9tractables<\/a>\u2026<\/p>\n<p><strong>Source\u00a0: <\/strong><a data-cke-saved-href=\"https:\/\/appleinsider.com\/articles\/20\/07\/02\/apple-researching-glass-keyboard-for-strength-and-transparency\" href=\"https:\/\/appleinsider.com\/articles\/20\/07\/02\/apple-researching-glass-keyboard-for-strength-and-transparency\">Apple Insider<\/a><\/p>\n<\/p><\/div>\n<p><script>\n         !function(f,b,e,v,n,t,s){if(f.fbq)return;n=f.fbq=function()\n         {n.callMethod? n.callMethod.apply(n,arguments):n.queue.push(arguments)}\n         ;if(!f._fbq)f._fbq=n;\n             n.push=n;n.loaded=!0;n.version='2.0';n.queue=[];t=b.createElement(e);t.async=!0;\n             t.src=v;s=b.getElementsByTagName(e)[0];s.parentNode.insertBefore(t,s)}(window,\n                 document,'script','https:\/\/connect.facebook.net\/en_US\/fbevents.js');\n         fbq('init', '1065890633454496');\n         fbq('track', 'PageView');\n     <\/script><br \/>\n<br \/>[ad_2]<br \/>\n<br \/><a href=\"https:\/\/www.01net.com\/actualites\/apple-imagine-des-claviers-en-verre-plus-durables-et-personnalisables-1942798.html\">Source link <\/a><\/p>\n","protected":false},"excerpt":{"rendered":"<p>[ad_1] Apr\u00e8s le g\u00e9nial et douloureux \u00e9pisode \u00ab\u00a0papillon\u00a0\u00bb, clos depuis la mise \u00e0 jour des MacBook Pro 13 pouces, la &hellip; <a href=\"https:\/\/www.affinite.fr\/index.php\/2020\/07\/03\/apple-imagine-des-claviers-en-verre-plus-durables-et-personnalisables\/\" class=\"more-link\">Plus <span class=\"screen-reader-text\">Apple imagine des claviers en verre plus durables et personnalisables<\/span> <span class=\"meta-nav\">&rarr;<\/span><\/a><\/p>\n","protected":false},"author":1,"featured_media":4735,"comment_status":"open","ping_status":"open","sticky":false,"template":"","format":"standard","meta":{"_sitemap_exclude":false,"_sitemap_priority":"","_sitemap_frequency":"","footnotes":""},"categories":[1],"tags":[],"class_list":["post-4734","post","type-post","status-publish","format-standard","has-post-thumbnail","hentry","category-tous"],"_links":{"self":[{"href":"https:\/\/www.affinite.fr\/index.php\/wp-json\/wp\/v2\/posts\/4734"}],"collection":[{"href":"https:\/\/www.affinite.fr\/index.php\/wp-json\/wp\/v2\/posts"}],"about":[{"href":"https:\/\/www.affinite.fr\/index.php\/wp-json\/wp\/v2\/types\/post"}],"author":[{"embeddable":true,"href":"https:\/\/www.affinite.fr\/index.php\/wp-json\/wp\/v2\/users\/1"}],"replies":[{"embeddable":true,"href":"https:\/\/www.affinite.fr\/index.php\/wp-json\/wp\/v2\/comments?post=4734"}],"version-history":[{"count":0,"href":"https:\/\/www.affinite.fr\/index.php\/wp-json\/wp\/v2\/posts\/4734\/revisions"}],"wp:featuredmedia":[{"embeddable":true,"href":"https:\/\/www.affinite.fr\/index.php\/wp-json\/wp\/v2\/media\/4735"}],"wp:attachment":[{"href":"https:\/\/www.affinite.fr\/index.php\/wp-json\/wp\/v2\/media?parent=4734"}],"wp:term":[{"taxonomy":"category","embeddable":true,"href":"https:\/\/www.affinite.fr\/index.php\/wp-json\/wp\/v2\/categories?post=4734"},{"taxonomy":"post_tag","embeddable":true,"href":"https:\/\/www.affinite.fr\/index.php\/wp-json\/wp\/v2\/tags?post=4734"}],"curies":[{"name":"wp","href":"https:\/\/api.w.org\/{rel}","templated":true}]}}