{"id":4699,"date":"2020-07-02T12:49:12","date_gmt":"2020-07-02T12:49:12","guid":{"rendered":"https:\/\/www.affinite.fr\/index.php\/2020\/07\/02\/apple-va-elargir-les-horaires-douverture-de-ses-apple-store-en-france\/"},"modified":"2020-07-02T12:49:12","modified_gmt":"2020-07-02T12:49:12","slug":"apple-va-elargir-les-horaires-douverture-de-ses-apple-store-en-france","status":"publish","type":"post","link":"https:\/\/www.affinite.fr\/index.php\/2020\/07\/02\/apple-va-elargir-les-horaires-douverture-de-ses-apple-store-en-france\/","title":{"rendered":"Apple va \u00e9largir les horaires d&rsquo;ouverture de ses Apple Store en France"},"content":{"rendered":"<p> [ad_1]<br \/>\n<br \/><img decoding=\"async\" src=\"https:\/\/img.bfmtv.com\/i\/0\/0\/f0b82\/4b24659f9a4447946c60f3e66db.jpg\" \/><\/p>\n<div itemprop=\"articleBody\">\n<p>Le coronavirus est toujours l\u00e0 et Apple ajuste la r\u00e9ouverture de ses magasins en fonction de l&rsquo;\u00e9volution de la crise dans le monde. Ainsi, le constructeur a d\u00fb fermer \u00e0 nouveau certains Store aux Etats-Unis, en Floride, Arizona, Caroline du Nord et Caroline du Sud. En France, tous les voyants sont au vert et les horaires d&rsquo;ouverture vont changer \u00e0 partir du lundi 6 juillet.<\/p>\n<h3 style=\"color:#333;font-family:arial,helvetica,sans-serif;font-size:23px;font-weight:700;\">Deux heures en plus<\/h3>\n<p>Vous pourrez vous rendre dans votre magasin Apple de 10 h \u00e0 19 h, soit deux heures de plus que les horaires actuels, de 11 h \u00e0 18 h. Les horaires restent restreints, car, avant la crise, les Apple Store \u00e9taient en g\u00e9n\u00e9ral ouverts entre 9 h 30 et 20 h, du lundi au samedi, et entre 11 h et 18 h, le dimanche.<\/p>\n<p>Les visiteurs doivent toujours porter des masques (ils sont fournis) et respecter une distanciation physique. Le nombre de personnes pr\u00e9sentes dans le magasin est limit\u00e9, et des\u00a0d\u00e9sinfections sont r\u00e9alis\u00e9es\u00a0tout au long de\u00a0la\u00a0journ\u00e9e.<\/p>\n<aside class=\"bg-color-0 padding-inside-all-s bloc border-s\">\n<h4 class=\"box-txt-normal\">\n<p><strong>A d\u00e9couvrir aussi en vid\u00e9o :<\/strong><\/p>\n<\/h4>\n<\/aside>\n<p>L&rsquo;assistance Genius est disponible dans les Apple Store, si vous avez un probl\u00e8me avec votre appareil. En revanche, les sessions Today at Apple sont toujours suspendues et il faut se contenter de tutoriels vid\u00e9os.<\/p>\n<p><strong>Source <\/strong>: <a href=\"https:\/\/www.apple.com\/fr\/retail\/\" target=\"_blank\" rel=\"noopener noreferrer\">Apple<\/a><\/p>\n<\/p><\/div>\n<p><script>\n         !function(f,b,e,v,n,t,s){if(f.fbq)return;n=f.fbq=function()\n         {n.callMethod? n.callMethod.apply(n,arguments):n.queue.push(arguments)}\n         ;if(!f._fbq)f._fbq=n;\n             n.push=n;n.loaded=!0;n.version='2.0';n.queue=[];t=b.createElement(e);t.async=!0;\n             t.src=v;s=b.getElementsByTagName(e)[0];s.parentNode.insertBefore(t,s)}(window,\n                 document,'script','https:\/\/connect.facebook.net\/en_US\/fbevents.js');\n         fbq('init', '1065890633454496');\n         fbq('track', 'PageView');\n     <\/script><br \/>\n<br \/>[ad_2]<br \/>\n<br \/><a href=\"https:\/\/www.01net.com\/actualites\/apple-va-elargir-les-horaires-d-ouverture-de-ses-apple-store-en-france-1942274.html\">Source link <\/a><\/p>\n","protected":false},"excerpt":{"rendered":"<p>[ad_1] Le coronavirus est toujours l\u00e0 et Apple ajuste la r\u00e9ouverture de ses magasins en fonction de l&rsquo;\u00e9volution de la &hellip; <a href=\"https:\/\/www.affinite.fr\/index.php\/2020\/07\/02\/apple-va-elargir-les-horaires-douverture-de-ses-apple-store-en-france\/\" class=\"more-link\">Plus <span class=\"screen-reader-text\">Apple va \u00e9largir les horaires d&rsquo;ouverture de ses Apple Store en France<\/span> <span class=\"meta-nav\">&rarr;<\/span><\/a><\/p>\n","protected":false},"author":1,"featured_media":4700,"comment_status":"open","ping_status":"open","sticky":false,"template":"","format":"standard","meta":{"_sitemap_exclude":false,"_sitemap_priority":"","_sitemap_frequency":"","footnotes":""},"categories":[1],"tags":[],"class_list":["post-4699","post","type-post","status-publish","format-standard","has-post-thumbnail","hentry","category-tous"],"_links":{"self":[{"href":"https:\/\/www.affinite.fr\/index.php\/wp-json\/wp\/v2\/posts\/4699"}],"collection":[{"href":"https:\/\/www.affinite.fr\/index.php\/wp-json\/wp\/v2\/posts"}],"about":[{"href":"https:\/\/www.affinite.fr\/index.php\/wp-json\/wp\/v2\/types\/post"}],"author":[{"embeddable":true,"href":"https:\/\/www.affinite.fr\/index.php\/wp-json\/wp\/v2\/users\/1"}],"replies":[{"embeddable":true,"href":"https:\/\/www.affinite.fr\/index.php\/wp-json\/wp\/v2\/comments?post=4699"}],"version-history":[{"count":0,"href":"https:\/\/www.affinite.fr\/index.php\/wp-json\/wp\/v2\/posts\/4699\/revisions"}],"wp:featuredmedia":[{"embeddable":true,"href":"https:\/\/www.affinite.fr\/index.php\/wp-json\/wp\/v2\/media\/4700"}],"wp:attachment":[{"href":"https:\/\/www.affinite.fr\/index.php\/wp-json\/wp\/v2\/media?parent=4699"}],"wp:term":[{"taxonomy":"category","embeddable":true,"href":"https:\/\/www.affinite.fr\/index.php\/wp-json\/wp\/v2\/categories?post=4699"},{"taxonomy":"post_tag","embeddable":true,"href":"https:\/\/www.affinite.fr\/index.php\/wp-json\/wp\/v2\/tags?post=4699"}],"curies":[{"name":"wp","href":"https:\/\/api.w.org\/{rel}","templated":true}]}}