{"id":4657,"date":"2020-07-01T14:12:25","date_gmt":"2020-07-01T14:12:25","guid":{"rendered":"https:\/\/www.affinite.fr\/index.php\/2020\/07\/01\/economisez-220-euros-sur-la-tablette-pc-surface-pro-7-de-microsoft\/"},"modified":"2020-07-01T14:12:25","modified_gmt":"2020-07-01T14:12:25","slug":"economisez-220-euros-sur-la-tablette-pc-surface-pro-7-de-microsoft","status":"publish","type":"post","link":"https:\/\/www.affinite.fr\/index.php\/2020\/07\/01\/economisez-220-euros-sur-la-tablette-pc-surface-pro-7-de-microsoft\/","title":{"rendered":"\u00e9conomisez 220 euros sur la tablette PC Surface Pro 7 de Microsoft"},"content":{"rendered":"<p> [ad_1]<br \/>\n<br \/><img decoding=\"async\" src=\"https:\/\/img.bfmtv.com\/i\/0\/0\/1ca\/b68dc335dd83e528103c277caf76d.jpg\" \/><\/p>\n<div itemprop=\"articleBody\">\n<p>Vous recherchez une tablette sous Windows 10 qui peut \u00e9ventuellement se transformer en PC portable ? C&rsquo;est le cas de la Surface Pro 7 de Microsoft. Amazon la vend actuellement pour\u00a0<a href=\"https:\/\/amzn.to\/2ZqfYIn\" target=\"_blank\" rel=\"noopener noreferrer\">849 euros au lieu de 1069 euros<\/a>.<\/p>\n<p>La tablette <a href=\"https:\/\/www.01net.com\/tests\/test-de-la-microsoft-surface-pro-7-est-ce-enfin-la-tablette-windows-parfaite-6410.html\" target=\"_blank\" rel=\"noopener noreferrer\">Microsoft Surface Pro 7<\/a> p\u00e8se 775 grammes et dispose d\u2019un \u00e9cran tactile PixelSense de 12,3 pouces, avec une d\u00e9finition de 2736 par 1824 pixels. A l\u2019int\u00e9rieur, on trouve un processeur Intel Core\u00a0i5, 8\u00a0Go de m\u00e9moire vive, ainsi qu\u2019un SSD de 128\u00a0Go. En revanche, elle est livr\u00e9e sans clavier, qu&rsquo;il faut acheter s\u00e9par\u00e9ment.<\/p>\n<p><a href=\"https:\/\/amzn.to\/2ZqfYIn\" target=\"_blank\" rel=\"noopener noreferrer\">Retrouvez ici cette offre d\u2019Amazon.<\/a><\/p>\n<aside class=\"bg-color-0 padding-inside-all-s bloc border-s\">\n<h4 class=\"box-txt-normal\">\n<p><strong>A d\u00e9couvrir aussi en vid\u00e9o :<\/strong><\/p>\n<\/h4>\n<\/aside>\n<p>Les promotions mentionn\u00e9es dans cet article peuvent \u00eatre \u00e9ph\u00e9m\u00e8res et ne plus \u00eatre valables apr\u00e8s la date de parution de l\u2019article.<\/p>\n<p><a href=\"https:\/\/www.01net.com\/bons-plans\/\">Retrouvez tous les bons plans high-tech s\u00e9lectionn\u00e9s par 01net.com sur notre page d\u00e9di\u00e9e.<\/a><\/p>\n<p><em>Cet article est une s\u00e9lection r\u00e9alis\u00e9e par l\u2019\u00e9quipe de 01net.com, en toute ind\u00e9pendance. Il est toutefois possible que ce contenu propose un lien d\u2019affiliation. Si vous cliquez sur ce lien, l\u2019e-commer\u00e7ant peut nous reverser une commission. Pour vous, rien ne change !<\/em><\/p>\n<\/p><\/div>\n<p><script>\n         !function(f,b,e,v,n,t,s){if(f.fbq)return;n=f.fbq=function()\n         {n.callMethod? n.callMethod.apply(n,arguments):n.queue.push(arguments)}\n         ;if(!f._fbq)f._fbq=n;\n             n.push=n;n.loaded=!0;n.version='2.0';n.queue=[];t=b.createElement(e);t.async=!0;\n             t.src=v;s=b.getElementsByTagName(e)[0];s.parentNode.insertBefore(t,s)}(window,\n                 document,'script','https:\/\/connect.facebook.net\/en_US\/fbevents.js');\n         fbq('init', '1065890633454496');\n         fbq('track', 'PageView');\n     <\/script><br \/>\n<br \/>[ad_2]<br \/>\n<br \/><a href=\"https:\/\/www.01net.com\/actualites\/bon-plan-amazon-economisez-220-euros-sur-la-tablette-pc-surface-pro-7-de-microsoft-1941594.html\">Source link <\/a><\/p>\n","protected":false},"excerpt":{"rendered":"<p>[ad_1] Vous recherchez une tablette sous Windows 10 qui peut \u00e9ventuellement se transformer en PC portable ? C&rsquo;est le cas &hellip; <a href=\"https:\/\/www.affinite.fr\/index.php\/2020\/07\/01\/economisez-220-euros-sur-la-tablette-pc-surface-pro-7-de-microsoft\/\" class=\"more-link\">Plus <span class=\"screen-reader-text\">\u00e9conomisez 220 euros sur la tablette PC Surface Pro 7 de Microsoft<\/span> <span class=\"meta-nav\">&rarr;<\/span><\/a><\/p>\n","protected":false},"author":1,"featured_media":4658,"comment_status":"open","ping_status":"open","sticky":false,"template":"","format":"standard","meta":{"_sitemap_exclude":false,"_sitemap_priority":"","_sitemap_frequency":"","footnotes":""},"categories":[1],"tags":[],"class_list":["post-4657","post","type-post","status-publish","format-standard","has-post-thumbnail","hentry","category-tous"],"_links":{"self":[{"href":"https:\/\/www.affinite.fr\/index.php\/wp-json\/wp\/v2\/posts\/4657"}],"collection":[{"href":"https:\/\/www.affinite.fr\/index.php\/wp-json\/wp\/v2\/posts"}],"about":[{"href":"https:\/\/www.affinite.fr\/index.php\/wp-json\/wp\/v2\/types\/post"}],"author":[{"embeddable":true,"href":"https:\/\/www.affinite.fr\/index.php\/wp-json\/wp\/v2\/users\/1"}],"replies":[{"embeddable":true,"href":"https:\/\/www.affinite.fr\/index.php\/wp-json\/wp\/v2\/comments?post=4657"}],"version-history":[{"count":0,"href":"https:\/\/www.affinite.fr\/index.php\/wp-json\/wp\/v2\/posts\/4657\/revisions"}],"wp:featuredmedia":[{"embeddable":true,"href":"https:\/\/www.affinite.fr\/index.php\/wp-json\/wp\/v2\/media\/4658"}],"wp:attachment":[{"href":"https:\/\/www.affinite.fr\/index.php\/wp-json\/wp\/v2\/media?parent=4657"}],"wp:term":[{"taxonomy":"category","embeddable":true,"href":"https:\/\/www.affinite.fr\/index.php\/wp-json\/wp\/v2\/categories?post=4657"},{"taxonomy":"post_tag","embeddable":true,"href":"https:\/\/www.affinite.fr\/index.php\/wp-json\/wp\/v2\/tags?post=4657"}],"curies":[{"name":"wp","href":"https:\/\/api.w.org\/{rel}","templated":true}]}}