{"id":4639,"date":"2020-07-01T04:52:14","date_gmt":"2020-07-01T04:52:14","guid":{"rendered":"https:\/\/www.affinite.fr\/index.php\/2020\/07\/01\/nintendo-presente-ses-excuses-aux-joueurs-victimes-du-joy-con-drift\/"},"modified":"2020-07-01T04:52:14","modified_gmt":"2020-07-01T04:52:14","slug":"nintendo-presente-ses-excuses-aux-joueurs-victimes-du-joy-con-drift","status":"publish","type":"post","link":"https:\/\/www.affinite.fr\/index.php\/2020\/07\/01\/nintendo-presente-ses-excuses-aux-joueurs-victimes-du-joy-con-drift\/","title":{"rendered":"Nintendo pr\u00e9sente ses excuses aux joueurs victimes du Joy-Con Drift"},"content":{"rendered":"<p> [ad_1]<br \/>\n<br \/><img decoding=\"async\" src=\"https:\/\/img.bfmtv.com\/i\/0\/0\/683\/c96f9277faa11766b43913f46572f.jpg\" \/><\/p>\n<div itemprop=\"articleBody\">\n<p>Lors d&rsquo;une s\u00e9ance de questions-r\u00e9ponses aux investisseurs, le P.-D.G. japonais de Nintendo, Shuntaro Furukawa, a pr\u00e9sent\u00e9 des excuses officielles aux possesseurs de<a href=\"https:\/\/www.01net.com\/actualite\/nintendo-switch\/.html\" target=\"_blank\" rel=\"noopener noreferrer\"> Switch<\/a> (et <a href=\"https:\/\/www.01net.com\/actualites\/la-nintendo-switch-lite-est-bel-et-bien-frappee-par-le-joy-con-drift-1777350.html\" target=\"_blank\" rel=\"noopener noreferrer\">Switch Lite<\/a>), emb\u00eat\u00e9s par le d\u00e9faut mat\u00e9riel qui touche les manettes des consoles et connu sous le nom <a href=\"https:\/\/www.01net.com\/actualites\/le-bug-des-manettes-de-la-nintendo-switch-touche-de-plus-en-plus-de-joueurs-1732388.html\" target=\"_blank\" rel=\"noopener noreferrer\">de Joy-Con Drift<\/a>.<\/p>\n<blockquote>\n<p><em>\u00ab Nous nous excusons aupr\u00e8s de nos joueurs pour tous les d\u00e9sagr\u00e9ments caus\u00e9s par le Joy-Con. Nous sommes perp\u00e9tuellement en qu\u00eate d&rsquo;am\u00e9lioration de nos produits, mais, comme vous le savez, nous devons affronter la justice am\u00e9ricaine sur le cas du Joy-Con, aussi Nintendo ne dira rien de plus \u00e0 ce sujet. \u00bb<\/em><\/p>\n<\/blockquote>\n<p>Il n&rsquo;a toutefois pas pu s&rsquo;\u00e9tendre davantage sur le sujet car Nintendo fait l&rsquo;objet de poursuites judiciaires aux \u00c9tats-Unis, justement \u00e0 cause de ce souci mat\u00e9riel.<br \/>D&rsquo;ailleurs, le g\u00e9ant japonais a failli se retrouver\u00a0devant les tribunaux fran\u00e7ais lorsque <a href=\"https:\/\/www.01net.com\/actualites\/l-ufc-que-choisir-accuse-nintendo-d-obsolescence-programmee-1799996.html\" target=\"_blank\" rel=\"noopener noreferrer\">l&rsquo;UFC-Que Choisir s&rsquo;est empar\u00e9e du probl\u00e8me<\/a>. En novembre dernier, l&rsquo;association de consommateurs accusait Nintendo \u00ab <em>d&rsquo;obsolescence programm\u00e9e<\/em> \u00bb et lui demandait de prendre \u00e0 ses frais les r\u00e9parations ou le remplacement des manettes ou consoles d\u00e9fectueuses. En janvier dernier, <a href=\"https:\/\/www.01net.com\/actualites\/switch-les-joy-con-defaillants-seront-repares-ou-remplaces-gratuitement-en-france-1838323.html\" target=\"_blank\" rel=\"noopener noreferrer\">Nintendo annon\u00e7ait assurer les remplacements \u00e0 titre gracieux<\/a>.<\/p>\n<aside class=\"bg-color-0 padding-inside-all-s bloc border-s\">\n<h4 class=\"box-txt-normal\">\n<p><strong>\u00c0 d\u00e9couvrir aussi en vid\u00e9o :<\/strong><\/p>\n<\/h4>\n<\/aside>\n<p>Pourtant, Nintendo a essay\u00e9,\u00a0en vain,\u00a0<a href=\"https:\/\/www.01net.com\/actualites\/nintendo-aurait-tente-d-empecher-le-joy-con-drift-sur-la-switch-lite-en-vain-1778970.html\" target=\"_blank\" rel=\"noopener noreferrer\">de limiter la casse et de trouver l&rsquo;origine de cette panne<\/a> qui touche al\u00e9atoirement les petites manettes amovibles de sa console classique et les joysticks de la version Lite. M\u00eame sur <a href=\"https:\/\/www.01net.com\/actualites\/la-nouvelle-version-de-la-nintendo-switch-va-vous-permettre-de-jouer-plus-longtemps-sans-la-recharger-1745576.html\" target=\"_blank\" rel=\"noopener noreferrer\">la version r\u00e9vis\u00e9e de la console<\/a>, sortie l&rsquo;\u00e9t\u00e9 dernier, les Joy-Con continuent parfois de n&rsquo;en faire qu&rsquo;\u00e0 leur t\u00eate. Esp\u00e9rons que si Big N se d\u00e9cide \u00e0 sortir <a href=\"https:\/\/www.01net.com\/actualites\/nintendo-la-production-de-la-switch-pro-pourrait-debuter-en-mars-pour-un-lancement-a-l-ete-1835950.html\" target=\"_blank\" rel=\"noopener noreferrer\">une troisi\u00e8me version de sa console<\/a> ou,\u00a0mieux, une Switch 2 dans les mois \u00e0 venir, le probl\u00e8me sera r\u00e9gl\u00e9.<\/p>\n<p><strong>Sources :<\/strong> <a href=\"https:\/\/www.nintendolife.com\/news\/2020\/06\/nintendo_president_apologises_for_joy-con_drift_cant_comment_further_due_to_ongoing_lawsuit\" target=\"_blank\" rel=\"noopener noreferrer\">NintendoLife<\/a> et <a href=\"https:\/\/twitter.com\/Sephazon\/status\/1277896749319720963?s=20\" target=\"_blank\" rel=\"noopener noreferrer\">Twitter<\/a><\/p>\n<\/p><\/div>\n<p><script async src=\"http:\/\/platform.twitter.com\/widgets.js\" charset=\"utf-8\"><\/script><script>\n         !function(f,b,e,v,n,t,s){if(f.fbq)return;n=f.fbq=function()\n         {n.callMethod? n.callMethod.apply(n,arguments):n.queue.push(arguments)}\n         ;if(!f._fbq)f._fbq=n;\n             n.push=n;n.loaded=!0;n.version='2.0';n.queue=[];t=b.createElement(e);t.async=!0;\n             t.src=v;s=b.getElementsByTagName(e)[0];s.parentNode.insertBefore(t,s)}(window,\n                 document,'script','https:\/\/connect.facebook.net\/en_US\/fbevents.js');\n         fbq('init', '1065890633454496');\n         fbq('track', 'PageView');\n     <\/script><br \/>\n<br \/>[ad_2]<br \/>\n<br \/><a href=\"https:\/\/www.01net.com\/actualites\/nintendo-presente-ses-excuses-aux-joueurs-victimes-du-joy-con-drift-1941308.html\">Source link <\/a><\/p>\n","protected":false},"excerpt":{"rendered":"<p>[ad_1] Lors d&rsquo;une s\u00e9ance de questions-r\u00e9ponses aux investisseurs, le P.-D.G. japonais de Nintendo, Shuntaro Furukawa, a pr\u00e9sent\u00e9 des excuses officielles &hellip; <a href=\"https:\/\/www.affinite.fr\/index.php\/2020\/07\/01\/nintendo-presente-ses-excuses-aux-joueurs-victimes-du-joy-con-drift\/\" class=\"more-link\">Plus <span class=\"screen-reader-text\">Nintendo pr\u00e9sente ses excuses aux joueurs victimes du Joy-Con Drift<\/span> <span class=\"meta-nav\">&rarr;<\/span><\/a><\/p>\n","protected":false},"author":1,"featured_media":4640,"comment_status":"open","ping_status":"open","sticky":false,"template":"","format":"standard","meta":{"_sitemap_exclude":false,"_sitemap_priority":"","_sitemap_frequency":"","footnotes":""},"categories":[1],"tags":[],"class_list":["post-4639","post","type-post","status-publish","format-standard","has-post-thumbnail","hentry","category-tous"],"_links":{"self":[{"href":"https:\/\/www.affinite.fr\/index.php\/wp-json\/wp\/v2\/posts\/4639"}],"collection":[{"href":"https:\/\/www.affinite.fr\/index.php\/wp-json\/wp\/v2\/posts"}],"about":[{"href":"https:\/\/www.affinite.fr\/index.php\/wp-json\/wp\/v2\/types\/post"}],"author":[{"embeddable":true,"href":"https:\/\/www.affinite.fr\/index.php\/wp-json\/wp\/v2\/users\/1"}],"replies":[{"embeddable":true,"href":"https:\/\/www.affinite.fr\/index.php\/wp-json\/wp\/v2\/comments?post=4639"}],"version-history":[{"count":0,"href":"https:\/\/www.affinite.fr\/index.php\/wp-json\/wp\/v2\/posts\/4639\/revisions"}],"wp:featuredmedia":[{"embeddable":true,"href":"https:\/\/www.affinite.fr\/index.php\/wp-json\/wp\/v2\/media\/4640"}],"wp:attachment":[{"href":"https:\/\/www.affinite.fr\/index.php\/wp-json\/wp\/v2\/media?parent=4639"}],"wp:term":[{"taxonomy":"category","embeddable":true,"href":"https:\/\/www.affinite.fr\/index.php\/wp-json\/wp\/v2\/categories?post=4639"},{"taxonomy":"post_tag","embeddable":true,"href":"https:\/\/www.affinite.fr\/index.php\/wp-json\/wp\/v2\/tags?post=4639"}],"curies":[{"name":"wp","href":"https:\/\/api.w.org\/{rel}","templated":true}]}}