{"id":4554,"date":"2020-06-29T10:28:04","date_gmt":"2020-06-29T10:28:04","guid":{"rendered":"https:\/\/www.affinite.fr\/index.php\/2020\/06\/29\/la-vague-ecologique-des-municipales-peut-elle-stopper-la-5g-en-france\/"},"modified":"2020-06-29T10:28:04","modified_gmt":"2020-06-29T10:28:04","slug":"la-vague-ecologique-des-municipales-peut-elle-stopper-la-5g-en-france","status":"publish","type":"post","link":"https:\/\/www.affinite.fr\/index.php\/2020\/06\/29\/la-vague-ecologique-des-municipales-peut-elle-stopper-la-5g-en-france\/","title":{"rendered":"La vague \u00e9cologique des municipales peut-elle stopper la 5G en France ?"},"content":{"rendered":"<p> [ad_1]<br \/>\n<br \/><img decoding=\"async\" src=\"https:\/\/img.bfmtv.com\/i\/0\/0\/585\/f91c5ee4d6e45dd4c3273d2d22844.jpeg\" \/><\/p>\n<div itemprop=\"articleBody\">\n<p>Les conseils municipaux de Grenoble, Bordeaux, Lyon, Strasbourg, de nombreuses grandes villes devraient \u00e9lire un ou une maire \u00e9cologiste apr\u00e8s le deuxi\u00e8me tour qui a eu lieu dimanche. Or, ces listes ont la plupart du temps manifest\u00e9 leur opposition \u00e0 la <a href=\"https:\/\/www.01net.com\/actualite\/5g-tout-savoir-sur-le-prochain-standard-de-telephonie-mobile\/#content\/contribution\/edit\" target=\"_blank\" rel=\"noopener noreferrer\">5G <\/a>durant la campagne. Certains candidats comme Pierre Hurmic ont m\u00eame promis <a href=\"https:\/\/www.01net.com\/actualites\/le-parti-socialiste-s-interroge-sur-la-5g-1926373.html\" target=\"_blank\" rel=\"noopener noreferrer\">un moratoire<\/a>, accompagn\u00e9 d&rsquo;un grand d\u00e9bat public. C\u2019\u00e9tait aussi la position de la candidate PS Johanna Rolland \u00e0 Nantes depuis qu\u2019elle s\u2019\u00e9tait alli\u00e9e \u00e0 la liste d\u2019Europe Ecologie Les Verts de Julie Laernoes.<\/p>\n<h3 style=\"color:#333; font-family:arial,helvetica,sans-serif; font-size:23px; font-weight:700\">Le principe de pr\u00e9caution ne peut \u00eatre invoqu\u00e9<\/h3>\n<p>Mais les maires ont-ils le pouvoir d\u2019emp\u00eacher les op\u00e9rateurs de d\u00e9ployer des antennes 5G et d\u2019ouvrir leur r\u00e9seau commercial\u00a0? La r\u00e9ponse est non. L\u2019Arcep nous a renvoy\u00e9\u00a0vers une d\u00e9cision du Conseil d\u2019Etat datant de 2011 et concernant les communes de Saint-Denis, Pennes-Mirabeau et Bordeaux.\u00a0 Les conclusions sont claires.<\/p>\n<blockquote>\n<p><em>\u00ab Le maire ne saurait adopter, sur le territoire de sa commune, une r\u00e9glementation relative \u00e0 l\u2019implantation des antennes relais de t\u00e9l\u00e9phonie mobile et destin\u00e9e \u00e0 prot\u00e9ger le public contre les effets des ondes \u00e9mises par ces antennes, sans porter atteinte aux pouvoirs de police sp\u00e9ciale conf\u00e9r\u00e9s aux autorit\u00e9s de l\u2019Etat\u00a0\u00bb<\/em>, peut-on lire.<\/p>\n<\/blockquote>\n<p>Seules les autorit\u00e9s de l\u2019Etat d\u00e9sign\u00e9es par la loi, c\u2019est-\u00e0-dire un ministre, l\u2019Arcep ou l\u2019ANFR sont comp\u00e9tents pour r\u00e9glementer l\u2019implantation des antennes. Le principe de pr\u00e9caution ne peut \u00eatre invoqu\u00e9 pour outrepasser ce p\u00e9rim\u00e8tre.<\/p>\n<aside class=\"bg-color-0 padding-inside-all-s bloc border-s\">\n<h4 class=\"box-txt-normal\">\n<p><strong>A d\u00e9couvrir aussi en vid\u00e9o<\/strong><\/p>\n<\/h4>\n<\/aside>\n<p>Le maire de Grenoble, Eric Piolle, reconnaissait d\u00e9j\u00e0 son impuissance durant la campagne. Lors d\u2019une r\u00e9union publique, il a signal\u00e9 avoir tent\u00e9 de s\u2019opposer \u00e0 des antennes par le pass\u00e9 et avoir \u00e9chou\u00e9.<em> <\/em><\/p>\n<blockquote>\n<p><em>\u00ab\u00a0En 2014 quand nous avions modifi\u00e9 le plan local d\u2019urbanisme, nous avions voulu prot\u00e9ger les \u00e9tablissements sensibles et donc d\u00e9finir des zones sans antennes. Les op\u00e9rateurs nous ont attaqu\u00e9s au tribunal et ont gagn\u00e9 (..) aujourd\u2019hui les \u00e9lus n\u2019ont aucun pouvoir de s\u2019y opposer\u00a0\u00bb. <\/em><\/p>\n<\/blockquote>\n<p>La m\u00eame situation se reproduirait donc si des maires tentaient de bloquer le d\u00e9ploiement de la 5G.<\/p>\n<p>Alors pourquoi les futurs maires \u00e9cologistes continuent-ils de promettre un moratoire ? Sans doute, pour susciter le d\u00e9bat et faire monter la pol\u00e9mique au moment o\u00f9 <a href=\"https:\/\/www.01net.com\/actualites\/pourquoi-la-5g-est-une-mauvaise-nouvelle-pour-l-environnement-1846716.html\" target=\"_blank\" rel=\"noopener noreferrer\">les Fran\u00e7ais se montrent sensibles \u00e0 leurs arguments<\/a>. D&rsquo;autant que le gouvernement se d\u00e9chire \u00e0 ce sujet. Alors que Bercy maintient le cap d&rsquo;un lancement de la 5G avant la fin de l&rsquo;ann\u00e9e, <a href=\"https:\/\/www.01net.com\/actualites\/pourquoi-les-ministres-de-la-sante-et-de-l-environnement-souhaitent-repousser-la-5g-1937222.html\" target=\"_blank\" rel=\"noopener noreferrer\">la ministre de l&rsquo;Environnement, Elisabeth Borne, et le ministre de la Sant\u00e9, Olivier V\u00e9ran<\/a>, ont effectivement plaid\u00e9 pour un report de la 5G au premier trimestre 2021 aupr\u00e8s du Premier ministre. Le but \u00e9tant d&rsquo;attendre <a href=\"https:\/\/www.01net.com\/actualites\/on-saura-si-la-5g-est-dangereuse-pour-la-sante-apres-son-deploiement-1847840.html#content\/contribution\/edit\" target=\"_blank\" rel=\"noopener noreferrer\">les conclusions de l&rsquo;Anses sur les effets de la 5G sur la sant\u00e9<\/a>. Cette vague verte aux municipales vient de leur faire probablement gagner des points.<\/p>\n<p><strong>Sources :<\/strong> <a href=\"https:\/\/www.conseil-etat.fr\/actualites\/actualites\/antennes-relais-de-telephonie-mobile\" target=\"_blank\" rel=\"noopener noreferrer\">Conseil d&rsquo;Etat<\/a>, <a href=\"https:\/\/www.youtube.com\/watch?v=mZv4mbQD97U\" target=\"_blank\" rel=\"noopener noreferrer\">YouTube<\/a><\/p>\n<\/p><\/div>\n<p><script>\n         !function(f,b,e,v,n,t,s){if(f.fbq)return;n=f.fbq=function()\n         {n.callMethod? n.callMethod.apply(n,arguments):n.queue.push(arguments)}\n         ;if(!f._fbq)f._fbq=n;\n             n.push=n;n.loaded=!0;n.version='2.0';n.queue=[];t=b.createElement(e);t.async=!0;\n             t.src=v;s=b.getElementsByTagName(e)[0];s.parentNode.insertBefore(t,s)}(window,\n                 document,'script','https:\/\/connect.facebook.net\/en_US\/fbevents.js');\n         fbq('init', '1065890633454496');\n         fbq('track', 'PageView');\n     <\/script><br \/>\n<br \/>[ad_2]<br \/>\n<br \/><a href=\"https:\/\/www.01net.com\/actualites\/la-vague-ecologique-des-municipales-peut-elle-stopper-la-5g-en-france-1940527.html\">Source link <\/a><\/p>\n","protected":false},"excerpt":{"rendered":"<p>[ad_1] Les conseils municipaux de Grenoble, Bordeaux, Lyon, Strasbourg, de nombreuses grandes villes devraient \u00e9lire un ou une maire \u00e9cologiste &hellip; <a href=\"https:\/\/www.affinite.fr\/index.php\/2020\/06\/29\/la-vague-ecologique-des-municipales-peut-elle-stopper-la-5g-en-france\/\" class=\"more-link\">Plus <span class=\"screen-reader-text\">La vague \u00e9cologique des municipales peut-elle stopper la 5G en France ?<\/span> <span class=\"meta-nav\">&rarr;<\/span><\/a><\/p>\n","protected":false},"author":1,"featured_media":4555,"comment_status":"open","ping_status":"open","sticky":false,"template":"","format":"standard","meta":{"_sitemap_exclude":false,"_sitemap_priority":"","_sitemap_frequency":"","footnotes":""},"categories":[1],"tags":[],"class_list":["post-4554","post","type-post","status-publish","format-standard","has-post-thumbnail","hentry","category-tous"],"_links":{"self":[{"href":"https:\/\/www.affinite.fr\/index.php\/wp-json\/wp\/v2\/posts\/4554"}],"collection":[{"href":"https:\/\/www.affinite.fr\/index.php\/wp-json\/wp\/v2\/posts"}],"about":[{"href":"https:\/\/www.affinite.fr\/index.php\/wp-json\/wp\/v2\/types\/post"}],"author":[{"embeddable":true,"href":"https:\/\/www.affinite.fr\/index.php\/wp-json\/wp\/v2\/users\/1"}],"replies":[{"embeddable":true,"href":"https:\/\/www.affinite.fr\/index.php\/wp-json\/wp\/v2\/comments?post=4554"}],"version-history":[{"count":0,"href":"https:\/\/www.affinite.fr\/index.php\/wp-json\/wp\/v2\/posts\/4554\/revisions"}],"wp:featuredmedia":[{"embeddable":true,"href":"https:\/\/www.affinite.fr\/index.php\/wp-json\/wp\/v2\/media\/4555"}],"wp:attachment":[{"href":"https:\/\/www.affinite.fr\/index.php\/wp-json\/wp\/v2\/media?parent=4554"}],"wp:term":[{"taxonomy":"category","embeddable":true,"href":"https:\/\/www.affinite.fr\/index.php\/wp-json\/wp\/v2\/categories?post=4554"},{"taxonomy":"post_tag","embeddable":true,"href":"https:\/\/www.affinite.fr\/index.php\/wp-json\/wp\/v2\/tags?post=4554"}],"curies":[{"name":"wp","href":"https:\/\/api.w.org\/{rel}","templated":true}]}}