{"id":4548,"date":"2020-06-29T07:24:21","date_gmt":"2020-06-29T07:24:21","guid":{"rendered":"https:\/\/www.affinite.fr\/index.php\/2020\/06\/29\/podcast-chez-jerome-et-francois-16\/"},"modified":"2020-06-29T07:24:21","modified_gmt":"2020-06-29T07:24:21","slug":"podcast-chez-jerome-et-francois-16","status":"publish","type":"post","link":"https:\/\/www.affinite.fr\/index.php\/2020\/06\/29\/podcast-chez-jerome-et-francois-16\/","title":{"rendered":"[Podcast] Chez J\u00e9r\u00f4me et Fran\u00e7ois #16"},"content":{"rendered":"<p> [ad_1]<br \/>\n<br \/><img decoding=\"async\" src=\"https:\/\/img.bfmtv.com\/i\/0\/0\/c28\/d9d19f5ca57b460f8a3a004d7e8ca.jpg\" \/><\/p>\n<div itemprop=\"articleBody\">\n<p><strong>Apple va fabriquer ses propres processeurs<\/strong><\/p>\n<p>La marque \u00e0 la pomme va cesser d\u2019utiliser des processeurs Intel et va d\u00e9sormais concevoir ses propres puces, sur la base de l\u2019architecture ARM. En quoi cette d\u00e9cision est-elle importante\u00a0? Qu\u2019est-ce que cela va changer pour les utilisateurs\u00a0?<\/p>\n<p><strong>La Tesla du v\u00e9lo<\/strong><\/p>\n<p>Le v\u00e9lo est-il le nouveau territoire de l\u2019innovation technologique\u00a0? Ce mois-ci, nous avons test\u00e9 le v\u00e9lo connect\u00e9 \u00e0 assistance \u00e9lectrique VanMoof S3, un joujou bourr\u00e9 de technologie.<\/p>\n<p><strong>Barre de son Sonos Arc<\/strong><\/p>\n<p>Le dernier produit de la marque am\u00e9ricaine Sonos est une barre de son haut de gamme, compatible Dolby Atmos. Nous l\u2019avons test\u00e9e et, malgr\u00e9 certaines limitations, nous sommes sous le charme.<\/p>\n<p>Retrouvez \u00ab\u00a0Chez J\u00e9r\u00f4me et Fran\u00e7ois\u00a0\u00bb, chaque mois\u00a0:<\/p>\n<\/p><\/div>\n<p><script>\n         !function(f,b,e,v,n,t,s){if(f.fbq)return;n=f.fbq=function()\n         {n.callMethod? n.callMethod.apply(n,arguments):n.queue.push(arguments)}\n         ;if(!f._fbq)f._fbq=n;\n             n.push=n;n.loaded=!0;n.version='2.0';n.queue=[];t=b.createElement(e);t.async=!0;\n             t.src=v;s=b.getElementsByTagName(e)[0];s.parentNode.insertBefore(t,s)}(window,\n                 document,'script','https:\/\/connect.facebook.net\/en_US\/fbevents.js');\n         fbq('init', '1065890633454496');\n         fbq('track', 'PageView');\n     <\/script><br \/>\n<br \/>[ad_2]<br \/>\n<br \/><a href=\"https:\/\/www.01net.com\/actualites\/podcast-chez-jerome-et-francois-16-juin-2020-une-drole-de-keynote-apple-et-une-grande-nouvelle-1940225.html\">Source link <\/a><\/p>\n","protected":false},"excerpt":{"rendered":"<p>[ad_1] Apple va fabriquer ses propres processeurs La marque \u00e0 la pomme va cesser d\u2019utiliser des processeurs Intel et va &hellip; <a href=\"https:\/\/www.affinite.fr\/index.php\/2020\/06\/29\/podcast-chez-jerome-et-francois-16\/\" class=\"more-link\">Plus <span class=\"screen-reader-text\">[Podcast] Chez J\u00e9r\u00f4me et Fran\u00e7ois #16<\/span> <span class=\"meta-nav\">&rarr;<\/span><\/a><\/p>\n","protected":false},"author":1,"featured_media":4549,"comment_status":"open","ping_status":"open","sticky":false,"template":"","format":"standard","meta":{"_sitemap_exclude":false,"_sitemap_priority":"","_sitemap_frequency":"","footnotes":""},"categories":[1],"tags":[],"class_list":["post-4548","post","type-post","status-publish","format-standard","has-post-thumbnail","hentry","category-tous"],"_links":{"self":[{"href":"https:\/\/www.affinite.fr\/index.php\/wp-json\/wp\/v2\/posts\/4548"}],"collection":[{"href":"https:\/\/www.affinite.fr\/index.php\/wp-json\/wp\/v2\/posts"}],"about":[{"href":"https:\/\/www.affinite.fr\/index.php\/wp-json\/wp\/v2\/types\/post"}],"author":[{"embeddable":true,"href":"https:\/\/www.affinite.fr\/index.php\/wp-json\/wp\/v2\/users\/1"}],"replies":[{"embeddable":true,"href":"https:\/\/www.affinite.fr\/index.php\/wp-json\/wp\/v2\/comments?post=4548"}],"version-history":[{"count":0,"href":"https:\/\/www.affinite.fr\/index.php\/wp-json\/wp\/v2\/posts\/4548\/revisions"}],"wp:featuredmedia":[{"embeddable":true,"href":"https:\/\/www.affinite.fr\/index.php\/wp-json\/wp\/v2\/media\/4549"}],"wp:attachment":[{"href":"https:\/\/www.affinite.fr\/index.php\/wp-json\/wp\/v2\/media?parent=4548"}],"wp:term":[{"taxonomy":"category","embeddable":true,"href":"https:\/\/www.affinite.fr\/index.php\/wp-json\/wp\/v2\/categories?post=4548"},{"taxonomy":"post_tag","embeddable":true,"href":"https:\/\/www.affinite.fr\/index.php\/wp-json\/wp\/v2\/tags?post=4548"}],"curies":[{"name":"wp","href":"https:\/\/api.w.org\/{rel}","templated":true}]}}