{"id":4414,"date":"2020-06-24T16:27:48","date_gmt":"2020-06-24T16:27:48","guid":{"rendered":"https:\/\/www.affinite.fr\/index.php\/2020\/06\/24\/olympus-vend-sa-division-photo\/"},"modified":"2020-06-24T16:27:48","modified_gmt":"2020-06-24T16:27:48","slug":"olympus-vend-sa-division-photo","status":"publish","type":"post","link":"https:\/\/www.affinite.fr\/index.php\/2020\/06\/24\/olympus-vend-sa-division-photo\/","title":{"rendered":"Olympus vend sa division photo"},"content":{"rendered":"<p> [ad_1]<br \/>\n<br \/><img decoding=\"async\" src=\"https:\/\/img.bfmtv.com\/i\/0\/0\/de7\/77c6bf2582e013d5ec78268a8a6c6.jpg\" \/><\/p>\n<div itemprop=\"articleBody\">\n<p>Olympus se retire du monde de la photo grand public. Le Japonais a pourtant sorti <a href=\"https:\/\/www.01net.com\/actualites\/hybride-om-d-e-m1-mark-iii-olympus-lance-la-nouvelle-version-de-son-fleuron-1855673.html\" target=\"_blank\" rel=\"noopener noreferrer\">un appareil all\u00e9chant en f\u00e9vrier. <\/a>Mais, conscient qu&rsquo;il n&rsquo;est plus vraiment de taille \u00e0 lutter \u00e0 la fois contre ses adversaires mais aussi, contre <a href=\"https:\/\/www.01net.com\/actualites\/le-top-10-des-smartphones-les-plus-autonomes-628056.html\" target=\"_blank\" rel=\"noopener noreferrer\">le march\u00e9 du smartphone<\/a>, il pr\u00e9f\u00e8re se recentrer sur d&rsquo;autres activit\u00e9s. Olympus met maintenant toute son \u00e9nergie dans ses divisions d&rsquo;imageries et d&rsquo;\u00e9quipements m\u00e9dicaux (endoscopes).<\/p>\n<p>Toutefois, fiert\u00e9 japonaise oblige, il est hors de question de brader son savoir durement acquis ni de faire dispara\u00eetre sa marque du paysage. Les patrons de la firme ont donc d\u00e9cid\u00e9 de vendre leur division (pour un montant conserv\u00e9 secret) au fonds d&rsquo;investissement japonais <em>Japan Industrial Partners<\/em> (JIP). L&rsquo;utilisation de la marque \u00ab Olympus\u00a0\u00bb ainsi que les noms de gammes ou technologies comme \u00ab OM-D\u00a0\u00a0\u00bb ou \u00ab <a href=\"https:\/\/www.01net.com\/tests\/test-de-l-olympus-zuiko-12-200-mm-le-super-zoom-a-tout-faire-du-micro-43-6310.html\" target=\"_blank\" rel=\"noopener noreferrer\">Zuiko<\/a> \u00a0\u00bb est permise. De nouveaux bo\u00eetiers seront produits, c&rsquo;est certain.<\/p>\n<blockquote>\n<p><strong>\u00c0 lire aussi <\/strong>: <a href=\"https:\/\/www.01net.com\/tests\/test-de-l-olympus-om-d-e-m1x-le-boitier-sport-qui-s-attaque-a-canon-et-nikon-6396.html\" target=\"_blank\" rel=\"noopener noreferrer\">Test de l&rsquo;Olympus OM-D E-M1X, le bo\u00eetier sport qui s&rsquo;attaque \u00e0 Canon et Nikon<\/a><\/p>\n<\/blockquote>\n<aside class=\"bg-color-0 padding-inside-all-s bloc border-s\">\n<h4 class=\"box-txt-normal\">\n<p><strong>\u00c0 d\u00e9couvrir aussi en vid\u00e9o :<\/strong><\/p>\n<\/h4>\n<\/aside>\n<p>Pour rappel, JIP est le fonds qui poss\u00e8de aussi <a href=\"https:\/\/www.01net.com\/actualites\/vaio-sx12-le-pc-portable-a-la-connectique-dementielle-que-vous-ne-verrez-jamais-en-france-1729652.html\" target=\"_blank\" rel=\"noopener noreferrer\">la marque de PC Vaio<\/a>, rachet\u00e9e \u00e0 Sony il y a plusieurs ann\u00e9es. Des machines continuent d&rsquo;ailleurs d&rsquo;\u00eatre lanc\u00e9es r\u00e9guli\u00e8rement. Malheureusement, elles sont introuvables en France.<\/p>\n<p>Un accord d\u00e9finitif doit \u00eatre sign\u00e9 d&rsquo;ici \u00e0 la fin septembre. La passation des marques, des technologies et autres brevets entre Olympus et JIP devrait \u00eatre effective au plus tard \u00e0 la fin de l&rsquo;ann\u00e9e 2020.<\/p>\n<p><strong>Sources :<\/strong> <a href=\"https:\/\/www.olympus-global.com\/ir\/data\/announcement\/2020\/contents\/ir00013.pdf\" target=\"_blank\" rel=\"noopener noreferrer\">Olympus Global <\/a>via <a href=\"https:\/\/www.theverge.com\/2020\/6\/24\/21301460\/olympus-selling-camera-division-jip-vaio\" target=\"_blank\" rel=\"noopener noreferrer\">The Verge<\/a><\/p>\n<\/p><\/div>\n<p><script>\n         !function(f,b,e,v,n,t,s){if(f.fbq)return;n=f.fbq=function()\n         {n.callMethod? n.callMethod.apply(n,arguments):n.queue.push(arguments)}\n         ;if(!f._fbq)f._fbq=n;\n             n.push=n;n.loaded=!0;n.version='2.0';n.queue=[];t=b.createElement(e);t.async=!0;\n             t.src=v;s=b.getElementsByTagName(e)[0];s.parentNode.insertBefore(t,s)}(window,\n                 document,'script','https:\/\/connect.facebook.net\/en_US\/fbevents.js');\n         fbq('init', '1065890633454496');\n         fbq('track', 'PageView');\n     <\/script><br \/>\n<br \/>[ad_2]<br \/>\n<br \/><a href=\"https:\/\/www.01net.com\/actualites\/la-fin-d-une-ere-olympus-vend-sa-division-photo-1938290.html\">Source link <\/a><\/p>\n","protected":false},"excerpt":{"rendered":"<p>[ad_1] Olympus se retire du monde de la photo grand public. Le Japonais a pourtant sorti un appareil all\u00e9chant en &hellip; <a href=\"https:\/\/www.affinite.fr\/index.php\/2020\/06\/24\/olympus-vend-sa-division-photo\/\" class=\"more-link\">Plus <span class=\"screen-reader-text\">Olympus vend sa division photo<\/span> <span class=\"meta-nav\">&rarr;<\/span><\/a><\/p>\n","protected":false},"author":1,"featured_media":4415,"comment_status":"open","ping_status":"open","sticky":false,"template":"","format":"standard","meta":{"_sitemap_exclude":false,"_sitemap_priority":"","_sitemap_frequency":"","footnotes":""},"categories":[1],"tags":[],"class_list":["post-4414","post","type-post","status-publish","format-standard","has-post-thumbnail","hentry","category-tous"],"_links":{"self":[{"href":"https:\/\/www.affinite.fr\/index.php\/wp-json\/wp\/v2\/posts\/4414"}],"collection":[{"href":"https:\/\/www.affinite.fr\/index.php\/wp-json\/wp\/v2\/posts"}],"about":[{"href":"https:\/\/www.affinite.fr\/index.php\/wp-json\/wp\/v2\/types\/post"}],"author":[{"embeddable":true,"href":"https:\/\/www.affinite.fr\/index.php\/wp-json\/wp\/v2\/users\/1"}],"replies":[{"embeddable":true,"href":"https:\/\/www.affinite.fr\/index.php\/wp-json\/wp\/v2\/comments?post=4414"}],"version-history":[{"count":0,"href":"https:\/\/www.affinite.fr\/index.php\/wp-json\/wp\/v2\/posts\/4414\/revisions"}],"wp:featuredmedia":[{"embeddable":true,"href":"https:\/\/www.affinite.fr\/index.php\/wp-json\/wp\/v2\/media\/4415"}],"wp:attachment":[{"href":"https:\/\/www.affinite.fr\/index.php\/wp-json\/wp\/v2\/media?parent=4414"}],"wp:term":[{"taxonomy":"category","embeddable":true,"href":"https:\/\/www.affinite.fr\/index.php\/wp-json\/wp\/v2\/categories?post=4414"},{"taxonomy":"post_tag","embeddable":true,"href":"https:\/\/www.affinite.fr\/index.php\/wp-json\/wp\/v2\/tags?post=4414"}],"curies":[{"name":"wp","href":"https:\/\/api.w.org\/{rel}","templated":true}]}}