{"id":4358,"date":"2020-06-23T15:19:46","date_gmt":"2020-06-23T15:19:46","guid":{"rendered":"https:\/\/www.affinite.fr\/index.php\/2020\/06\/23\/corse-espagne-croatie-ou-partir-sans-risque\/"},"modified":"2020-06-23T15:19:46","modified_gmt":"2020-06-23T15:19:46","slug":"corse-espagne-croatie-ou-partir-sans-risque","status":"publish","type":"post","link":"https:\/\/www.affinite.fr\/index.php\/2020\/06\/23\/corse-espagne-croatie-ou-partir-sans-risque\/","title":{"rendered":"Corse, Espagne, Croatie, o\u00f9 partir sans risque\u00a0?"},"content":{"rendered":"<p> [ad_1]<br \/>\n<\/p>\n<p>\n                CORONAVIRUS\u00a0ET VACANCES &#8211;  Depuis le 15\u00a0juin, il est possible de partir en vacances en Europe. Certains pays imposent des conditions sanitaires\u00a0: test n\u00e9gatif avant le voyage, prise de temp\u00e9rature, port du masque, quatorzaine&#8230;France, Corse, Espagne, Europe, \u00e9tranger&#8230; Notre guide pour <a href=\"https:\/\/www.affinite.fr\/index.php\/2023\/07\/29\/changer-de-vie-voyager-complement-de-retraite-devenez-vendeur-de-glace-a-litalienne\/\">voyager<\/a> cet \u00e9t\u00e9 en toute s\u00e9curit\u00e9.            <\/p>\n<div>\n<aside class=\"ccmsummary marqueur_module ccmcss_cms_summary ccmcss_cms_summary--right\">\n<p>Sommaire<\/p>\n<\/aside>\n<p><strong>[Mis\u00a0\u00e0 jour le mardi 23 juin \u00e0 17h16] <\/strong>Lors de son allocution du 14 juin,<strong> le Pr\u00e9sident de la R\u00e9publique\u00a0<\/strong>Emmanuel Macron s&rsquo;est\u00a0notamment prononc\u00e9 sur la libre-circulation en France,\u00a0<strong>la r\u00e9ouverture des fronti\u00e8res en Europe <\/strong>et dans les autres pays hors UE. Parmi les mesures phares :<\/p>\n<ul>\n<li><strong>Les voyages sont autoris\u00e9s depuis le 15\u00a0juin <\/strong>entre les pays d&rsquo;Europe et <strong>d\u00e8s le 1er juillet<\/strong> pour les pays hors Europe. Les modalit\u00e9s et les consignes sanitaires sont toutefois propres \u00e0 chaque pays.<\/li>\n<li>La totalit\u00e9 de la France passe <strong>en zone verte depuis le lundi\u00a015 juin<\/strong> sauf en Guyane et \u00e0 Mayotte qui restent en zone orange.\u00a0Il est donc possible de\u00a0partir en vacances en France (Corse, Outre-Mer) cet \u00e9t\u00e9 <strong>sans restrictions de distance de 100 km ni attestation \u00e0 pr\u00e9senter<\/strong>.<\/li>\n<li>En revanche, <strong>des mesures sanitaires sont \u00e0 respecter en location, au camping, en colonie de vacances, dans les gares ou les a\u00e9roports&#8230; <\/strong><\/li>\n<\/ul>\n<p>Espagne, Portugal, Gr\u00e8ce, Croatie&#8230; Quels pays ont d\u00e9j\u00e0 rouvert leurs fronti\u00e8res ? Qui accepte les Fran\u00e7ais ? Quelles compagnies a\u00e9riennes maintiennent leurs vols ? Notre guide.<\/p>\n<p>Dans son allocution du 14 juin, Emmanuel Macron a confirm\u00e9 que les vacances dans toutes les r\u00e9gions de France seront possibles cet \u00e9t\u00e9, puisque toute la France (y compris l&rsquo;\u00cele-de-France) est d\u00e9sormais en zone verte.\u00a0Le Premier ministre avait confirm\u00e9 le\u00a0jeudi 28 mai que les Fran\u00e7ais pourront partir en vacances cet \u00e9t\u00e9 et annonce que la r\u00e8gle des 100 km est lev\u00e9e. Les Fran\u00e7ais peuvent donc d&rsquo;ores-et-d\u00e9j\u00e0 <strong>faire des r\u00e9servations et seront rembours\u00e9s si leur s\u00e9jour\u00a0venait \u00e0 \u00eatre annul\u00e9<\/strong>. En effet, \u00ab\u00a0<em>les acteurs du tourisme, de l&rsquo;h\u00f4tellerie, se sont engag\u00e9s \u00e0 faire en sorte qu&rsquo;ils soient int\u00e9gralement rembours\u00e9s dans l&rsquo;hypoth\u00e8se o\u00f9 l&rsquo;\u00e9volution de l&rsquo;\u00e9pid\u00e9mie ne rendrait pas possible le d\u00e9part en vacances<\/em>\u00ab\u00a0, poursuivait-il le 14 mai. \u00ab\u00a0<em>Chacun peut commencer \u00e0 r\u00e9server ses vacances pour les mois de juillet ou d&rsquo;ao\u00fbt<\/em>,\u00a0pr\u00e9conise de son c\u00f4t\u00e9\u00a0Elisabeth Borne, ministre de la Transition \u00e9cologique, dimanche 24 mai sur France Inter. En revanche, <em>on n&rsquo;invite absolument pas les Fran\u00e7ais \u00e0 r\u00e9server leurs vacances \u00e0 l&rsquo;\u00e9tranger. Cette ann\u00e9e, l&rsquo;id\u00e9e est plut\u00f4t de passer ses vacances en France<\/em>\u00ab\u00a0. La mise en place de\u00a0mesures barri\u00e8res dans les h\u00f4tels, les campings, les villages vacances perdurera toutefois\u00a0pendant l&rsquo;\u00e9t\u00e9.<\/p>\n<h3>\u2022 <a id=\"vacances-corse-covid-coronavirus-ete-2020\" name=\"vacances-corse-covid-coronavirus-ete-2020\">Partir en vacances en Corse cet \u00e9t\u00e9 : test pr\u00e9ventif, temp\u00e9rature, brochure&#8230;<\/a><\/h3>\n<p>Les autorit\u00e9s ont pr\u00e9sent\u00e9 toute une s\u00e9rie de mesures pour s\u00e9curiser l&rsquo;acc\u00e8s et la saison touristique sur l&rsquo;\u00eele de Beaut\u00e9. A partir du 1er juillet :\u00a0<\/p>\n<ul>\n<li>Mise en place d<strong>&lsquo;un test pr\u00e9ventif de d\u00e9tection du <a href=\"https:\/\/sante.journaldesfemmes.fr\/maladies\/2619933-maladie-covid-19-definition-incubation-personne-a-risque-vulnerable-transmission\/\" title=\"Covid 19\">Covid-19<\/a><\/strong> propos\u00e9 aux visiteurs sur <strong>\u00ab\u00a0la base du volontariat\u00a0\u00bb.<\/strong>\u00a0Les personnes qui souhaitent r\u00e9aliser ce test devront remplir \u00ab\u00a0un auto-questionnaire\u00a0\u00bb qui sera transmis \u00e0 la r\u00e9servation des voyages, ont expliqu\u00e9 le pr\u00e9fet de Corse Franck Robine et la directrice de l&rsquo;Agence r\u00e9gionale de sant\u00e9 Marie-H\u00e9l\u00e8ne Lecenne, lors d&rsquo;une conf\u00e9rence de presse.\u00a0Ce test devra \u00eatre effectu\u00e9 48 \u00e0 72 heures avant l&rsquo;entr\u00e9e sur le territoire corse, que ce soit par bateau ou par avion.\u00a0<\/li>\n<li>Exp\u00e9rimentation d&rsquo;un\u00a0contr\u00f4le de la temp\u00e9rature (par cam\u00e9ra thermique ou thermom\u00e8tre infrarouge) dans les ports et les 4 a\u00e9roports de l&rsquo;\u00eele.<\/li>\n<li>R\u00e9alisation par des brigades mobiles de <strong>campagnes de tests pr\u00e9ventifs<\/strong> (1000 tests seront effectu\u00e9s entre le 1er et le 15 juillet) \u00e9galement sur la base du volontariat, particuli\u00e8rement dans les campings ou dans les lieux touristiques de l&rsquo;\u00eele.\u00a0<\/li>\n<li>R\u00e9servation de 600 places pour les personnes positives au test du Covid-19 et qui ne peuvent pas s&rsquo;isoler.\u00a0<\/li>\n<li>Augmentation du nombre de lits en r\u00e9animation pendant l&rsquo;\u00e9t\u00e9 : <strong>38 cet \u00e9t\u00e9 <\/strong>contre 18 l&rsquo;an dernier.\u00a0<\/li>\n<li>Recrutement de renforts hospitaliers \u00e0 Ajaccio et \u00e0 Bastia.\u00a0<\/li>\n<li>R\u00e9activation du num\u00e9ro sp\u00e9cial (<strong>116 117<\/strong>) pour obtenir une consultation m\u00e9dicale Covid-19.<\/li>\n<li>Remise \u00e0 tous les voyageurs d&rsquo;une brochure (disponible en plusieurs langues) regroupant les num\u00e9ros uitiles, les gestes barri\u00e8res et la liste des centres de pr\u00e9l\u00e8vements.\u00a0<\/li>\n<\/ul>\n<h3><strong>\u2022 <a name=\"coronavirus-voyage-vacances-portugal\" target=\"_blank\" rel=\"noopener noreferrer\">En Europe<\/a><\/strong><\/h3>\n<p>Emmanuel Macron a confirm\u00e9 le 14 juin que les Fran\u00e7ais pouvaient de nouveau se rendre dans les autres pays europ\u00e9ens d\u00e8s le 15 juin.\u00a0<strong>Les autres Etats membres de l&rsquo;Union europ\u00e9enne devront aussi rouvrir toutes leurs fronti\u00e8res int\u00e9rieures d&rsquo;ici fin juin<\/strong>, a annonc\u00e9 la commissaire su\u00e9doise aux Affaires Int\u00e9rieures Yvla Johansson\u00a0lors d&rsquo;un point presse en visioconf\u00e9rence le\u00a0vendredi 5\u00a0juin.\u00a0Les modalit\u00e9s de r\u00e9ouverture et les \u00e9ventuelles restrictions et conditions sanitaires de chaque pays seront d\u00e9battues le 15\u00a0juin. A cette date, chaque pays, qui n&rsquo;a pas encore rouvert ses fronti\u00e8res, d\u00e9cidera seul de l&rsquo;ouverture de ses fronti\u00e8res et \u00e0 ses propres conditions sanitaires.\u00a0<\/p>\n<table align=\"center\" border=\"1\" cellpadding=\"1\" cellspacing=\"1\" style=\"width:80%;\">\n<caption>Quels pays d&rsquo;Europe ont rouvert leurs fronti\u00e8res (UE)\u00a0?<\/caption>\n<thead>\n<tr>\n<th scope=\"col\" style=\"width: 252px;\">Date de r\u00e9ouverture des fronti\u00e8res<\/th>\n<th scope=\"col\" style=\"width: 277px;\">Pays\u00a0<\/th>\n<th scope=\"col\" style=\"width: 269px;\">Conditions<\/th>\n<\/tr>\n<\/thead>\n<tbody>\n<tr>\n<td style=\"width: 252px;\">15\u00a0mai 2020<\/td>\n<td style=\"width: 277px;\">Slov\u00e9nie<\/td>\n<td style=\"width: 269px;\">\u00a0<\/td>\n<\/tr>\n<tr>\n<td style=\"width: 252px;\">28\u00a0mai 2020<\/td>\n<td style=\"width: 277px;\">Croatie<\/td>\n<td style=\"width: 269px;\">Interdiction pour les citoyens fran\u00e7ais, espagnols et italiens de se rendre en Croatie.<\/td>\n<\/tr>\n<tr>\n<td style=\"width: 252px;\">1\u00a0juin 2020<\/td>\n<td style=\"width: 277px;\">Andorre<\/td>\n<td style=\"width: 269px;\">\u00a0<\/td>\n<\/tr>\n<tr>\n<td style=\"width: 252px;\">3\u00a0juin 2020<\/td>\n<td style=\"width: 277px;\">Italie<\/td>\n<td style=\"width: 269px;\">Annulation de la mise en quarantaine obligatoire pour les visiteurs<\/td>\n<\/tr>\n<tr>\n<td style=\"width: 252px;\">4\u00a0juin 2020<\/td>\n<td style=\"width: 277px;\">Autriche<\/td>\n<td style=\"width: 269px;\">R\u00e9ouverture des fronti\u00e8res terrestres et des points de passage avec la majorit\u00e9 de ses pays voisins. Obligation d&rsquo;une auto-quarantaine (14\u00a0jours) pour les voyageurs venant d&rsquo;un a\u00e9roport.\u00a0<\/td>\n<\/tr>\n<tr>\n<td style=\"width: 252px;\">5\u00a0juin 2020<\/td>\n<td style=\"width: 277px;\">R\u00e9publique Tch\u00e8que<\/td>\n<td style=\"width: 269px;\">Seuls les citoyens d&rsquo;Autriche, d&rsquo;Allemagne, de Suisse, de Finlande et des pays baltes sont autoris\u00e9s \u00e0 entrer sur le territoire. Les Fran\u00e7ais, Espagnols et Italiens devront avoir un certificat prouvant qu&rsquo;ils ont effectu\u00e9s un test n\u00e9gatif avant d&rsquo;entrer sur le territoire tch\u00e8que.<\/td>\n<\/tr>\n<tr>\n<td style=\"width: 252px;\">8\u00a0juin 2020<\/td>\n<td style=\"width: 277px;\">Royaume-Uni<\/td>\n<td style=\"width: 269px;\">14\u00a0jours de quarantaine obligatoire aux voyageurs arrivant de l&rsquo;\u00e9tranger, qui feront l&rsquo;objet de contr\u00f4les al\u00e9atoires.<\/td>\n<\/tr>\n<tr>\n<td style=\"width: 252px;\">9\u00a0juin 2020<\/td>\n<td style=\"width: 277px;\">Chypre<\/td>\n<td style=\"width: 269px;\">Les citoyens doivent prouver par un test qu&rsquo;ils ne sont pas contamin\u00e9s au Covid-19. Fran\u00e7ais, britanniques et russes ne sont pas autoris\u00e9s \u00e0 p\u00e9n\u00e9trer sur l&rsquo;\u00cele de Chypre.<\/td>\n<\/tr>\n<tr>\n<td style=\"width: 252px;\">15\u00a0juin 2020<\/td>\n<td style=\"width: 277px;\">Portugal, Pologne, Azerba\u00efdjan, Bulgarie, Norv\u00e8ge, Slovaquie, Malte, Luxembourg<\/td>\n<td style=\"width: 269px;\">Pas de quatorzaine pour les voyageurs en provenance de pays europ\u00e9ens.<\/td>\n<\/tr>\n<tr>\n<td style=\"width: 252px;\">15\u00a0juin 2020<\/td>\n<td style=\"width: 277px;\">Hongrie<\/td>\n<td style=\"width: 269px;\">Seuls les voyageurs des pays voisins sont autoris\u00e9s \u00e0 entrer sur le territoire.<\/td>\n<\/tr>\n<tr>\n<td style=\"width: 252px;\">15\u00a0juin 2020<\/td>\n<td style=\"width: 277px;\">Belgique, Su\u00e8de, Pays-Bas, Allemagne, Suisse<\/td>\n<td style=\"width: 269px;\">Lev\u00e9e de l&rsquo;interdiction de voyager \u00e0 l&rsquo;ensemble des voyageurs de l&rsquo;Union europ\u00e9enne. Pas de quatorzaine pour les voyageurs en provenance de pays europ\u00e9ens.<\/td>\n<\/tr>\n<tr>\n<td style=\"width: 252px;\">15\u00a0juin 2020<\/td>\n<td style=\"width: 277px;\">Danemark<\/td>\n<td style=\"width: 269px;\">R\u00e9ouverture des fronti\u00e8res pour les citoyens allemands, norv\u00e9giens et islandais.\u00a0<\/td>\n<\/tr>\n<tr>\n<td style=\"width: 252px;\">15\u00a0juin 2020<\/td>\n<td style=\"width: 277px;\">Estonie, Lettonie et Lituanie<\/td>\n<td style=\"width: 269px;\">R\u00e9ouverture de leurs fronti\u00e8res communes et des fronti\u00e8res avec la Pologne et la Finlande<\/td>\n<\/tr>\n<tr>\n<td style=\"width: 252px;\">15\u00a0juin 2020<\/td>\n<td style=\"width: 277px;\">France<\/td>\n<td style=\"width: 269px;\">Mise en place d&rsquo;une quatorzaine volontaire aux voyageurs provenant des pays \u00e0 risque.<\/td>\n<\/tr>\n<tr>\n<td style=\"width: 252px;\">15 juin\u00a0<\/td>\n<td style=\"width: 277px;\">Gr\u00e8ce<\/td>\n<td style=\"width: 269px;\">\n<p><strong>Du 15 au 30 juin. <\/strong>Pour les arriv\u00e9es \u00e0 l&rsquo;A\u00e9roport International d&rsquo;Ath\u00e8nes pour les passagers en provenance d&rsquo;Albanie, de Belgique, de France, d&rsquo;Italie, de Mac\u00e9doine du Nord, du Pays-Bas, du Portugal, d&rsquo;Espagne et de Su\u00e8de, et de pays hors espace Schengen, <strong>un test obligatoire<\/strong> sera effectu\u00e9 \u00e0 l&rsquo;arriv\u00e9e. <strong>Une quatorzaine obligatoire <\/strong>sera mise en place en cas de r\u00e9sultat positif, dans un h\u00f4tel pr\u00e9vu \u00e0 cet effet.<\/p>\n<\/td>\n<\/tr>\n<tr>\n<td style=\"width: 252px;\">22\u00a0juin 2020<\/td>\n<td style=\"width: 277px;\">Norv\u00e8ge<\/td>\n<td style=\"width: 269px;\">R\u00e9ouverture des fronti\u00e8res avec les pays nordiques, sauf la Su\u00e8de<\/td>\n<\/tr>\n<tr>\n<td style=\"width: 252px;\">21 juin 2020<\/td>\n<td style=\"width: 277px;\">Espagne<\/td>\n<td style=\"width: 269px;\">\u00ab\u00a0L&rsquo;entr\u00e9e de touristes \u00e9trangers\u00a0en Espagne\u00a0reprendra dans des conditions de s\u00e9curit\u00e9\u00a0\u00bb.<\/td>\n<\/tr>\n<\/tbody>\n<\/table>\n<h3><strong>\u2022 <a name=\"coronavirus-voyage-vacances-portugal\" target=\"_blank\" rel=\"noopener noreferrer\">Voyager en Espagne<\/a><\/strong><\/h3>\n<p>Apr\u00e8s avoir annonc\u00e9 qu&rsquo;elle envisageait de maintenir ses fronti\u00e8res ferm\u00e9es avec la France\u00a0jusqu&rsquo;au 1er juillet, l&rsquo;Espagne fait marche arri\u00e8re et annonce le 14\u00a0juin qu&rsquo;elle accueillera des visiteurs en provenance d&rsquo;autres pays europ\u00e9ens d\u00e8s le 21\u00a0juin. <b>A minuit, dans la nuit de samedi \u00e0 dimanche 21\u00a0juin, l&rsquo;Espagne a donc rouvert\u00a0ses fronti\u00e8res avec la France, <\/b>ses ports et ses a\u00e9roports aux ressortissants de l&rsquo;Union europ\u00e9enne. Les vacances en Espagne sont d\u00e9sormais possibles. Les Espagnols eux-m\u00eames ont d\u00e9sormais\u00a0le droit de circuler librement dans le pays. Il faut attendre le 1er juillet en revanche pour que la fronti\u00e8re avec le Portugal rouvre. Les touristes de toutes les nationalit\u00e9s ne seront plus soumis \u00e0 une quatorzaine \u00e0 l&rsquo;entr\u00e9e du pays, mais\u00a0devront cependant respecter des r\u00e8gles de distanciation sociale (1.5\u00a0m\u00e8tres et porte du masque obligatoire d\u00e8s 6\u00a0ans) dans les endroits ouverts ou ferm\u00e9s (restaurants, plages&#8230;) quand les distances de s\u00e9curit\u00e9 ne peuvent pas \u00eatre garanties. Pour garantir les mesures de protection et d&rsquo;hygi\u00e8ne,\u00a0600\u00a0agents du minist\u00e8re de la Sant\u00e9 sont d\u00e9ploy\u00e9s dans les a\u00e9roports pour contr\u00f4ler les voyageurs arrivant de l&rsquo;\u00e9tranger, leur demander leur lieu de r\u00e9sidence et prendre leur temp\u00e9rature. Les cas suspects seront automatiquement examin\u00e9s par un m\u00e9decin.<\/p>\n<ul>\n<li><strong>Le 21\u00a0juin\u00a0: <\/strong>l&rsquo;Espagne ouvre ses fronti\u00e8res aux Fran\u00e7ais et aux ressortissants de l&rsquo;UE (sauf le Portugal)<\/li>\n<li><strong>Le 1er juillet\u00a0:<\/strong> l&rsquo;Espagne ouvre ses fronti\u00e8res avec le Portugal et les autres nationalit\u00e9s hors UE.<\/li>\n<\/ul>\n<h3>\u2022 <a id=\"covid-vacances-grece-mesures-sanitaires\" name=\"covid-vacances-grece-mesures-sanitaires\">Voyager en Gr\u00e8ce<\/a><\/h3>\n<p>La Gr\u00e8ce a rouvert ses fronti\u00e8res le 15 juin \u00e0 certains pays. <strong>Du 15 au 30 juin 2020<\/strong> :\u00a0pour les arriv\u00e9es \u00e0 l&rsquo;A\u00e9roport International d&rsquo;Ath\u00e8nes pour les passagers en provenance d&rsquo;Albanie, de Belgique, de France, d&rsquo;Italie, de Mac\u00e9doine du Nord, du Pays-Bas, du Portugal, d&rsquo;Espagne et de Su\u00e8de, et de pays hors espace Schengen, <strong>un test obligatoire<\/strong> sera effectu\u00e9 \u00e0 l&rsquo;arriv\u00e9e. Les passagers test\u00e9s devront s&rsquo;auto-confiner pendant 24h dans l&rsquo;h\u00e9bergement de leur choix (\u00e0 leur charge) \u00e0 Ath\u00e8nes jusqu&rsquo;\u00e0 r\u00e9ception des r\u00e9sultats de leur test. Un formulaire de contact\u00a0sera fourni \u00e0 tous les passagers \u00e0 l&rsquo;enregistrement ou \u00e0 bord de l&rsquo;appareil, \u00e0 remplir et remettre aux autorit\u00e9s lors de l&rsquo;arriv\u00e9e en Gr\u00e8ce, pr\u00e9cise l&rsquo;Office national hell\u00e9nique du tourisme dans un communiqu\u00e9 du 16 juin. <strong>Une quatorzaine obligatoire<\/strong> sera mise en place en cas de r\u00e9sultat positif, dans un h\u00f4tel pr\u00e9vu \u00e0 cet effet. Les passagers en provenance d&rsquo;autres destinations ne seront soumis qu&rsquo;\u00e0 des tests al\u00e9atoires \u00e0 leur arriv\u00e9e \u00e0 Ath\u00e8nes. A noter que l&rsquo;a\u00e9roport de Thessalonique sera ferm\u00e9 \u00a0jusqu&rsquo;au 30\u00a0juin aux vols depuis les destinations mentionn\u00e9es avant. <strong>A partir du 1er juillet :\u00a0<\/strong><\/p>\n<ul>\n<li>Tous les a\u00e9roports de Gr\u00e8ce ouvriront \u00e0 nouveau aux vols internationaux<\/li>\n<li>Tous les voyageurs arrivant en Gr\u00e8ce devront remplir un formulaire en ligne PLF (Passenger Location Form) avec leurs informations de contact sur place.<\/li>\n<li>Un test al\u00e9atoire d&rsquo;\u00e9chantillonnage sera effectu\u00e9 pour tous les pays et les a\u00e9roports de d\u00e9part.<\/li>\n<li>Mise en place d&rsquo;une quatorzaine\u00a0en cas de test positif dans un h\u00f4tel d\u00e9sign\u00e9 par le gouvernement<\/li>\n<li>Les arriv\u00e9es par bateau depuis l&rsquo;\u00e9tranger seront \u00e0 nouveau possibles.<\/li>\n<\/ul>\n<h3><strong>\u2022 <a name=\"coronavirus-voyage-vacances-portugal\" target=\"_blank\" rel=\"noopener noreferrer\">Voyager au Portugal<\/a><\/strong><\/h3>\n<ul>\n<li><strong>Par avion.<\/strong> Depuis le 15\u00a0juin, les voyageurs en provenance de pays de l&rsquo;espace Schengen (dont la France), <strong>except\u00e9es l&rsquo;Espagne et Italie<\/strong>, peuvent se rendre au Portugal par voie a\u00e9rienne. La fronti\u00e8re avec l&rsquo;Espagne reste ferm\u00e9e jusqu&rsquo;au 30 juin inclus. Le respect d&rsquo;une quarantaine n&rsquo;est pas exig\u00e9 \u00e0 l&rsquo;arriv\u00e9e au Portugal.<\/li>\n<li><strong>Par la route.<\/strong> Les\u00a0d\u00e9placements par voie terrestre ne sont autoris\u00e9s qu&rsquo;\u00e0 certains points de passage\u00a0et <strong>pour certaines cat\u00e9gories de personnes (avec justificatifs \u00e0 l&rsquo;appui)<\/strong> :\u00a0ressortissants portugais et r\u00e9sidents au Portugal,\u00a0personnes voyageant pour un motif familial, travailleurs saisonniers justifiant d&rsquo;un contrat de travail ou d&rsquo;une attestation de l&#8217;employeur,\u00a0personnels de sant\u00e9 selon les termes des accords bilat\u00e9raux en mati\u00e8re de prestation de soins ou personnel diplomatique, des forces arm\u00e9es ou des forces de s\u00e9curit\u00e9. Actuellement, il est possible d&rsquo;acc\u00e9der dans le pays par\u00a0<strong>quatre nouveaux points de passage<\/strong>\u00a0<strong>par la route dans le Nord du pays<\/strong>\u00a0:\u00a0Melga\u00e7o,\u00a0Miranda do Douro,\u00a0Mon\u00e7\u00e3o\u00a0et\u00a0Vila Nova de Cerveira, <strong>en plus des neufs d\u00e9j\u00e0 autoris\u00e9s<\/strong>\u00a0: Valen\u00e7a (Viana do Castelo), Vila Verde da Raia (Chaves), Quintanilha (Bragan\u00e7a), Vilar Formoso (Guarda), Termas de Monfortinho (Castelo Branco), Marv\u00e3o (Portalegre), Caia (Elvas), Vila Verde de Ficalho (Beja) et Castro Marim (Faro). Le contr\u00f4le des fronti\u00e8res terrestres reste de rigueur\u00a0avec justificatif obligatoire.<\/li>\n<\/ul>\n<h3>\u2022\u00a0<strong><a name=\"coronavirus-voyage-vacances-etranger-hors-ue\" target=\"_blank\" rel=\"noopener noreferrer\">Hors Europe<\/a><\/strong><\/h3>\n<p>Le 14 juin, le Pr\u00e9sident de la R\u00e9publique a indiqu\u00e9 que \u00ab\u00a0<em>qu&rsquo;\u00e0 partir du 1er juillet, les Fran\u00e7ais pourront se rendre dans des Etats hors d&rsquo;Europe o\u00f9 l&rsquo;\u00e9pid\u00e9mie sera ma\u00eetris\u00e9e<\/em>\u00ab\u00a0.\u00a0\u00a0Si certains pays ont rouvert leurs fronti\u00e8res, un bon nombre\u00a0interdisent jusqu&rsquo;\u00e0 nouvel ordre l&rsquo;acc\u00e8s aux \u00e9trangers (voir la liste des pays ferm\u00e9s aux Fran\u00e7ais ci-dessous).\u00a0<\/p>\n<p><strong>\u25ba Pays dont les fronti\u00e8res sont actuellement ouvertes\u00a0(au 10 juin)\u00a0:<\/strong> Chine, Pakistan, Bi\u00e9lorussie, Mexique, Philippines, Roumanie, Irak, Japon, Cor\u00e9e du Sud, Paraguay, Mozambique, Uruguay, B\u00e9nin, Chypre, Tchad, Zambie, Croatie, Niger, Italie, Andorre, Estonie, Lettonie, Lituanie, Autriche, Pakistan, Br\u00e9sil.<\/p>\n<h3 style=\"text-align: center;\"><u><b>Carte des pays qui ont ferm\u00e9 leurs fronti\u00e8res<\/b>, qui ont restreint l&rsquo;entr\u00e9e ou\u00a0qui ont impos\u00e9 des restrictions sur les vols internationaux<\/u><\/h3>\n<p><iframe loading=\"lazy\" frameborder=\"0\" height=\"600\" src=\"https:\/\/app.developer.here.com\/covid19-travel-restrictions\/\" title=\"Global COVID-19 travel restrictions \" width=\"780\"><\/iframe><\/p>\n<blockquote>\n<p style=\"text-align: right;\">Seules les activit\u00e9s \u00ab\u00a0non statiques\u00a0\u00bb comme les baignades, les balades, le surf, le paddle ou le jogging sont autoris\u00e9es.<\/p>\n<\/blockquote>\n<p>Dans les zones vertes, les <strong>plages sont rouvertes depuis le 2\u00a0juin ainsi que les lacs et plans d&rsquo;eau<\/strong>. Malgr\u00e9 leur r\u00e9ouverture, les plages maintiennent\u00a0<strong>des conditions sanitaires strictes<\/strong>\u00a0:<\/p>\n<ul>\n<li><strong>Les visiteurs des plages doivent respecter le principe de \u00ab\u00a0plages-dynamiques\u00a0\u00bb : <\/strong>sont <strong>interdites\u00a0<\/strong>les activit\u00e9s statiques\u00a0comme prendre un bain de soleil, construire des ch\u00e2teaux de sable, faire un pique-nique, ainsi que les activit\u00e9s de groupe style badminton. Seules les activit\u00e9s \u00ab\u00a0non statiques\u00a0\u00bb comme les baignades, les balades, le surf, le paddle ou le jogging sont <strong>autoris\u00e9es<\/strong>.<\/li>\n<li>Les visiteurs des plages doivent respecter <strong>les <a href=\"https:\/\/sante.journaldesfemmes.fr\/fiches-maladies\/2619739-gestes-barrieres-protocole-sanitaire-covid-19-entreprise-teletravail-affiche-ecole-distanciation\/\" title=\"Gestes barri\u00e8res\">gestes barri\u00e8res<\/a><\/strong>, notamment le fait de maintenir une distance d&rsquo;au moins 1 m\u00e8tre avec autrui.<\/li>\n<li>Les regroupements de plus de 10 personnes\u00a0sont interdits.\u00a0<\/li>\n<li>Les commerces de bord de mer doivent mettre en place <strong>des couloirs de file d&rsquo;attente<\/strong> pour maintenir les r\u00e8gles de distanciation physique.\u00a0\u00a0<\/li>\n<li>Des mesures de filtrage aux entr\u00e9es des plages ou <strong>des sens de circulation sur les digues <\/strong>sont\u00a0mises en place par les pr\u00e9fets et les maires en accord avec les consignes sanitaires gouvernementales. Des drones sont \u00e9galement pr\u00e9vus pour rappeler de mani\u00e8re sonore les gestes barri\u00e8res et les mesures sanitaires en vigueur sur les plages.<\/li>\n<li>En cas de non-respect de la loi, les contrevenants risquent une\u00a0<strong>amende de 135\u00a0euros.<\/strong><\/li>\n<\/ul>\n<p><strong>En Belgique,<\/strong> la municipalit\u00e9 de Knokke-Heist a lanc\u00e9 un projet-pilote sur ses plages afin de r\u00e9guler le flux de vacanciers. Le concept est de d\u00e9limiter sur le sable <strong>des zones de 3\u00a0m\u00b2 par des cl\u00f4tures<\/strong>\u00a0afin de garantir la distanciation sociale. Ces carr\u00e9s sont s\u00e9par\u00e9s d&rsquo;un espace de 4\u00a0m\u00e8tres. S&rsquo;il parvient \u00e0 montrer son efficacit\u00e9, ce balisage pourrait \u00eatre mis en place sur <strong>les plages de\u00a0France<\/strong>. Par ailleurs, la station baln\u00e9aire d&rsquo;Ostende envisage la cr\u00e9ation d&rsquo;un \u00ab\u00a0<strong>pass plage<\/strong>\u00a0\u00bb permettant aux vacanciers de r\u00e9server en amont son emplacement sur\u00a0la plage.<\/p>\n<table align=\"center\" border=\"1\" cellpadding=\"1\" cellspacing=\"1\" style=\"width:80%;\">\n<tbody>\n<tr>\n<td><strong>Peut-on attraper le Covid-19\u00a0dans l&rsquo;eau\u00a0?\u00a0<\/strong>Interrog\u00e9 \u00e0 ce sujet, le\u00a0Haut\u00a0conseil de la Sant\u00e9 publique estime qu'\u00a0\u00bb<em>aucune donn\u00e9e de survie et de maintien du caract\u00e8re infectieux du virus\u00a0SARS-CoV-2\u00a0dans les eaux du milieu naturel n&rsquo;existe actuellement<\/em>\u00ab\u00a0. Autrement dit, le Covid-19 ne pourrait pas se transmettre via l&rsquo;eau.<\/td>\n<\/tr>\n<\/tbody>\n<\/table>\n<blockquote>\n<p style=\"text-align: right;\">La date de r\u00e9ouverture des campings sera a priori connue fin mai.<\/p>\n<\/blockquote>\n<p><strong>Les villages vacances et\u00a0campings<\/strong>\u00a0ont rouvert\u00a0dans les zones vertes le 2 juin et dans les zones oranges le 15 juin. Les campings doivent respecter\u00a0un<strong>\u00a0protocole sanitaire strict<\/strong>\u00a0: port du masque obligatoire dans les parties communes (pour les clients comme pour le personnel du camping), un seul voyageur autoris\u00e9 \u00e0 la fois \u00e0 l&rsquo;accueil du camping, marquage au sol pour garantir une\u00a0distanciation physique, d\u00e9sinfection des lieux collectifs apr\u00e8s chaque passage et de chaque chalet ou mobil-home apr\u00e8s le d\u00e9part des locataires, maintenir un d\u00e9lai de 24 heures entre deux locations, restriction du nombre de personnes lors des activit\u00e9s de groupe, hausse du taux de chlore dans les piscines&#8230; La r\u00e9ouverture des bars, des restaurants et des piscines pr\u00e9sents dans le camping, ainsi que l&rsquo;organisation des animations devront \u00e9galement se faire selon des mesures sanitaires strictes.\u00a0<\/p>\n<p><strong>\u2192 Remboursement des s\u00e9jours en camping pendant le d\u00e9confinement\u00a0:<\/strong>\u00a0D\u00e8s lors que\u00a0les campings sont a nouveau autoris\u00e9s a ouvrir, <strong>les conditions d&rsquo;annulation des s\u00e9jours redeviennent\u00a0les m\u00eames qu&rsquo;avant<\/strong> le confinement. \u00ab\u00a0Cela signifie que les clients souhaitant annuler des s\u00e9jour sur Juin\/Juillet\/Aout&#8230; ne pourront pr\u00e9tendre \u00e0 un remboursement, sauf s&rsquo;ils ont souscrit \u00e0 une assurance annulation\u00a0\u00bb, pr\u00e9cise le site.\u00a0<\/p>\n<p>Les enfants pourront \u00eatre inscrits en <a href=\"https:\/\/www.journaldesfemmes.fr\/maman\/guide-des-parents\/1315597-colonies-de-vacances-2020\/\" target=\"_blank\" rel=\"noopener noreferrer\">colonie de vacances<\/a> <strong>\u00e0 partir du 22\u00a0juin<\/strong>.<em>\u00a0\u00bb De mani\u00e8re tr\u00e8s concr\u00e8te, les organismes sont dans l&rsquo;expectative car on n&rsquo;a pas eu connaissance du protocole sanitaire\u00a0\u00bb<\/em>, souligne Sabine Bonnaud,\u00a0d\u00e9l\u00e9gu\u00e9e g\u00e9n\u00e9rale de l&rsquo;Unosel (Union nationale des organisations de s\u00e9jours \u00e9ducatifs, linguistiques et <a href=\"https:\/\/www.affinite.fr\/index.php\/2022\/11\/09\/formation-de-glacier-apprenez-le-metier-de-glacier-et-changez-votre-vie\/\">formation<\/a> en langues) sur FranceInfo. Parmi les pistes de protocole sanitaire pour l&rsquo;organisation des colonies de vacances : <strong>tester chaque enfant inscrit en colonie avant le d\u00e9but du s\u00e9jour<\/strong>, prendre leur temp\u00e9rature matin et soir, ce qui permettrait \u00e0 l&rsquo;int\u00e9rieur de la colonie de ne pas \u00eatre oblig\u00e9 de porter un masque en permanence. \u00ab\u00a0<em>On ne remettrait en place les mesures de type geste barri\u00e8re que si les enfants \u00e9taient amen\u00e9s \u00e0 sortir, ou si quelqu&rsquo;un de l&rsquo;ext\u00e9rieur devait entrer. Avec un suivi bien-s\u00fbr quotidien, et une exclusion ou une fermeture si besoin en cas de suspicion de cas de Covid-19&Prime;, <\/em>insiste Sabine Bonnaud. <strong>Le port du masque serait pr\u00e9conis\u00e9 lors des transports<\/strong>, des balades ou pour se rendre \u00e0 une activit\u00e9 \u00e0 l&rsquo;ext\u00e9rieur. Le m\u00e9nage, avec d\u00e9sinfection des poign\u00e9es de porte et des interrupteurs,devra \u00e9galement \u00eatre renforc\u00e9. <strong>Les activit\u00e9s de groupe seraient restreintes \u00e0 10 enfants<\/strong>. Le protocole sanitaire devrait \u00eatre remis aux professionnels des s\u00e9jours pour enfants dans les prochains jours.\u00a0<\/p>\n<p><span style=\"font-size: 1rem;\">Pour pouvoir se d\u00e9placer en train, chaque usager de plus de 11 ans doit respecter <\/span><strong style=\"font-size: 1rem;\">des r\u00e8gles sanitaires<\/strong><span style=\"font-size: 1rem;\">, <\/span><strong style=\"font-size: 1rem;\">en gare et \u00e0 bord du train<\/strong><span style=\"font-size: 1rem;\"> :<\/span><\/p>\n<ul>\n<li>Respecter une distance physique d&rsquo;<strong>au-moins un m\u00e8tre<\/strong> les uns des autres. Un marquage au sol a \u00e9t\u00e9 mis en place dans les lieux d&rsquo;attente, sous les principaux \u00e9crans d&rsquo;affichage des trains, devant les bornes de libre-service, dans les escaliers m\u00e9caniques et sur les quais.\u00a0<\/li>\n<li><strong>Porter un masque obligatoirement<\/strong> dans les gares et \u00e0 bord des trains. Des masques sont en vente dans les distributeurs automatiques et les commerces des gares.\u00a0\u00ab\u00a0<strong>Un filtrage par les forces de l&rsquo;ordre <\/strong>et la S\u00fbret\u00e9 ferroviaire est effectu\u00e9 \u00e0 l&rsquo;entr\u00e9e des grandes gares pour veiller au respect de l&rsquo;obligation du port du masque dans les gares et dans les trains. Le d\u00e9faut de masque est passible <strong>d&rsquo;une amende de 135\u00a0euros<\/strong>. Les agents pr\u00e9sents durant votre voyage sont \u00e9quip\u00e9s de masques pour assurer la protection de tous\u00a0\u00bb, indique la SNCF sur son site internet.\u00a0<\/li>\n<li><strong>Utiliser du gel hydro-alcoolique<\/strong> mis \u00e0 disposition gratuitement \u00e0 l&rsquo;entr\u00e9e de 120 gares de France, et en vente dans les distributeurs automatiques et les commerces des gares.\u00a0<\/li>\n<li>Privil\u00e9gier<strong> l&rsquo;achat \u00e0 distance<\/strong> des titres de transport (site et application oui.sncf, application Assistant SNCF) pour \u00e9viter les attentes en gare et les potentielles contaminations.<\/li>\n<li>Des annonces sonores et des affichages rappellent dans chaque gare les gestes barri\u00e8res.<\/li>\n<li>Le nettoyage et la d\u00e9sinfection des gares et des trains sont renforc\u00e9s pendant ce contexte d&rsquo;\u00e9pid\u00e9mie.\u00a0<\/li>\n<\/ul>\n<p><strong>Prendre le train apr\u00e8s le 11 mai.\u00a0<\/strong>Lors de son audition au S\u00e9nat le mercredi 15\u00a0avril, Jean-Pierre Farandou, PDG\u00a0de la SNCF, a \u00e9voqu\u00e9 les modalit\u00e9s de reprise du trafic ferroviaire. Parmi ses objectifs\u00a0:<\/p>\n<p>\u25ba 50% des TGV devraient rouler d&rsquo;ici juin<\/p>\n<p>\u25ba 100% des TGV devraient rouler d&rsquo;ici juillet.\u00a0<\/p>\n<p><strong>Pour les enfants\u00a0: <\/strong>le service Junior &amp; Cie, suspendu pendant la crise du Covid-19, reprend progressivement \u00e0 partir du 26\u00a0juin sur quelques grandes lignes.\u00a0<\/p>\n<h3><u>A Orly :<\/u><\/h3>\n<p>L&rsquo;<strong>a\u00e9roport d&rsquo;Orly pourra rouvrir ses portes le 26\u00a0juin\u00a0<\/strong>: \u00ab\u00a0<em>La r\u00e9ouverture des installations de Paris-Orly se fera progressivement en accompagnant la demande et en optimisant les infrastructures de l&rsquo;a\u00e9roport. Les op\u00e9rations d\u00e9buteront par le secteur Orly 3<\/em>\u00ab\u00a0, pr\u00e9cise ADP dans un communiqu\u00e9 du 31 mai. A\u00e9roports de Paris a d\u00e9taill\u00e9 toutes les mesures qui seront mises en place pour permettre le respect de la distanciation sociale au sein de l&rsquo;a\u00e9roport d&rsquo;Orly\u00a0:<strong>\u00a0<\/strong><\/p>\n<ul>\n<li><strong>le port du masque sera obligatoire<\/strong>\u00a0; une signal\u00e9tique mise en place pour faire respecter la distanciation physique ; des<strong>\u00a0distributeurs automatiques de gel hydroalcoolique install\u00e9s<\/strong>\u00a0; un<strong>\u00a0renforcement des proc\u00e9dures de d\u00e9sinfection<\/strong>\u00a0et<strong>\u00a0nettoyage avec un produit virucide<\/strong>\u00a0mis en place et une adaptation des proc\u00e9dures au contr\u00f4le de s\u00fbret\u00e9 cr\u00e9\u00e9e pour limiter les contacts physiques.<\/li>\n<li><strong>Plusieurs cam\u00e9ras thermiques<\/strong>\u00a0seront install\u00e9es dans l&rsquo;enceinte de l&rsquo;a\u00e9roport afin que les passagers puissent b\u00e9n\u00e9ficier \u00e0 leur arriv\u00e9e \u00e0 Paris d&rsquo;une<strong>\u00a0prise de temp\u00e9rature<\/strong>\u00a0et \u00eatre orient\u00e9s, le cas \u00e9ch\u00e9ant et s&rsquo;ils le souhaitent, vers une prise en charge m\u00e9dicale \u00e0 l&rsquo;a\u00e9roport. \u00c0 cela s&rsquo;ajoutent des modalit\u00e9s de contr\u00f4les au d\u00e9part, d\u00e9ploy\u00e9es par les compagnies a\u00e9riennes comme par exemple la\u00a0<strong>prise de temp\u00e9rature \u00e0 l&#8217;embarquement<\/strong>, et la d\u00e9claration d&rsquo;absence de sympt\u00f4mes du Covid-19.<\/li>\n<li>L&rsquo;enregistrement en ligne avant d&rsquo;arriver \u00e0 l&rsquo;a\u00e9roport est pr\u00e9conis\u00e9 et les passagers sont invit\u00e9s \u00e0 voyager aussi l\u00e9ger que possible. Il est pr\u00e9f\u00e9rable de pr\u00e9senter sa carte d&#8217;embarquement sur son smartphone. Les ventes duty-free \u00e0 bord des avions sont quant \u00e0 elles limit\u00e9es.\u00a0<\/li>\n<\/ul>\n<h3><u><strong>A Paris-Charles-de-Gaulle :<\/strong><\/u><\/h3>\n<ul>\n<li><strong>12 cam\u00e9ras thermiques<\/strong> ont \u00e9t\u00e9 d\u00e9ploy\u00e9es pour d\u00e9tecter, \u00e0 7 m de distance, les passagers pr\u00e9sentant une temp\u00e9rature sup\u00e9rieure \u00e0 38\u00b0C, l&rsquo;un des <a href=\"https:\/\/sante.journaldesfemmes.fr\/fiches-maladies\/2630075-symptomes-coronavirus-premiers-courants-peau-bouton-mal-de-tete-engelure-que-faire-duree-homme-femme\/\" target=\"_blank\" rel=\"noopener noreferrer\">sympt\u00f4mes pouvant \u00eatre \u00e9vocateurs du Covid-19<\/a>. Ces cam\u00e9ras sont situ\u00e9es \u00e0 l&rsquo;arriv\u00e9e, apr\u00e8s la zone de r\u00e9cup\u00e9ration des bagages. La temp\u00e9rature de la personne est ensuite confirm\u00e9e par un thermom\u00e8tre sans contact.\u00a0Au-del\u00e0 de 38\u00b0C, la personne est emmen\u00e9e au service m\u00e9dical d&rsquo;urgence pour \u00eatre test\u00e9e.<\/li>\n<li>40\u00a0distributeurs sans contact de solution hydroalcoolique ont \u00e9t\u00e9 install\u00e9s partout dans l&rsquo;a\u00e9roport,\u00a0des marquages au sol ont \u00e9t\u00e9 r\u00e9alis\u00e9s pour inviter les voyageurs \u00e0 maintenir une distanciation physique.\u00a0Les palpations sont limit\u00e9es au strict minimum dans les postes d&rsquo;inspection filtrage. Les bacs pour les bagages cabines sont syst\u00e9matiquement d\u00e9sinfect\u00e9s apr\u00e8s chaque utilisation.<\/li>\n<li>Toutes les technologies \u00ab\u00a0sans contact\u00a0\u00bb (reconnaissance faciale, oculaire, scan de QR code&#8230;) doivent \u00eatre privil\u00e9gi\u00e9es \u00e0 bord des a\u00e9roports.<\/li>\n<li>Sur <strong>les lignes Air France<\/strong>, la temp\u00e9rature est prise avant chaque embarquement et parfois, pendant le vol. A plus de 38\u00b0C, l&rsquo;acc\u00e8s \u00e0 l&rsquo;avion peut \u00eatre refus\u00e9. Des si\u00e8ges isol\u00e9s sont pr\u00e9vus \u00e0 l&rsquo;arri\u00e8re des avions pour y placer les passagers tomb\u00e9s malades en plein vol. Ces derniers seront directement pris en charge par le personnel de l&rsquo;avion. L&rsquo;air \u00e0 l&rsquo;int\u00e9rieur de la cabine et filtr\u00e9 et renouvel\u00e9 toutes les trois minutes. et l&rsquo;avion est syst\u00e9matiquement d\u00e9sinfect\u00e9 apr\u00e8s chaque vol, des cabines jusqu&rsquo;aux cockpits. Tous les 5 jours, la compagnie proc\u00e8de \u00e0 <strong>une n\u00e9bulisation<\/strong> (pulv\u00e9risation d&rsquo;un produit virucide efficace dans la dur\u00e9e) compl\u00e8te de l&rsquo;int\u00e9rieur de l&rsquo;appareil.<\/li>\n<li><strong>Pour les enfants :<\/strong>\u00a0le service\u00a0Kids solo d&rsquo;Air France, suspendu pendant la crise du <a href=\"https:\/\/sante.journaldesfemmes.fr\/maladies\/2605417-coronavirus-france-monde-italie-chine-portugal-lisbonne-test-paris-ecole-clusters-allemagne-reconfinement\/\" title=\"N-Cov\">coronavirus<\/a>,\u00a0est de nouveau actif\u00a0depuis le 1er juin sur l&rsquo;ensemble des relations ouvertes <strong>aux enfants de plus de 8 ans<\/strong> (contre 4 ans en temps normal). Attention, ce service ne s&rsquo;applique actuellement qu&rsquo;aux vols directs. Autrement dit,\u00a0les vols avec escale ne sont pas autoris\u00e9s aux mineurs non accompagn\u00e9s et les salons d&rsquo;accueil pour les enfants demeurent pour l&rsquo;heure ferm\u00e9s. Il est conseill\u00e9 de r\u00e9server le plus t\u00f4t possible ce service car le nombre d&rsquo;enfants est actuellement limit\u00e9 \u00e0 <strong>6 par vol<\/strong>.<\/li>\n<\/ul>\n<p><u><strong>A l&rsquo;int\u00e9rieur de l&rsquo;avion :<\/strong><\/u><\/p>\n<ul>\n<li>Le port du masque est strictement obligatoire \u00e0 l&rsquo;int\u00e9rieur de l&rsquo;appareil.<\/li>\n<li>Les passagers doivent se d\u00e9placer le moins possible et \u00e9viter de cr\u00e9er des fils d&rsquo;attente pour les WC par exemple. Des cabines WC seront affect\u00e9es en fonction de votre emplacement pour limiter les d\u00e9placements.<\/li>\n<li>L&rsquo;Organisation de l&rsquo;aviation civile internationale ne pr\u00e9conise pas de neutraliser un si\u00e8ge sur deux. En revanche, en fonction du taux d&rsquo;occupation dans l&rsquo;avion, les passagers doivent \u00eatre \u00e9loign\u00e9s les uns des autres autant que possible.<\/li>\n<li>La nourriture dans l&rsquo;avion doit \u00eatre pr\u00e9-emball\u00e9e et l&rsquo;avion doit \u00eatre d\u00e9sinfect\u00e9 r\u00e9guli\u00e8rement.<\/li>\n<\/ul>\n<h3><u><strong>Prendre l&rsquo;avion apr\u00e8s le 11 mai :<\/strong><\/u><\/h3>\n<p>\u25ba Air France pr\u00e9voit de reprendre progressivement son activit\u00e9 a\u00e9rienne mais<strong>\u00a0a annonc\u00e9 vouloir r\u00e9duire de 40% son offre sur les vols nationaux fran\u00e7ais\u00a0<\/strong>d&rsquo;ici \u00e0 2021, avec la fermeture de plusieurs destinations. Les liaisons Paris-Marseille, Paris-Toulouse et Paris-Nice restent prioritaires et pour les vols internationaux, sont prioritaires les vols de rapatriement.\u00a0Concernant <strong>les taux de remplissage<\/strong> des avions, \u00ab\u00a0<em>j&rsquo;ai demand\u00e9 \u00e0\u00a0Air France\u00a0d&rsquo;\u00eatre extr\u00eamement vigilant<\/em>\u00ab\u00a0. Ces taux sont aujourd&rsquo;hui de 40% sur les vols maintenus, a indiqu\u00e9\u00a0Jean-Baptiste\u00a0Djebbari, secr\u00e9taire d&rsquo;Etat aux Transports,\u00a0lors d&rsquo;une visite de l&rsquo;a\u00e9roport.\u00a0<\/p>\n<p>\u25ba 9\u00a0compagnies a\u00e9riennes\u00a0ont demand\u00e9 au gouvernement de<strong>\u00a0rouvrir l&rsquo;a\u00e9roport d&rsquo;Orly d\u00e8s le 26\u00a0juin<\/strong>, selon les informations d&rsquo;<em>\u00c9conomie Matin<\/em>.\u00a0Cette r\u00e9ouverture ne pourra se faire que si la situation sanitaire le permet. Les op\u00e9rateurs devront alors\u00a0<strong>proposer un programme de vol \u00ab\u00a0<em>solide<\/em>\u00a0\u00bb pour le 15\u00a0juin.<\/strong><\/p>\n<p><strong>\u25ba\u00a0<\/strong>Ryanair\u00a0a annonc\u00e9 mardi 12 mai son intention de revenir \u00e0 40% de son programme de vols \u00e0 partir du 1er juillet 2020.<\/p>\n<p><strong>\u25ba\u00a0<\/strong>La<strong>\u00a0compagnie a\u00e9rienne britannique EasyJet a annonc\u00e9 la suppression de 4.500\u00a0postes,<\/strong>\u00a0soit pr\u00e8s d&rsquo;un tiers de ses effectifs, afin de faire face au choc de la pand\u00e9mie de coronavirus.<\/p>\n<div class=\"ccminsert\">\n<aside class=\"app_widget_fo app_widget_fo--call\">\n<ul>\n<li>\n                <a href=\"https:\/\/sante.journaldesfemmes.fr\/fiches-maladies\/2609189-masque-coronavirus-covid-port-obligatoire-ecole-train-coiffeur-tissu-afnor-chirurgical\/\" class=\"jGTMWidgetGAEventClick\" data-gtmwidgetgaeventaction=\"clickWidgetCall\" data-gtmwidgetgaeventlabel=\"Masque coronavirus\u00a0: \u00e9cole, transport, restos, o\u00f9 est-il obligatoire\u00a0?\"><\/p>\n<figure><picture><source media=\"(max-width: 480px)\" srcset=\"https:\/\/img-3.journaldesfemmes.fr\/TTV7kul6U3E_l3KrfiPfOAJOQik=\/160x105\/smart\/9b9161fdef0a4fae8e8b687ebc57c430\/ccmcms-jdf\/16500006.jpg\"><img decoding=\"async\" src=\"https:\/\/img-3.journaldesfemmes.fr\/5OMtmtLIlZ97ZszdM6SHxw96Gm8=\/200x132\/smart\/9b9161fdef0a4fae8e8b687ebc57c430\/ccmcms-jdf\/16500006.jpg\" alt=\"\"\/><\/source><\/picture><figcaption>\n<h3>Masque coronavirus\u00a0: \u00e9cole, transport, restos, o\u00f9 est-il obligatoire\u00a0?<\/h3>\n<p>PORT DU MASQUE\u00a0&#8211; Chirurgical, jetable, en tissu, lavable, AFNOR&#8230; Le masque permet de se prot\u00e9ger contre les virus, notamment  celui responsable du Covid-19. Train, magasins, \u00e9cole&#8230; O\u00f9 est-il obligatoire\u00a0? Pour les enfants aussi\u00a0? O\u00f9 s&rsquo;en procurer\u00a0? Comment bien le porter\u00a0? Notre guide pour \u00eatre prot\u00e9g\u00e9 \u00e0 100%.<\/p>\n<\/figcaption><\/figure>\n<p><\/a>\n            <\/li>\n<\/ul>\n<\/aside>\n<\/div>\n<p>A bord du bus,\u00a0<strong>des mesures barri\u00e8res doivent \u00eatre scrupuleusement respect\u00e9es<\/strong> :\u00a0\u00a0<\/p>\n<ul>\n<li>Le port du masque est obligatoire \u00e0 bord des bus.<\/li>\n<li>La vente de titres de transport \u00e0 bord des bus est suspendue : les usagers sont invit\u00e9s \u00e0 acheter leur titre de transport sur les distributeurs automatiques ou sur les applications d\u00e9di\u00e9es.\u00a0<\/li>\n<li>Les passagers doivent respecter dans la mesure du possible une distance physique d&rsquo;un m\u00e8tre avec les autres.<\/li>\n<li>Les passagers sont invit\u00e9s \u00e0 n&rsquo;utiliser qu&rsquo;un si\u00e8ge sur deux \u00e0 bord des bus.<\/li>\n<li>Une d\u00e9sinfection de v\u00e9hicule doit \u00eatre r\u00e9alis\u00e9e une fois par jour.<\/li>\n<li>Le conducteur doit \u00eatre s\u00e9par\u00e9 des voyageurs d&rsquo;au moins un m\u00e8tre.<\/li>\n<li>La\u00a0mont\u00e9e dans les bus\u00a0se fait uniquement par la\u00a0<strong>porte du milieu<\/strong>\u00a0(et non plus par la porte avant).<\/li>\n<\/ul>\n<p><strong>Quant aux taxis<\/strong>, ils sont autoris\u00e9s \u00e0 circuler \u00e0 condition de respecter tout un lot de mesures sanitaires d\u00e9finies dans\u00a0un <a href=\"https:\/\/www.legifrance.gouv.fr\/affichTexte.do?cidTexte=JORFTEXT000041746694&amp;categorieLien=id#JORFARTI000041746714\" target=\"_blank\" rel=\"noopener noreferrer\">d\u00e9cret<\/a> publi\u00e9 au Journal Officiel le 24\u00a0mars, dans le cadre de l&rsquo;\u00e9tat d&rsquo;urgence sanitaire d\u00e9clar\u00e9 en France\u00a0: aucun\u00a0passager ne peut s&rsquo;asseoir \u00e0 c\u00f4t\u00e9 du conducteur, la pr\u00e9sence de plusieurs passagers est admise aux places arri\u00e8res, le v\u00e9hicule doit \u00eatre en permanence a\u00e9r\u00e9, les passagers doivent emporter tous leurs d\u00e9chets, le conducteur doit proc\u00e9der au nettoyage d\u00e9sinfectant du v\u00e9hicule au moins une fois par jour. A noter que <strong>le conducteur est autoris\u00e9 \u00e0 exercer son droit de retrait <\/strong>et \u00e0 refuser l&rsquo;acc\u00e8s du v\u00e9hicule \u00e0 une personne pr\u00e9sentant des <a href=\"https:\/\/sante.journaldesfemmes.fr\/fiches-maladies\/2630075-symptomes-coronavirus-premiers-courants-peau-bouton-mal-de-tete-engelure-que-faire-duree-homme-femme\/\" target=\"_blank\" rel=\"noopener noreferrer\">sympt\u00f4mes d&rsquo;infection au Covid-19<\/a>.<\/p>\n<p>En plus des restrictions de circulation en vigueur aux fronti\u00e8res fran\u00e7aises depuis le 18\u00a0mars dernier,\u00a0<a href=\"https:\/\/www.interieur.gouv.fr\/Actualites\/Communiques\/Restrictions-de-circulation-et-mise-en-place-de-mesures-sanitaires-aux-frontieres\" target=\"_blank\" rel=\"noopener noreferrer\">des mesures sanitaires sp\u00e9cifiques<\/a> pour les voyageurs arrivant en France m\u00e9tropolitaine ou Outre-mer sont mises en place depuis le samedi 23\u00a0mai dans le cadre de l&rsquo;application des d\u00e9crets de la loi du 11\u00a0mai prorogeant l&rsquo;\u00e9tat d&rsquo;urgence sanitaire.\u00a0En compl\u00e9ment,<strong>\u00a0<\/strong>le gouvernement a mis en place, \u00e0 partir du lundi 25\u00a0mai 2020, un dispositif de <strong>quatorzaine volontaire<\/strong> en fonction du pays de provenance des voyageurs.\u00a0<\/p>\n<ul>\n<li><strong>Pour les voyageurs en provenance de l&rsquo;ext\u00e9rieur de l&rsquo;espace europ\u00e9en<\/strong> (l&rsquo;ensemble des pays du monde sauf les \u00c9tats membres de l&rsquo;Union europ\u00e9enne, le Royaume Uni, Andorre, Islande, Liechtenstein, Monaco, Norv\u00e8ge, Saint-Marin, Suisse, Vatican) le principe qui reste en place aujourd&rsquo;hui, et jusqu&rsquo;\u00e0 nouvel ordre, c&rsquo;est la fermeture des fronti\u00e8res et donc l&rsquo;interdiction d&rsquo;entr\u00e9e. Les Fran\u00e7ais ou r\u00e9sidents permanents en France peuvent toutefois continuer d&rsquo;acc\u00e9der au territoire fran\u00e7ais, ainsi que certaines cat\u00e9gories sp\u00e9cifiques pr\u00e9cis\u00e9es sur le site du minist\u00e8re de l&rsquo;Int\u00e9rieur. En retour, il est toutefois demand\u00e9 d&rsquo;agir en responsabilit\u00e9 en effectuant une quarantaine volontaire.\u00a0<\/li>\n<li><strong>Pour les voyageurs en provenance de l&rsquo;int\u00e9rieur de l&rsquo;espace europ\u00e9en<\/strong> (\u00c9tats membres de l&rsquo;Union europ\u00e9enne, Royaume Uni, Andorre, Islande, Liechtenstein, Monaco, Norv\u00e8ge, Saint-Marin, Suisse, Vatican), les fronti\u00e8res sont rouvertes depuis le 15 juin\u00a0mais font toujours l&rsquo;objet de restrictions de circulation mises en \u0153uvre dans le cadre de contr\u00f4les aux fronti\u00e8res coordonn\u00e9s avec nos partenaires. <strong>Il n&rsquo;y aura pas d&rsquo;exigence de quatorzaine pour acc\u00e9der au territoire fran\u00e7ais<\/strong> pour les personnes en provenance de pays de l&rsquo;espace europ\u00e9en. Pour effectuer un voyage, il est obligatoire de se munir d&rsquo;une attestation de d\u00e9placement international d\u00e9rogatoire ainsi que d&rsquo;une\u00a0\u00a0d\u00e9claration sur l&rsquo;honneur attestant que le voyageur ne pr\u00e9sente pas de sympt\u00f4mes d&rsquo;infection au covid-19.<\/li>\n<li><strong>Pour les voyageurs en provenance de pays europ\u00e9ens<\/strong> dont les autorit\u00e9s auraient d\u00e9cid\u00e9, de fa\u00e7on non-coordonn\u00e9e, d&rsquo;appliquer une <strong>mesure de quatorzaine aux voyageurs <\/strong>entrant sur leur territoire depuis des pays europ\u00e9ens, une quatorzaine volontaire sera demand\u00e9e, par r\u00e9ciprocit\u00e9. Ainsi <strong>les voyageurs arrivant, par voie a\u00e9rienne uniquement, depuis l&rsquo;Espagne<\/strong>, seront invit\u00e9s, \u00e0 compter du lundi 25\u00a0mai, \u00e0 effectuer une quarantaine volontaire, car l&rsquo;Espagne a mis en place le 15\u00a0mai un syst\u00e8me de quarantaine pour les voyageurs arrivant en Espagne par avion. Cela vaut pour les voyageurs espagnols, fran\u00e7ais et de toute nationalit\u00e9.<\/li>\n<li><strong>Pour les voyageurs en provenance du Royaume Uni,<\/strong> quelle que soit leur nationalit\u00e9, ils seront invit\u00e9s \u00e0 effectuer une quatorzaine volontaire.<\/li>\n<\/ul>\n<p><strong>Seront exempt\u00e9es du dispositif de quarantaine volontaire,<\/strong> sauf si elles pr\u00e9sentent des sympt\u00f4mes,\u00a0les personnes suivantes\u00a0:<\/p>\n<ul>\n<li>les personnes en transit vers un autre pays\u00a0;<\/li>\n<li>les membres d&rsquo;\u00e9quipage et personnes exploitant des vols passagers et cargo, ou voyageant comme passager pour se positionner sur leur base de d\u00e9part\u00a0;<\/li>\n<li>les personnes qui assurent le transport international de marchandises\u00a0;<\/li>\n<li>les conducteurs et \u00e9quipiers d&rsquo;autocars et de trains\u00a0;<\/li>\n<li>les membres d&rsquo;\u00e9quipage et personnes exploitant des navires de commerce et de p\u00eache\u00a0;<\/li>\n<li>les professionnels de sant\u00e9 \u00e9trangers concourant \u00e0 la lutte contre le covid-19\u00a0;<\/li>\n<li>les personnels des missions diplomatiques et consulaires, ainsi que des organisations internationales ayant leur si\u00e8ge ou un bureau en France, de m\u00eame que leurs conjoints et enfants\u00a0;<\/li>\n<li>les personnels des forces de s\u00e9curit\u00e9 int\u00e9rieure ou de d\u00e9fense fran\u00e7ais et \u00e9trangers de retour de mission, ou en mission, l&rsquo;autorit\u00e9 judiciaire dans l&rsquo;exercice de ses fonctions ainsi que les autres agents de l&rsquo;\u00c9tat affect\u00e9s \u00e0 l&rsquo;\u00e9tranger ou de retour de mission ainsi que leurs conjoints et enfants\u00a0;<\/li>\n<li>les travailleurs frontaliers\u00a0;<\/li>\n<li>les personnes justifiant d&rsquo;un motif familial imp\u00e9rieux (d\u00e9placement justifi\u00e9 par un droit de garde, de visite ou d&rsquo;h\u00e9bergement d&rsquo;un enfant ainsi que la poursuite de la scolarit\u00e9, assistance urgente \u00e0 un proche, obs\u00e8ques d&rsquo;un proche parent)\u00a0;<\/li>\n<li>les personnes admises \u00e0 entrer sur le territoire pour motif \u00e9conomique si leur s\u00e9jour est d&rsquo;une dur\u00e9e inf\u00e9rieure \u00e0 5\u00a0jours. Les conditions de quarantaine applicables aux travailleurs saisonniers et d\u00e9tach\u00e9s admis \u00e0 entrer sont pr\u00e9cis\u00e9es dans l&rsquo;instruction du 20\u00a0mai 2020.<\/li>\n<\/ul>\n<p>Plusieurs pays ont d\u00e9cid\u00e9 de fermer l&rsquo;acc\u00e8s et de renforcer des contr\u00f4les sanitaires pour les travailleurs transfrontaliers ou les r\u00e9sidents,\u00a0pour limiter la propagation de\u00a0l&rsquo;\u00e9pid\u00e9mie de coronavirus (liste non exhaustive) :<\/p>\n<ul>\n<li><strong>En Europe :\u00a0<\/strong>Espagne, Norv\u00e8ge, Danemark.<\/li>\n<li><strong>En Am\u00e9rique\u00a0:<\/strong> Etats-Unis (depuis le 13 mars), Canada, Salvador, Argentine, Cuba, Jama\u00efque, Guat\u00e9mala, Br\u00e9sil, P\u00e9rou, Equateur,<\/li>\n<li><strong>En Asie :<\/strong>\u00a0Tha\u00eflande, Russie (depuis le 28 mars), Laos, Qatar, Vietnam, Sri Lanka, Inde, Singapour, Isra\u00ebl, Mongolie, Jordanie, Liban, Oman, Turquie, Arabie Saoudite, Colombie, Indon\u00e9sie, Emirats Arabes, Bangladesh, Bahre\u00efn, Kowe\u00eft, Afghanistan,\u00a0Kazakhstan<\/li>\n<li><strong>En Afrique : <\/strong>Maroc, Tunisie, Alg\u00e9rie, Kenya, Angola, Afrique du Sud, Ile Maurice, Cap-Vert, Madagascar, S\u00e9n\u00e9gal, Nig\u00e9ria, Egypte, Ghana<\/li>\n<li><strong>En Oc\u00e9anie :<\/strong> Australie<\/li>\n<\/ul>\n<aside id=\"NL_734849269\" class=\"newsletter_subscription jNlBlock\"><noscript><br \/>\n            <\/noscript><\/p>\n<h3 class=\"newsletter_subscription-title\">Newsletter <\/h3>\n<p><a href=\"\/\/mailing.ccmbg.com\/archive\/last-85\" target=\"_blank\" class=\"a_hover\" rel=\"noopener noreferrer\">Voir un exemple<\/a><\/p>\n<\/aside>\n<p>Pour les\u00a0Fran\u00e7ais qui habitent \u00e0 l&rsquo;\u00e9tranger, il est recommand\u00e9 d&rsquo;\u00e9viter\u00a0les d\u00e9placements internationaux. Pour les personnes qui veulent rentrer en France, elles doivent contacter les consulats et ambassades de France.\u00a0<\/p>\n<ul>\n<li><strong>En d\u00e9placement \u00e0 l&rsquo;\u00e9tranger\u00a0:\u00a0<\/strong>Il est recommand\u00e9 aux Fran\u00e7ais qui sont en d\u00e9placement temporaire \u00e0 l&rsquo;\u00e9tranger, en dehors de l&rsquo;Europe, de prendre les mesures n\u00e9cessaires pour rentrer en France.<em> \u00ab\u00a0Si vous \u00eates Fran\u00e7ais, vous pouvez bien s\u00fbr, avec votre conjoint et vos enfants, continuer d&rsquo;entrer sur le territoire national et rejoindre votre domicile\u00a0\u00bb<\/em> rassure le <a href=\"https:\/\/www.gouvernement.fr\/info-coronavirus\" target=\"_blank\" rel=\"noopener noreferrer\">gouvernement<\/a> sur son site. Le minist\u00e8re charg\u00e9 des transports a demand\u00e9 aux compagnies a\u00e9riennes de maintenir au maximum leurs lignes ouvertes vers la France et de mod\u00e9rer leurs prix.\u00a0<\/li>\n<li><strong>Pour les Fran\u00e7ais qui attendent un vol <\/strong>et ne disposent pas d&rsquo;h\u00e9bergement, <strong>un service d&rsquo;urgence de mise en relation de Fran\u00e7ais bloqu\u00e9s \u00e0 l&rsquo;\u00e9tranger en situation de difficult\u00e9 et des Fran\u00e7ais \u00e9tablis hors de France se portant volontaires pouvant les accueillir est mis en place\u00a0: <\/strong><a href=\"http:\/\/www.sosuntoit.fr\/\" rel=\"external noopener noreferrer\" target=\"_blank\" title=\"lien externe\">www.sosuntoit.fr<\/a><\/li>\n<\/ul>\n<h3>&gt;&gt; Consulter le site de\u00a0<a data-smarttag-click=\"{&quot;name&quot;: &quot;http\/\/www.diplomatie.gouv.fr\/fr\/conseils-aux-voyageurs\/&quot;, &quot;type&quot;: &quot;exit&quot;}\" href=\"http:\/\/www.diplomatie.gouv.fr\/fr\/conseils-aux-voyageurs\/\" target=\"_blank\" rel=\"noopener noreferrer\">conseils aux voyageurs\u00a0<\/a>du minist\u00e8re de l&rsquo;Europe et des Affaires \u00e9trang\u00e8res.<\/h3>\n<\/p><\/div>\n<p>[ad_2]<br \/>\n<br \/><a href=\"https:\/\/sante.journaldesfemmes.fr\/fiches-maladies\/2608487-vacances-ete-coronavirus-covid-frontieres-etranger-france-portugal-espagne-corse-croatie-avion\/\">Source link <\/a><\/p>\n","protected":false},"excerpt":{"rendered":"<p>[ad_1] CORONAVIRUS\u00a0ET VACANCES &#8211; Depuis le 15\u00a0juin, il est possible de partir en vacances en Europe. Certains pays imposent des &hellip; <a href=\"https:\/\/www.affinite.fr\/index.php\/2020\/06\/23\/corse-espagne-croatie-ou-partir-sans-risque\/\" class=\"more-link\">Plus <span class=\"screen-reader-text\">Corse, Espagne, Croatie, o\u00f9 partir sans risque\u00a0?<\/span> <span class=\"meta-nav\">&rarr;<\/span><\/a><\/p>\n","protected":false},"author":1,"featured_media":4359,"comment_status":"open","ping_status":"open","sticky":false,"template":"","format":"standard","meta":{"_sitemap_exclude":false,"_sitemap_priority":"","_sitemap_frequency":"","footnotes":""},"categories":[1],"tags":[],"class_list":["post-4358","post","type-post","status-publish","format-standard","has-post-thumbnail","hentry","category-tous"],"_links":{"self":[{"href":"https:\/\/www.affinite.fr\/index.php\/wp-json\/wp\/v2\/posts\/4358"}],"collection":[{"href":"https:\/\/www.affinite.fr\/index.php\/wp-json\/wp\/v2\/posts"}],"about":[{"href":"https:\/\/www.affinite.fr\/index.php\/wp-json\/wp\/v2\/types\/post"}],"author":[{"embeddable":true,"href":"https:\/\/www.affinite.fr\/index.php\/wp-json\/wp\/v2\/users\/1"}],"replies":[{"embeddable":true,"href":"https:\/\/www.affinite.fr\/index.php\/wp-json\/wp\/v2\/comments?post=4358"}],"version-history":[{"count":0,"href":"https:\/\/www.affinite.fr\/index.php\/wp-json\/wp\/v2\/posts\/4358\/revisions"}],"wp:featuredmedia":[{"embeddable":true,"href":"https:\/\/www.affinite.fr\/index.php\/wp-json\/wp\/v2\/media\/4359"}],"wp:attachment":[{"href":"https:\/\/www.affinite.fr\/index.php\/wp-json\/wp\/v2\/media?parent=4358"}],"wp:term":[{"taxonomy":"category","embeddable":true,"href":"https:\/\/www.affinite.fr\/index.php\/wp-json\/wp\/v2\/categories?post=4358"},{"taxonomy":"post_tag","embeddable":true,"href":"https:\/\/www.affinite.fr\/index.php\/wp-json\/wp\/v2\/tags?post=4358"}],"curies":[{"name":"wp","href":"https:\/\/api.w.org\/{rel}","templated":true}]}}