{"id":4322,"date":"2020-06-22T23:06:26","date_gmt":"2020-06-22T23:06:26","guid":{"rendered":"https:\/\/www.affinite.fr\/index.php\/2020\/06\/22\/la-version-big-sur-de-macos-revoit-linterface-des-mac-de-fond-en-comble\/"},"modified":"2020-06-22T23:06:26","modified_gmt":"2020-06-22T23:06:26","slug":"la-version-big-sur-de-macos-revoit-linterface-des-mac-de-fond-en-comble","status":"publish","type":"post","link":"https:\/\/www.affinite.fr\/index.php\/2020\/06\/22\/la-version-big-sur-de-macos-revoit-linterface-des-mac-de-fond-en-comble\/","title":{"rendered":"la version Big Sur de macOS revoit l\u2019interface des Mac de fond en comble"},"content":{"rendered":"<p> [ad_1]<br \/>\n<\/p>\n<div itemprop=\"articleBody\">\n<p><em>\u00ab Les plus grands changements depuis le lancement de Mac OS X \u00bb<\/em>. Voil\u00e0 comment Craig Federighi, le responsable de l\u2019ing\u00e9nierie logicielle d\u2019Apple, a pr\u00e9sent\u00e9 la mise \u00e0 jour macOS Big Sur (du nom d\u2019une partie du littoral californien). Apple passe d&rsquo;ailleurs \u00e0 macOS 11.0 apr\u00e8s plusieurs ann\u00e9es de macOS 10.x.\u00a0<\/p>\n<figure class=\"figure text-center\"><img decoding=\"async\" class=\"article-img img-responsive-l\" src=\"https:\/\/img.bfmtv.com\/c\/0\/708\/4ea\/99916f5157fc2180a07112ec77b6f.jpg\" alt=\"\"\/><figcaption class=\"figure-caption figcaption color-txt-0 title-xs hidden-xs\"\/><\/figure>\n<p style=\"color:#333; font-family:arial,helvetica,sans-serif; font-size:18px\">L&rsquo;\u00e9l\u00e9ment\u00a0le\u00a0plus visible est bien entendu l\u2019\u00e9volution du design. Encore plus \u00e9pur\u00e9, il ne montre que l\u2019essentiel ; notamment dans les barres d\u2019outils. Les ic\u00f4nes sont tr\u00e8s minimalistes et les barres de recherche s\u2019agrandissent seulement quand on les utilise, pour laisser plus de place dans l\u2019interface le reste du temps.<\/p>\n<p>On retrouve ces principes notamment dans le logiciel Photos pour lequel les transitions entre les diff\u00e9rentes vues semblent plus fluides que jamais.<\/p>\n<h3 style=\"color:#333; font-family:arial,helvetica,sans-serif; font-size:23px; font-weight:700\">Le grand retour des Widgets<\/h3>\n<p>L\u2019inspiration d\u2019iOS \u2014 voire d\u2019iPadOS \u2014 est \u00e9galement indubitable. En t\u00e9moigne le nouveau centre de contr\u00f4le qui regroupe les fonctions essentielles du Mac. M\u00eame chose pour le centre de notifications qui reprend clairement le look de celui des appareils mobiles d\u2019Apple.\u00a0<\/p>\n<figure class=\"figure text-center\"><img decoding=\"async\" class=\"article-img img-responsive-l\" src=\"https:\/\/img.bfmtv.com\/c\/0\/708\/1cb\/576305030e5ca83ab0964a7d376de.jpg\" alt=\"\"\/><figcaption class=\"figure-caption figcaption color-txt-0 title-xs hidden-xs\"\/><\/figure>\n<p>L\u2019autre grande surprise est le retour des widgets. Apparus sous Mac OS X Tiger, ils avaient commenc\u00e9 \u00e0 dispara\u00eetre \u00e0 partir d\u2019OS X Yosemite. Mais Apple a finalement d\u00e9cid\u00e9 de les r\u00e9introduire dans macOS Big Sur o\u00f9 ils prendront place dans le centre notifications. Les d\u00e9veloppeurs tiers pourront \u00e9galement cr\u00e9er les leurs, en esp\u00e9rant que cela donne un nouveau souffle \u00e0 cette fonction.\u00a0<\/p>\n<h3 style=\"color:#333; font-family:arial,helvetica,sans-serif; font-size:23px; font-weight:700\">Catalyst, le syst\u00e8me de portage pr\u00e9f\u00e9r\u00e9 d&rsquo;Apple<\/h3>\n<p>L\u2019application Messages gagne, quant \u00e0 elle, toutes les m\u00eames nouvelles fonctions que celles apparues sur iOS 14. Parmi elles, la r\u00e9ponse directe \u00e0 certains messages, une recherche plus puissante, la navigation facilit\u00e9e dans les m\u00e9dias \u00e9chang\u00e9es et les animojis. M\u00eame chose pour Plans, avec l\u2019int\u00e9gration des trajets \u00e0 v\u00e9lo, la v\u00e9rification d\u2019une porte d\u2019embarquement dans un a\u00e9roport ou encore l\u2019accessibilit\u00e9 facilit\u00e9e \u00e0 ses favoris.\u00a0<\/p>\n<figure class=\"figure text-center\"><img decoding=\"async\" class=\"article-img img-responsive-l\" src=\"https:\/\/img.bfmtv.com\/c\/0\/708\/791\/08e91c5871f611242d5fae8c2aa23.jpg\" alt=\"\"\/><figcaption class=\"figure-caption figcaption color-txt-0 title-xs hidden-xs\"\/><\/figure>\n<p>Si les fonctions sont aussi proches entre les versions iOS et macOS des applications, ce n\u2019est pas par hasard. Apple a utilis\u00e9 son syst\u00e8me Catalyst pour porter celles de la premi\u00e8re vers la seconde. C\u2019est \u00e9galement le cas avec Podcasts ou Musique. Les d\u00e9veloppeurs pourront profiter des nouvelles possibilit\u00e9s de Catalyst pour leurs propres applications. Ils auront plus de latitude\u00a0pour les adapter \u00e0 l\u2019interface des ordinateurs, par exemple gr\u00e2ce \u00e0 une int\u00e9gration facilit\u00e9e des raccourcis claviers.\u00a0<\/p>\n<h3 style=\"color:#333; font-family:arial,helvetica,sans-serif; font-size:23px; font-weight:700\">Safari, centre de toutes les attentions<\/h3>\n<p>Enfin, Apple a consacr\u00e9 une large partie de la pr\u00e9sentation de macOS Big Sur \u00e0 mettre en avant la prochaine version de Safari. Tout comme le syst\u00e8me d\u2019exploitation, elle a \u00e9t\u00e9 qualifi\u00e9e de <em>\u00ab plus grande mise \u00e0 jour depuis sa cr\u00e9ation \u00bb<\/em>.<\/p>\n<p>Le navigateur d\u2019Apple qui souffre de la concurrence de Chrome veut prendre sa revanche en proposant un temps d\u2019affichage inf\u00e9rieur de 50 % \u00e0 celui de Google. Autre argument : l\u2019\u00e9conomie d\u2019\u00e9nergie qui serait mieux g\u00e9r\u00e9e par Safari que Chrome. Un menu d\u00e9di\u00e9 \u00e0 la vie priv\u00e9e fait aussi son apparition. Il d\u00e9taille le nombre de trackers de publicit\u00e9 bloqu\u00e9s et attribue un score \u00e0 chaque site pour montrer ou non leur respect des donn\u00e9es personnelles.\u00a0<\/p>\n<figure class=\"figure text-center\"><img decoding=\"async\" class=\"article-img img-responsive-l\" src=\"https:\/\/img.bfmtv.com\/c\/0\/708\/4af\/804ece0e87eb07b9ffab123f96877.jpg\" alt=\"\"\/><figcaption class=\"figure-caption figcaption color-txt-0 title-xs hidden-xs\"\/><\/figure>\n<p>Un peu comme pour les Widgets, Apple veut offrir une nouvelle jeunesse aux extensions de Safari. Celles-ci pourront d\u00e9sormais \u00eatre adapt\u00e9es depuis n\u2019importe quel autre navigateur pour faciliter le portage des d\u00e9veloppeurs. Une cat\u00e9gorie d\u00e9di\u00e9e sera cr\u00e9\u00e9e dans l\u2019App Store pour les regrouper. Les donn\u00e9es personnelles auxquelles elles ont acc\u00e8s ne pourront d\u2019ailleurs pas leur \u00eatre transmises.\u00a0<\/p>\n<p>Le syst\u00e8me d\u2019onglets est \u00e9galement revu, gr\u00e2ce \u00e0 un aper\u00e7u de la page dans un pop-up lorsqu\u2019on en survole un avec le pointeur de sa souris. La page d\u2019accueil du navigateur pourra, quant \u00e0 elle, \u00eatre personnalis\u00e9e avec n\u2019importe quel fond d\u2019\u00e9cran et l\u2019affichage ou non de certains favoris (signets, suggestions Siri, listes de lecture, etc.).\u00a0<\/p>\n<figure class=\"figure text-center\"><img decoding=\"async\" class=\"article-img img-responsive-l\" src=\"https:\/\/img.bfmtv.com\/c\/0\/708\/3df\/72e00a51b02bb212867a270da6108.jpg\" alt=\"\"\/><figcaption class=\"figure-caption figcaption color-txt-0 title-xs hidden-xs\"\/><\/figure>\n<p>Surfant sur l\u2019arriv\u00e9e d\u2019une application d\u00e9di\u00e9e \u00e0 la traduction sur iOS, Apple int\u00e9grera \u00e9galement cette fonction \u00e0 Safari qui pourra ainsi traduire \u00e0 la vol\u00e9e n\u2019importe quelle page. C&rsquo;est l\u00e0 encore une tentative de proposer une solution \u00e9quivalente \u00e0 celle de Chrome qui dispose d&rsquo;un tel outil depuis des ann\u00e9es.\u00a0<\/p>\n<figure class=\"figure text-center\"><img decoding=\"async\" class=\"article-img img-responsive-l\" src=\"https:\/\/img.bfmtv.com\/c\/0\/708\/898\/61fb78f424105f1934f5cffc1e218.jpg\" alt=\"\"\/><figcaption class=\"figure-caption figcaption color-txt-0 title-xs hidden-xs\"\/><\/figure>\n<p>Big Sur sera disponible \u00e0 l\u2019automne et sera de plus la premi\u00e8re version de macOS qui permettra de faire tourner les nouveaux ordinateurs \u00e9quip\u00e9s de puces ARM d\u2019Apple. Un autre immense chantier pour les d\u00e9veloppeurs qui devront jongler pendant deux ans entre une version Intel et une version ARM de leurs logiciels.<\/p>\n<\/p><\/div>\n<p><script>\n         !function(f,b,e,v,n,t,s){if(f.fbq)return;n=f.fbq=function()\n         {n.callMethod? n.callMethod.apply(n,arguments):n.queue.push(arguments)}\n         ;if(!f._fbq)f._fbq=n;\n             n.push=n;n.loaded=!0;n.version='2.0';n.queue=[];t=b.createElement(e);t.async=!0;\n             t.src=v;s=b.getElementsByTagName(e)[0];s.parentNode.insertBefore(t,s)}(window,\n                 document,'script','https:\/\/connect.facebook.net\/en_US\/fbevents.js');\n         fbq('init', '1065890633454496');\n         fbq('track', 'PageView');\n     <\/script><br \/>\n<br \/>[ad_2]<br \/>\n<br \/><a href=\"https:\/\/www.01net.com\/actualites\/apple-la-version-big-sur-de-macos-revoit-l-interface-des-mac-de-fond-en-comble-1937326.html\">Source link <\/a><\/p>\n","protected":false},"excerpt":{"rendered":"<p>[ad_1] \u00ab Les plus grands changements depuis le lancement de Mac OS X \u00bb. Voil\u00e0 comment Craig Federighi, le responsable &hellip; <a href=\"https:\/\/www.affinite.fr\/index.php\/2020\/06\/22\/la-version-big-sur-de-macos-revoit-linterface-des-mac-de-fond-en-comble\/\" class=\"more-link\">Plus <span class=\"screen-reader-text\">la version Big Sur de macOS revoit l\u2019interface des Mac de fond en comble<\/span> <span class=\"meta-nav\">&rarr;<\/span><\/a><\/p>\n","protected":false},"author":1,"featured_media":4323,"comment_status":"open","ping_status":"open","sticky":false,"template":"","format":"standard","meta":{"_sitemap_exclude":false,"_sitemap_priority":"","_sitemap_frequency":"","footnotes":""},"categories":[1],"tags":[],"class_list":["post-4322","post","type-post","status-publish","format-standard","has-post-thumbnail","hentry","category-tous"],"_links":{"self":[{"href":"https:\/\/www.affinite.fr\/index.php\/wp-json\/wp\/v2\/posts\/4322"}],"collection":[{"href":"https:\/\/www.affinite.fr\/index.php\/wp-json\/wp\/v2\/posts"}],"about":[{"href":"https:\/\/www.affinite.fr\/index.php\/wp-json\/wp\/v2\/types\/post"}],"author":[{"embeddable":true,"href":"https:\/\/www.affinite.fr\/index.php\/wp-json\/wp\/v2\/users\/1"}],"replies":[{"embeddable":true,"href":"https:\/\/www.affinite.fr\/index.php\/wp-json\/wp\/v2\/comments?post=4322"}],"version-history":[{"count":0,"href":"https:\/\/www.affinite.fr\/index.php\/wp-json\/wp\/v2\/posts\/4322\/revisions"}],"wp:featuredmedia":[{"embeddable":true,"href":"https:\/\/www.affinite.fr\/index.php\/wp-json\/wp\/v2\/media\/4323"}],"wp:attachment":[{"href":"https:\/\/www.affinite.fr\/index.php\/wp-json\/wp\/v2\/media?parent=4322"}],"wp:term":[{"taxonomy":"category","embeddable":true,"href":"https:\/\/www.affinite.fr\/index.php\/wp-json\/wp\/v2\/categories?post=4322"},{"taxonomy":"post_tag","embeddable":true,"href":"https:\/\/www.affinite.fr\/index.php\/wp-json\/wp\/v2\/tags?post=4322"}],"curies":[{"name":"wp","href":"https:\/\/api.w.org\/{rel}","templated":true}]}}