{"id":4173,"date":"2020-06-18T06:35:32","date_gmt":"2020-06-18T06:35:32","guid":{"rendered":"https:\/\/www.affinite.fr\/index.php\/2020\/06\/18\/les-box-tv-sont-elles-condamnees-a-disparaitre\/"},"modified":"2020-06-18T06:35:32","modified_gmt":"2020-06-18T06:35:32","slug":"les-box-tv-sont-elles-condamnees-a-disparaitre","status":"publish","type":"post","link":"https:\/\/www.affinite.fr\/index.php\/2020\/06\/18\/les-box-tv-sont-elles-condamnees-a-disparaitre\/","title":{"rendered":"Les box TV sont-elles condamn\u00e9es \u00e0 dispara\u00eetre ?"},"content":{"rendered":"<p> [ad_1]<br \/>\n<br \/>Bouygues Telecom a remplac\u00e9 le d\u00e9codeur TV de l\u2019une de ses offres commerciales par une simple application. Est-ce le d\u00e9but de la fin des bo\u00eetiers TV, qui sont encore tr\u00e8s utilis\u00e9s en France ?  <\/p>\n<p> <img decoding=\"async\" src=\"https:\/\/img.bfmtv.com\/c\/150\/100\/16a\/9a5c3fcee912b092f4021d84f54d1.jpg\" \/><br \/>\n<br \/>[ad_2]<br \/>\n<br \/><a href=\"https:\/\/www.01net.com\/actualites\/les-box-tv-sont-elles-condamnees-a-disparaitre-1935159.html\">Source link <\/a><\/p>\n","protected":false},"excerpt":{"rendered":"<p>[ad_1] Bouygues Telecom a remplac\u00e9 le d\u00e9codeur TV de l\u2019une de ses offres commerciales par une simple application. Est-ce le &hellip; <a href=\"https:\/\/www.affinite.fr\/index.php\/2020\/06\/18\/les-box-tv-sont-elles-condamnees-a-disparaitre\/\" class=\"more-link\">Plus <span class=\"screen-reader-text\">Les box TV sont-elles condamn\u00e9es \u00e0 dispara\u00eetre ?<\/span> <span class=\"meta-nav\">&rarr;<\/span><\/a><\/p>\n","protected":false},"author":1,"featured_media":4174,"comment_status":"open","ping_status":"open","sticky":false,"template":"","format":"standard","meta":{"_sitemap_exclude":false,"_sitemap_priority":"","_sitemap_frequency":"","footnotes":""},"categories":[1],"tags":[],"class_list":["post-4173","post","type-post","status-publish","format-standard","has-post-thumbnail","hentry","category-tous"],"_links":{"self":[{"href":"https:\/\/www.affinite.fr\/index.php\/wp-json\/wp\/v2\/posts\/4173"}],"collection":[{"href":"https:\/\/www.affinite.fr\/index.php\/wp-json\/wp\/v2\/posts"}],"about":[{"href":"https:\/\/www.affinite.fr\/index.php\/wp-json\/wp\/v2\/types\/post"}],"author":[{"embeddable":true,"href":"https:\/\/www.affinite.fr\/index.php\/wp-json\/wp\/v2\/users\/1"}],"replies":[{"embeddable":true,"href":"https:\/\/www.affinite.fr\/index.php\/wp-json\/wp\/v2\/comments?post=4173"}],"version-history":[{"count":0,"href":"https:\/\/www.affinite.fr\/index.php\/wp-json\/wp\/v2\/posts\/4173\/revisions"}],"wp:featuredmedia":[{"embeddable":true,"href":"https:\/\/www.affinite.fr\/index.php\/wp-json\/wp\/v2\/media\/4174"}],"wp:attachment":[{"href":"https:\/\/www.affinite.fr\/index.php\/wp-json\/wp\/v2\/media?parent=4173"}],"wp:term":[{"taxonomy":"category","embeddable":true,"href":"https:\/\/www.affinite.fr\/index.php\/wp-json\/wp\/v2\/categories?post=4173"},{"taxonomy":"post_tag","embeddable":true,"href":"https:\/\/www.affinite.fr\/index.php\/wp-json\/wp\/v2\/tags?post=4173"}],"curies":[{"name":"wp","href":"https:\/\/api.w.org\/{rel}","templated":true}]}}