{"id":4171,"date":"2020-06-18T05:35:03","date_gmt":"2020-06-18T05:35:03","guid":{"rendered":"https:\/\/www.affinite.fr\/index.php\/2020\/06\/18\/twitter-teste-une-nouvelle-fonction-des-tweets-audio-de-140-secondes\/"},"modified":"2020-06-18T05:35:03","modified_gmt":"2020-06-18T05:35:03","slug":"twitter-teste-une-nouvelle-fonction-des-tweets-audio-de-140-secondes","status":"publish","type":"post","link":"https:\/\/www.affinite.fr\/index.php\/2020\/06\/18\/twitter-teste-une-nouvelle-fonction-des-tweets-audio-de-140-secondes\/","title":{"rendered":"Twitter teste une nouvelle fonction, des tweets audio de 140 secondes\u2026"},"content":{"rendered":"<p> [ad_1]<br \/>\n<\/p>\n<div itemprop=\"articleBody\">\n<p>Parce que 140 signes \u00e9taient un peu courts, et que 280 sont parfois encore un peu trop contraignants, ou simplement parce que parler reste encore le plus simple, Twitter est en train de tester une nouvelle fonction. Elle permet aux utilisateurs\u00a0de la plate-forme de micro-blogging d\u2019enregistrer et de partager un fichier audio d\u2019une dur\u00e9e maximale de 140 secondes.<\/p>\n<figure class=\"figure text-center\"><img decoding=\"async\" class=\"article-img img-responsive-l\" src=\"https:\/\/img.bfmtv.com\/c\/0\/708\/2b7\/5fc7a33c9fbcb4a109be285c27396.jpg\" alt=\"\"\/><figcaption class=\"figure-caption figcaption color-txt-0 title-xs hidden-xs\"\/><\/figure>\n<p><strong>Tweet et thread<\/strong><\/p>\n<p>Cr\u00e9er un tweet audio ne devrait pas \u00eatre plus compliqu\u00e9 que pour un message classique. Un nouveau bouton devrait faire son apparition en bas de l\u2019interface de composition habituelle.<br \/>Pour \u00e9viter d\u2019\u00eatre coup\u00e9 parce que vous avez atteint la limite de 140 secondes, Twitter a pr\u00e9vu la cr\u00e9ation automatique d\u2019un thread audio, une succession de messages vocaux, si vous pr\u00e9f\u00e9rez.<br \/>Une fois votre pens\u00e9e exprim\u00e9e, il suffira de taper sur le bouton \u00ab\u00a0Done\u00a0\u00bb, si l\u2019interface est en anglais, pour vous retrouver face \u00e0 l\u2019interface de composition de tweet et la partager.<\/p>\n<figure class=\"figure text-center\"><img decoding=\"async\" class=\"article-img img-responsive-l\" src=\"https:\/\/img.bfmtv.com\/c\/0\/708\/c3d\/2c0bf85302b321110d61ea4915e2c.jpg\" alt=\"\"\/><figcaption class=\"figure-caption figcaption color-txt-0 title-xs hidden-xs\"\/><\/figure>\n<p><strong>Sur iOS seulement pour le moment\u2026<\/strong><\/p>\n<p>Ces tweets audios s\u2019afficheront dans les fils de vos followers comme n\u2019importe quel autre, puisque ces enregistrements audio seront int\u00e9gr\u00e9s \u00e0 un tweet classique. En revanche, il est important de noter que pour l&rsquo;instant, seul des nouveaux tweets pourront embarquer un message audio. Il ne sera pas possible de cr\u00e9er\u00a0une r\u00e9ponse ou un retweet audio.<br \/>Vos enregistrements\u00a0figureront sur une sorte de petite carte avec la photo ou l\u2019image qui illustre votre compte. Pour \u00e9couter le \u00ab\u00a0tweetaudio\u00a0\u00bb, il suffira de tapoter cette image. La lecture commencera dans une nouvelle fen\u00eatre en bas de votre timeline afin qu\u2019il soit possible d\u2019\u00e9couter tout en continuant \u00e0 regarder votre fil, et m\u00eame si vous quittez l&rsquo;application.<\/p>\n<aside class=\"bg-color-0 padding-inside-all-s bloc border-s\">\n<h4 class=\"box-txt-normal\">\n<p><strong>A d\u00e9couvrir aussi en vid\u00e9o<\/strong><\/p>\n<\/h4>\n<\/aside>\n<p>Comme souvent, cette nouvelle fonction ne sera disponible au d\u00e9part qu\u2019\u00e0 un nombre r\u00e9duit d\u2019utilisateurs, de l&rsquo;application iOS seulement. Dans les prochaines semaines, le d\u00e9ploiement devrait \u00eatre g\u00e9n\u00e9ralis\u00e9. Pour l&rsquo;heure, Twitter ne donne pas d&rsquo;indication sur une disponibilit\u00e9 prochaine sur Android.<br \/>Cette nouvelle option pourrait ouvrir la porte \u00e0 de tr\u00e8s belles id\u00e9es et de beaux \u00e9changes, mais aussi, h\u00e9las, \u00e0 quelques d\u00e9rapages inqui\u00e9tants. Vous aussi vous \u00eates impatient de voir ce que Donald Trump en fera, par exemple\u00a0?<\/p>\n<p><strong>Source\u00a0:<\/strong> <a href=\"https:\/\/blog.twitter.com\/en_us\/topics\/product\/2020\/your-tweet-your-voice.html\">Blog de Twitter<\/a><\/p>\n<\/p><\/div>\n<p><script async src=\"http:\/\/platform.twitter.com\/widgets.js\" charset=\"utf-8\"><\/script><script>\n         !function(f,b,e,v,n,t,s){if(f.fbq)return;n=f.fbq=function()\n         {n.callMethod? n.callMethod.apply(n,arguments):n.queue.push(arguments)}\n         ;if(!f._fbq)f._fbq=n;\n             n.push=n;n.loaded=!0;n.version='2.0';n.queue=[];t=b.createElement(e);t.async=!0;\n             t.src=v;s=b.getElementsByTagName(e)[0];s.parentNode.insertBefore(t,s)}(window,\n                 document,'script','https:\/\/connect.facebook.net\/en_US\/fbevents.js');\n         fbq('init', '1065890633454496');\n         fbq('track', 'PageView');\n     <\/script><br \/>\n<br \/>[ad_2]<br \/>\n<br \/><a href=\"https:\/\/www.01net.com\/actualites\/twitter-teste-une-nouvelle-fonction-des-tweets-audio-de-140-secondes-1935370.html\">Source link <\/a><\/p>\n","protected":false},"excerpt":{"rendered":"<p>[ad_1] Parce que 140 signes \u00e9taient un peu courts, et que 280 sont parfois encore un peu trop contraignants, ou &hellip; <a href=\"https:\/\/www.affinite.fr\/index.php\/2020\/06\/18\/twitter-teste-une-nouvelle-fonction-des-tweets-audio-de-140-secondes\/\" class=\"more-link\">Plus <span class=\"screen-reader-text\">Twitter teste une nouvelle fonction, des tweets audio de 140 secondes\u2026<\/span> <span class=\"meta-nav\">&rarr;<\/span><\/a><\/p>\n","protected":false},"author":1,"featured_media":4172,"comment_status":"open","ping_status":"open","sticky":false,"template":"","format":"standard","meta":{"_sitemap_exclude":false,"_sitemap_priority":"","_sitemap_frequency":"","footnotes":""},"categories":[1],"tags":[],"class_list":["post-4171","post","type-post","status-publish","format-standard","has-post-thumbnail","hentry","category-tous"],"_links":{"self":[{"href":"https:\/\/www.affinite.fr\/index.php\/wp-json\/wp\/v2\/posts\/4171"}],"collection":[{"href":"https:\/\/www.affinite.fr\/index.php\/wp-json\/wp\/v2\/posts"}],"about":[{"href":"https:\/\/www.affinite.fr\/index.php\/wp-json\/wp\/v2\/types\/post"}],"author":[{"embeddable":true,"href":"https:\/\/www.affinite.fr\/index.php\/wp-json\/wp\/v2\/users\/1"}],"replies":[{"embeddable":true,"href":"https:\/\/www.affinite.fr\/index.php\/wp-json\/wp\/v2\/comments?post=4171"}],"version-history":[{"count":0,"href":"https:\/\/www.affinite.fr\/index.php\/wp-json\/wp\/v2\/posts\/4171\/revisions"}],"wp:featuredmedia":[{"embeddable":true,"href":"https:\/\/www.affinite.fr\/index.php\/wp-json\/wp\/v2\/media\/4172"}],"wp:attachment":[{"href":"https:\/\/www.affinite.fr\/index.php\/wp-json\/wp\/v2\/media?parent=4171"}],"wp:term":[{"taxonomy":"category","embeddable":true,"href":"https:\/\/www.affinite.fr\/index.php\/wp-json\/wp\/v2\/categories?post=4171"},{"taxonomy":"post_tag","embeddable":true,"href":"https:\/\/www.affinite.fr\/index.php\/wp-json\/wp\/v2\/tags?post=4171"}],"curies":[{"name":"wp","href":"https:\/\/api.w.org\/{rel}","templated":true}]}}