{"id":3973,"date":"2020-06-13T02:43:29","date_gmt":"2020-06-13T02:43:29","guid":{"rendered":"https:\/\/www.affinite.fr\/index.php\/2020\/06\/13\/la-cnil-plaide-en-faveur-dun-hebergeur-europeen\/"},"modified":"2020-06-13T02:43:29","modified_gmt":"2020-06-13T02:43:29","slug":"la-cnil-plaide-en-faveur-dun-hebergeur-europeen","status":"publish","type":"post","link":"https:\/\/www.affinite.fr\/index.php\/2020\/06\/13\/la-cnil-plaide-en-faveur-dun-hebergeur-europeen\/","title":{"rendered":"la Cnil plaide en faveur d&rsquo;un h\u00e9bergeur europ\u00e9en"},"content":{"rendered":"<p> [ad_1]<br \/>\n<br \/><img decoding=\"async\" src=\"https:\/\/img.bfmtv.com\/i\/0\/0\/887\/c9a6f02c493d4264585e2e4f8bc25.jpeg\" \/><\/p>\n<div itemprop=\"articleBody\">\n<p>Alors que l\u2019h\u00e9bergement du <a href=\"http:\/\/www.01net.com\/actualites\/comment-le-gouvernement-tente-de-justifier-health-data-hub-son-projet-deplate-forme-de-sante-1812815.html\" target=\"_blank\" rel=\"noopener noreferrer\">Health data hub<\/a> (HDH) par <a href=\"https:\/\/www.01net.com\/actualites\/health-data-hub-nos-donnees-de-sante-vont-elles-etre-livrees-aux-americains-1913351.html\" target=\"_blank\" rel=\"noopener noreferrer\">Microsoft fait pol\u00e9mique<\/a>, la Commission nationale de l\u2019informatique et des libert\u00e9s (Cnil) se d\u00e9clare en faveur d&rsquo;une solution\u00a0europ\u00e9enne. Elle \u00ab\u00a0<em>souhaiterait, eu \u00e9gard \u00e0 la sensibilit\u00e9 des donn\u00e9es en cause, que son h\u00e9bergement et les services li\u00e9s \u00e0 sa gestion puissent \u00eatre r\u00e9serv\u00e9s \u00e0 des entit\u00e9s relevant exclusivement des juridictions de l\u2019Union europ\u00e9enne (UE)<\/em>\u00a0\u00bb. Dans un communiqu\u00e9 publi\u00e9 jeudi 11 juin, la Cnil en profite pour r\u00e9it\u00e9rer\u00a0ses recommandations au sujet de cette la plate-forme regroupant toutes\u00a0les donn\u00e9es de sant\u00e9 des Fran\u00e7ais,\u00a0cr\u00e9\u00e9e en novembre 2019 et dont le d\u00e9ploiement a \u00e9t\u00e9 acc\u00e9l\u00e9r\u00e9 avec l&rsquo;\u00e9tat d&rsquo;urgence sanitaire d\u00e9clar\u00e9 en mars dernier. La Cnil, elle-m\u00eame avait \u00e9t\u00e9 prise de court.\u00a0<\/p>\n<h3 style=\"color:#333; font-family:arial,helvetica,sans-serif; font-size:23px; font-weight:700\">La n\u00e9cessit\u00e9 d&rsquo;un nouveau texte de loi<\/h3>\n<p>L\u2019autorit\u00e9 pr\u00e9vient que la constitution de cet \u00ab\u00a0<em>entrep\u00f4t de donn\u00e9es de sant\u00e9\u00a0\u00bb <\/em>ne pourra <em>\u00ab\u00a0\u00eatre encadr\u00e9 par <a href=\"https:\/\/www.legifrance.gouv.fr\/affichTexte.do?cidTexte=JORFTEXT000041812657&amp;dateTexte=20200422\" target=\"_blank\" rel=\"noopener noreferrer\">l\u2019arr\u00eat\u00e9<\/a><\/em>\u00a0\u00bb entr\u00e9 en vigueur, le 23 avril 2020, durant\u00a0la crise sanitaire. La fin de l&rsquo;\u00e9tat d&rsquo;urgence sanitaire \u00e9tant fix\u00e9e au\u00a010 juillet, au-del\u00e0 de cette date,\u00a0le HDH\u00a0ne \u00ab\u00a0<em>disposerait plus de base l\u00e9gale\u00a0<\/em>\u00bb. En passant, elle rappelle que la centralisation des donn\u00e9es de sant\u00e9 au sein du \u00ab <em>catalogue<\/em> \u00bb du HDH devra \u00ab\u00a0<em>\u00eatre\u00a0 soumise\u00a0 \u00e0<\/em> [son]\u00a0<em> autorisation\u00a0 pr\u00e9alable<\/em>\u00a0\u00bb.<\/p>\n<p>Concernant la s\u00e9curit\u00e9 des donn\u00e9es, la Cnil recommande \u00e9galement \u00ab <em>une vigilance particuli\u00e8re\u00a0afin de garantir l\u2019anonymat effectif des exports\u00a0<\/em>\u00bb, faisant directement r\u00e9f\u00e9rence \u00e0 <a href=\"https:\/\/www.cnil.fr\/fr\/organisation-et-fonctionnement-du-systeme-de-sante-dans-le-contexte-du-covid-19-publication-de-lavis\" target=\"_blank\" rel=\"noopener noreferrer\">son avis du 20 avril 2020<\/a>. Elle exige aussi une attention particuli\u00e8re\u00a0par rapport \u00ab\u00a0<em>aux\u00a0conditions de conservation et aux modalit\u00e9s d\u2019acc\u00e8s aux donn\u00e9es<\/em>\u00a0\u00bb en raison de leur\u00a0sensibilit\u00e9 et leur volume.\u00a0<\/p>\n<aside class=\"bg-color-0 padding-inside-all-s bloc border-s\">\n<h4 class=\"box-txt-normal\">\n<p><strong>\u00c0 d\u00e9couvrir aussi en vid\u00e9o<\/strong><\/p>\n<\/h4>\n<\/aside>\n<h3 style=\"color:#333; font-family:arial,helvetica,sans-serif; font-size:23px; font-weight:700\">Le bouclier europ\u00e9en<\/h3>\n<p>Pour les transferts de donn\u00e9es hors UE, elle rappelle ses \u00ab <em>inqui\u00e9tudes\u00a0soulev\u00e9es \u00e0 plusieurs reprises par le Comit\u00e9 europ\u00e9en de la protection des donn\u00e9es (CEPD) concernant l\u2019acc\u00e8s par les autorit\u00e9s nord-am\u00e9ricaines aux donn\u00e9es transf\u00e9r\u00e9es aux \u00c9tats-Unis<\/em>\u00a0\u00bb, faisant allusion au choix de Microsoft comme h\u00e9bergeur de la plate-forme. S\u2019appuyant sur l&rsquo;avis de\u00a0la \u00ab\u00a0Cnil des Cnil \u00bb et le\u00a0<a href=\"https:\/\/www.01net.com\/actualites\/comment-le-rgpd-va-proteger-vos-donnees-personnelles-1454674.html#content\/contribution\/edit\" target=\"_blank\" rel=\"noopener noreferrer\">RGPD<\/a>, l&rsquo;institution\u00a0insiste :<\/p>\n<blockquote>\n<p>\u00ab\u00a0<em>Les dispositions du RGPD interdisent toute demande d\u2019acc\u00e8s d&rsquo;une juridiction ou d&rsquo;une autorit\u00e9 administrative d&rsquo;un pays tiers, adress\u00e9e \u00e0 des entreprises dont les traitements sont soumis au RGPD.<\/em>\u00a0\u00bb<\/p>\n<\/blockquote>\n<p>En clair, dans l\u2019id\u00e9al, la Cnil veut un\u00a0h\u00e9bergeur europ\u00e9en pour stocker les donn\u00e9es de sant\u00e9 des Fran\u00e7ais. Mais dans le cas o\u00f9 la France choisit une entreprise am\u00e9ricaine (l&rsquo;option qui a pour l&rsquo;instant \u00e9t\u00e9 choisie) le RGPD rendrait ill\u00e9gal tout transfert extra-europ\u00e9en. \u00a0<\/p>\n<p>La position pro-europ\u00e9enne et tr\u00e8s prudente de la Cnil intervient dans un contexte de d\u00e9fiance \u00e0 l\u2019\u00e9gard du dispositif dont la mise en place a surpris par sa c\u00e9l\u00e9rit\u00e9. Selon <a href=\"https:\/\/www.mediapart.fr\/journal\/france\/090620\/le-health-data-hub-attaque-devant-le-conseil-d-etat?onglet=full\" target=\"_blank\" rel=\"noopener noreferrer\">Mediapart<\/a>, un recours au Conseil d\u2019\u00c9tat vient\u00a0d&rsquo;\u00eatre d\u00e9pos\u00e9, mardi 9 juin, par \u00ab <em>une quinzaine de personnalit\u00e9s et d\u2019organisations <\/em>\u00bb. Il est actuellement en examen. \u00a0<\/p>\n<p><strong>Source<\/strong> : <a href=\"https:\/\/cnil.hosting.augure.com\/Augure_CNIL\/default.ashx?WCI=EmailViewer&amp;id=94c063e9%2D275c%2D4448%2D8e52%2D4cb4fce42b8a\" target=\"_blank\" rel=\"noopener noreferrer\">Cnil<\/a><\/p>\n<\/p><\/div>\n<p><script>\n         !function(f,b,e,v,n,t,s){if(f.fbq)return;n=f.fbq=function()\n         {n.callMethod? n.callMethod.apply(n,arguments):n.queue.push(arguments)}\n         ;if(!f._fbq)f._fbq=n;\n             n.push=n;n.loaded=!0;n.version='2.0';n.queue=[];t=b.createElement(e);t.async=!0;\n             t.src=v;s=b.getElementsByTagName(e)[0];s.parentNode.insertBefore(t,s)}(window,\n                 document,'script','https:\/\/connect.facebook.net\/en_US\/fbevents.js');\n         fbq('init', '1065890633454496');\n         fbq('track', 'PageView');\n     <\/script><br \/>\n<br \/>[ad_2]<br \/>\n<br \/><a href=\"https:\/\/www.01net.com\/actualites\/donnees-de-sante-la-cnil-plaide-en-faveur-d-un-hebergeur-europeen-1932172.html\">Source link <\/a><\/p>\n","protected":false},"excerpt":{"rendered":"<p>[ad_1] Alors que l\u2019h\u00e9bergement du Health data hub (HDH) par Microsoft fait pol\u00e9mique, la Commission nationale de l\u2019informatique et des &hellip; <a href=\"https:\/\/www.affinite.fr\/index.php\/2020\/06\/13\/la-cnil-plaide-en-faveur-dun-hebergeur-europeen\/\" class=\"more-link\">Plus <span class=\"screen-reader-text\">la Cnil plaide en faveur d&rsquo;un h\u00e9bergeur europ\u00e9en<\/span> <span class=\"meta-nav\">&rarr;<\/span><\/a><\/p>\n","protected":false},"author":1,"featured_media":3974,"comment_status":"open","ping_status":"open","sticky":false,"template":"","format":"standard","meta":{"_sitemap_exclude":false,"_sitemap_priority":"","_sitemap_frequency":"","footnotes":""},"categories":[1],"tags":[],"class_list":["post-3973","post","type-post","status-publish","format-standard","has-post-thumbnail","hentry","category-tous"],"_links":{"self":[{"href":"https:\/\/www.affinite.fr\/index.php\/wp-json\/wp\/v2\/posts\/3973"}],"collection":[{"href":"https:\/\/www.affinite.fr\/index.php\/wp-json\/wp\/v2\/posts"}],"about":[{"href":"https:\/\/www.affinite.fr\/index.php\/wp-json\/wp\/v2\/types\/post"}],"author":[{"embeddable":true,"href":"https:\/\/www.affinite.fr\/index.php\/wp-json\/wp\/v2\/users\/1"}],"replies":[{"embeddable":true,"href":"https:\/\/www.affinite.fr\/index.php\/wp-json\/wp\/v2\/comments?post=3973"}],"version-history":[{"count":0,"href":"https:\/\/www.affinite.fr\/index.php\/wp-json\/wp\/v2\/posts\/3973\/revisions"}],"wp:featuredmedia":[{"embeddable":true,"href":"https:\/\/www.affinite.fr\/index.php\/wp-json\/wp\/v2\/media\/3974"}],"wp:attachment":[{"href":"https:\/\/www.affinite.fr\/index.php\/wp-json\/wp\/v2\/media?parent=3973"}],"wp:term":[{"taxonomy":"category","embeddable":true,"href":"https:\/\/www.affinite.fr\/index.php\/wp-json\/wp\/v2\/categories?post=3973"},{"taxonomy":"post_tag","embeddable":true,"href":"https:\/\/www.affinite.fr\/index.php\/wp-json\/wp\/v2\/tags?post=3973"}],"curies":[{"name":"wp","href":"https:\/\/api.w.org\/{rel}","templated":true}]}}