{"id":396,"date":"2020-03-08T14:44:32","date_gmt":"2020-03-08T14:44:32","guid":{"rendered":"https:\/\/www.affinite.fr\/index.php\/2020\/03\/08\/la-france-considere-que-les-chauffeurs-uber-sont-des-salaries\/"},"modified":"2020-03-08T14:44:32","modified_gmt":"2020-03-08T14:44:32","slug":"la-france-considere-que-les-chauffeurs-uber-sont-des-salaries","status":"publish","type":"post","link":"https:\/\/www.affinite.fr\/index.php\/2020\/03\/08\/la-france-considere-que-les-chauffeurs-uber-sont-des-salaries\/","title":{"rendered":"La France consid\u00e8re que les chauffeurs Uber sont des salari\u00e9s"},"content":{"rendered":"<p> [ad_1]<br \/>\n<br \/><img decoding=\"async\" src=\"https:\/\/img.bfmtv.com\/i\/0\/0\/70fc2\/c60c090ff4bc81e59bfa325b067.jpeg\" \/><\/p>\n<div itemprop=\"articleBody\">\n<p>C&rsquo;est une premi\u00e8re en France. La Cour de cassation a requalifi\u00e9 un chauffeur Uber qui se plaignait en salari\u00e9. La juridiction justifie sa d\u00e9cision par le lien de subordination existant entre le conducteur et la plate-forme.<\/p>\n<h3 style=\"color:#333;font-family:arial,helvetica,sans-serif;font-size:23px;font-weight:700;\">Des cons\u00e9quences \u00e9normes<\/h3>\n<p>Cette d\u00e9cision pourrait \u00eatre appliqu\u00e9e \u00e0 tous les chauffeurs qui le r\u00e9clament mais aussi aux collaborateurs des autres applications de mise en relation avec des chauffeurs. Autant dire que les cons\u00e9quences sont \u00e9normes.<\/p>\n<aside class=\"bg-color-0 padding-inside-all-s bloc border-s\">\n<h4 class=\"box-txt-normal\">\n<p><strong>A d\u00e9couvrir aussi en vid\u00e9o<\/strong><\/p>\n<\/h4>\n<\/aside>\n<p>Uber n&rsquo;a pas tard\u00e9 \u00e0 r\u00e9agir. <em>\u201cCette d\u00e9cision ne refl\u00e8te pas les raisons pour lesquelles les chauffeurs choisissent d&rsquo;utiliser l&rsquo;application Uber. Ils choisissent Uber en raison de l&rsquo;ind\u00e9pendance et de la flexibilit\u00e9 qu\u2019elle permet. Au cours des deux derni\u00e8res ann\u00e9es, nous avons apport\u00e9 de nombreux changements pour donner aux chauffeurs encore plus de contr\u00f4le sur la fa\u00e7on dont ils utilisent l&rsquo;application, ainsi qu&rsquo;une meilleure protection sociale. Nous continuerons \u00e0 les \u00e9couter et \u00e0 apporter de nouvelles am\u00e9liorations\u00a0\u00bb, <\/em>nous a d\u00e9clar\u00e9 un porte-parole.<\/p>\n<\/p><\/div>\n<p><script>\n         !function(f,b,e,v,n,t,s){if(f.fbq)return;n=f.fbq=function()\n         {n.callMethod? n.callMethod.apply(n,arguments):n.queue.push(arguments)}\n         ;if(!f._fbq)f._fbq=n;\n             n.push=n;n.loaded=!0;n.version='2.0';n.queue=[];t=b.createElement(e);t.async=!0;\n             t.src=v;s=b.getElementsByTagName(e)[0];s.parentNode.insertBefore(t,s)}(window,\n                 document,'script','https:\/\/connect.facebook.net\/en_US\/fbevents.js');\n         fbq('init', '1065890633454496');\n         fbq('track', 'PageView');\n     <\/script><br \/>\n<br \/>[ad_2]<br \/>\n<br \/><a href=\"https:\/\/www.01net.com\/actualites\/la-france-considere-que-les-chauffeurs-uber-sont-des-salaries-1869076.html\">Source link <\/a><\/p>\n","protected":false},"excerpt":{"rendered":"<p>[ad_1] C&rsquo;est une premi\u00e8re en France. La Cour de cassation a requalifi\u00e9 un chauffeur Uber qui se plaignait en salari\u00e9. &hellip; <a href=\"https:\/\/www.affinite.fr\/index.php\/2020\/03\/08\/la-france-considere-que-les-chauffeurs-uber-sont-des-salaries\/\" class=\"more-link\">Plus <span class=\"screen-reader-text\">La France consid\u00e8re que les chauffeurs Uber sont des salari\u00e9s<\/span> <span class=\"meta-nav\">&rarr;<\/span><\/a><\/p>\n","protected":false},"author":1,"featured_media":397,"comment_status":"open","ping_status":"open","sticky":false,"template":"","format":"standard","meta":{"_sitemap_exclude":false,"_sitemap_priority":"","_sitemap_frequency":"","footnotes":""},"categories":[1],"tags":[],"class_list":["post-396","post","type-post","status-publish","format-standard","has-post-thumbnail","hentry","category-tous"],"_links":{"self":[{"href":"https:\/\/www.affinite.fr\/index.php\/wp-json\/wp\/v2\/posts\/396"}],"collection":[{"href":"https:\/\/www.affinite.fr\/index.php\/wp-json\/wp\/v2\/posts"}],"about":[{"href":"https:\/\/www.affinite.fr\/index.php\/wp-json\/wp\/v2\/types\/post"}],"author":[{"embeddable":true,"href":"https:\/\/www.affinite.fr\/index.php\/wp-json\/wp\/v2\/users\/1"}],"replies":[{"embeddable":true,"href":"https:\/\/www.affinite.fr\/index.php\/wp-json\/wp\/v2\/comments?post=396"}],"version-history":[{"count":0,"href":"https:\/\/www.affinite.fr\/index.php\/wp-json\/wp\/v2\/posts\/396\/revisions"}],"wp:featuredmedia":[{"embeddable":true,"href":"https:\/\/www.affinite.fr\/index.php\/wp-json\/wp\/v2\/media\/397"}],"wp:attachment":[{"href":"https:\/\/www.affinite.fr\/index.php\/wp-json\/wp\/v2\/media?parent=396"}],"wp:term":[{"taxonomy":"category","embeddable":true,"href":"https:\/\/www.affinite.fr\/index.php\/wp-json\/wp\/v2\/categories?post=396"},{"taxonomy":"post_tag","embeddable":true,"href":"https:\/\/www.affinite.fr\/index.php\/wp-json\/wp\/v2\/tags?post=396"}],"curies":[{"name":"wp","href":"https:\/\/api.w.org\/{rel}","templated":true}]}}