{"id":3945,"date":"2020-06-12T13:16:03","date_gmt":"2020-06-12T13:16:03","guid":{"rendered":"https:\/\/www.affinite.fr\/index.php\/2020\/06\/12\/les-smartphones-huawei-p30-et-p30-pro-sont-en-promotion-a-la-fnac-et-chez-amazon\/"},"modified":"2020-06-12T13:16:03","modified_gmt":"2020-06-12T13:16:03","slug":"les-smartphones-huawei-p30-et-p30-pro-sont-en-promotion-a-la-fnac-et-chez-amazon","status":"publish","type":"post","link":"https:\/\/www.affinite.fr\/index.php\/2020\/06\/12\/les-smartphones-huawei-p30-et-p30-pro-sont-en-promotion-a-la-fnac-et-chez-amazon\/","title":{"rendered":"les smartphones Huawei P30 et P30 Pro sont en promotion \u00e0 la Fnac et chez Amazon"},"content":{"rendered":"<p> [ad_1]<br \/>\n<br \/><img decoding=\"async\" src=\"https:\/\/img.bfmtv.com\/i\/0\/0\/766\/070eac7bd52a70f4fc052dafba344.jpg\" \/><\/p>\n<div itemprop=\"articleBody\">\n<p>Avec la sortie des mod\u00e8les P40 et P40 Pro, les smartphones P30 et P30 Pro ont connu une baisse de prix importante. Ainsi, la Fnac les vends aux tarifs respectifs de 399 euros au lieu de 799 euros (prix lors du lancement) et de 599 euros au lieu de 999 euros (prix lors du lancement). Amazon propose pour sa part des tarifs de 390,84 euros et 599 euros.<\/p>\n<p>Notons que ces deux smartphones b\u00e9n\u00e9ficient des services Google.<\/p>\n<p>Le <a href=\"https:\/\/www.01net.com\/tests\/test-du-huawei-p30-un-smartphone-haut-de-gamme-irreprochable-qui-tient-dans-la-poche-6186.html\" target=\"_blank\" rel=\"noopener noreferrer\">smartphone P30<\/a>\u00a0embarque un processeur\u00a0SoC Kirin 980,\u00a06 Go de RAM,\u00a0128 Go de stockage, un \u00e9cran OLED 6,1 pouces et un\u00a0triple module cam\u00e9ra \u00e0 l&rsquo;arri\u00e8re.<\/p>\n<p>Le <a href=\"https:\/\/www.01net.com\/tests\/test-du-huawei-p30-pro-le-nouveau-champion-de-la-photo-est-aussi-un-smartphone-d-exception-6184.html\" target=\"_blank\" rel=\"noopener noreferrer\">smartphone P30 Pro<\/a>\u00a0embarque un processeur\u00a0SoC Kirin 980,\u00a08 Go de RAM,\u00a0128 Go de stockage, un \u00e9cran OLED 6,47 pouces et un\u00a0quadruple module cam\u00e9ra \u00e0 l&rsquo;arri\u00e8re.<\/p>\n<p><a href=\"https:\/\/amzn.to\/3e8500B\" target=\"_blank\" rel=\"noopener noreferrer\">Retrouvez ici cette offre d\u2019Amazon.<\/a><\/p>\n<p><a href=\"https:\/\/www.awin1.com\/cread.php?awinmid=12665&amp;awinaffid=304019&amp;clickref=articleconso20&amp;p=https:\/\/www.fnac.com\/SearchResult\/ResultList.aspx?SCat=0%211&amp;Search=Huawei+P30&amp;sft=1&amp;sa=0\" target=\"_blank\" rel=\"noopener noreferrer\">Retrouvez ici cette offre de la Fnac.<\/a><\/p>\n<aside class=\"bg-color-0 padding-inside-all-s bloc border-s\">\n<h4 class=\"box-txt-normal\">\n<p><strong>A d\u00e9couvrir aussi en vid\u00e9o :<\/strong><\/p>\n<\/h4>\n<\/aside>\n<p>Les promotions mentionn\u00e9es dans cet article peuvent \u00eatre \u00e9ph\u00e9m\u00e8res et ne plus \u00eatre valables apr\u00e8s la date de parution de l\u2019article.<\/p>\n<p><a href=\"https:\/\/www.01net.com\/bons-plans\/\">Retrouvez tous les bons plans high-tech s\u00e9lectionn\u00e9s par 01net.com sur notre page d\u00e9di\u00e9e.<\/a><\/p>\n<p><em>Cet article est une s\u00e9lection r\u00e9alis\u00e9e par l\u2019\u00e9quipe de 01net.com, en toute ind\u00e9pendance. Il est toutefois possible que ce contenu propose un lien d\u2019affiliation. Si vous cliquez sur ce lien, l\u2019e-commer\u00e7ant peut nous reverser une commission. Pour vous, rien ne change !<\/em><\/p>\n<\/p><\/div>\n<p><script>\n         !function(f,b,e,v,n,t,s){if(f.fbq)return;n=f.fbq=function()\n         {n.callMethod? n.callMethod.apply(n,arguments):n.queue.push(arguments)}\n         ;if(!f._fbq)f._fbq=n;\n             n.push=n;n.loaded=!0;n.version='2.0';n.queue=[];t=b.createElement(e);t.async=!0;\n             t.src=v;s=b.getElementsByTagName(e)[0];s.parentNode.insertBefore(t,s)}(window,\n                 document,'script','https:\/\/connect.facebook.net\/en_US\/fbevents.js');\n         fbq('init', '1065890633454496');\n         fbq('track', 'PageView');\n     <\/script><br \/>\n<br \/>[ad_2]<br \/>\n<br \/><a href=\"https:\/\/www.01net.com\/actualites\/bon-plan-les-smartphones-huawei-p30-et-p30-pro-sont-en-promotion-a-la-fnac-et-chez-amazon-1932071.html\">Source link <\/a><\/p>\n","protected":false},"excerpt":{"rendered":"<p>[ad_1] Avec la sortie des mod\u00e8les P40 et P40 Pro, les smartphones P30 et P30 Pro ont connu une baisse &hellip; <a href=\"https:\/\/www.affinite.fr\/index.php\/2020\/06\/12\/les-smartphones-huawei-p30-et-p30-pro-sont-en-promotion-a-la-fnac-et-chez-amazon\/\" class=\"more-link\">Plus <span class=\"screen-reader-text\">les smartphones Huawei P30 et P30 Pro sont en promotion \u00e0 la Fnac et chez Amazon<\/span> <span class=\"meta-nav\">&rarr;<\/span><\/a><\/p>\n","protected":false},"author":1,"featured_media":3946,"comment_status":"open","ping_status":"open","sticky":false,"template":"","format":"standard","meta":{"_sitemap_exclude":false,"_sitemap_priority":"","_sitemap_frequency":"","footnotes":""},"categories":[1],"tags":[],"class_list":["post-3945","post","type-post","status-publish","format-standard","has-post-thumbnail","hentry","category-tous"],"_links":{"self":[{"href":"https:\/\/www.affinite.fr\/index.php\/wp-json\/wp\/v2\/posts\/3945"}],"collection":[{"href":"https:\/\/www.affinite.fr\/index.php\/wp-json\/wp\/v2\/posts"}],"about":[{"href":"https:\/\/www.affinite.fr\/index.php\/wp-json\/wp\/v2\/types\/post"}],"author":[{"embeddable":true,"href":"https:\/\/www.affinite.fr\/index.php\/wp-json\/wp\/v2\/users\/1"}],"replies":[{"embeddable":true,"href":"https:\/\/www.affinite.fr\/index.php\/wp-json\/wp\/v2\/comments?post=3945"}],"version-history":[{"count":0,"href":"https:\/\/www.affinite.fr\/index.php\/wp-json\/wp\/v2\/posts\/3945\/revisions"}],"wp:featuredmedia":[{"embeddable":true,"href":"https:\/\/www.affinite.fr\/index.php\/wp-json\/wp\/v2\/media\/3946"}],"wp:attachment":[{"href":"https:\/\/www.affinite.fr\/index.php\/wp-json\/wp\/v2\/media?parent=3945"}],"wp:term":[{"taxonomy":"category","embeddable":true,"href":"https:\/\/www.affinite.fr\/index.php\/wp-json\/wp\/v2\/categories?post=3945"},{"taxonomy":"post_tag","embeddable":true,"href":"https:\/\/www.affinite.fr\/index.php\/wp-json\/wp\/v2\/tags?post=3945"}],"curies":[{"name":"wp","href":"https:\/\/api.w.org\/{rel}","templated":true}]}}