{"id":394,"date":"2020-03-08T12:51:54","date_gmt":"2020-03-08T12:51:54","guid":{"rendered":"https:\/\/www.affinite.fr\/index.php\/2020\/03\/08\/un-magnifique-concept-car-qui-ne-dit-rien-des-futures-voitures-electriques-de-hyundai\/"},"modified":"2020-03-08T12:51:54","modified_gmt":"2020-03-08T12:51:54","slug":"un-magnifique-concept-car-qui-ne-dit-rien-des-futures-voitures-electriques-de-hyundai","status":"publish","type":"post","link":"https:\/\/www.affinite.fr\/index.php\/2020\/03\/08\/un-magnifique-concept-car-qui-ne-dit-rien-des-futures-voitures-electriques-de-hyundai\/","title":{"rendered":"un magnifique concept car qui ne dit rien des futures voitures \u00e9lectriques de Hyundai"},"content":{"rendered":"<p> [ad_1]<br \/>\n<\/p>\n<div itemprop=\"articleBody\">\n<p>\u00c0 l\u2019inverse d\u2019un <a href=\"https:\/\/www.01net.com\/actualites\/bmw-concept-i4-ne-cherchez-plus-la-rivale-de-la-tesla-model-3-1868909.html\" target=\"_blank\" rel=\"noopener noreferrer\">Concept i4<\/a> qui r\u00e9v\u00e8le en grande partie ce que pourrait \u00eatre la future berline sportive de BMW, Prophecy, le concept de Hyundai est une \u00ab\u00a0dream car\u00a0\u00bb pur jus. Le v\u00e9hicule pr\u00e9vu pour le salon de Gen\u00e8ve a \u00e9t\u00e9 d\u00e9voil\u00e9 malgr\u00e9 <a href=\"https:\/\/www.01net.com\/actualites\/le-salon-automobile-de-geneve-annule-en-raison-du-coronavirus-1866100.html\" target=\"_blank\" rel=\"noopener noreferrer\">l\u2019annulation de l\u2019\u00e9v\u00e9nement<\/a>.<\/p>\n<figure class=\"figure text-center\"><img decoding=\"async\" class=\"article-img img-responsive-l\" src=\"https:\/\/img.bfmtv.com\/c\/0\/708\/785\/9796b84f9ff23bd3fb4aca819e81e.jpg\" alt=\"\"\/><figcaption class=\"figure-caption figcaption color-txt-0 title-xs hidden-xs\">\n                                    Hyundai<br \/>\n                                                    &#8211; Les portes antagonistes, un choix os\u00e9 qui ne sera probablement pas gard\u00e9.<br \/>\n                            <\/figcaption><\/figure>\n<p>La Prophecy est une voiture \u00e9lectrique au design ultra-fluide, en rupture avec la tendance actuelle. L\u2019absence d\u2019ar\u00eates tranche, en effet, avec les mod\u00e8les actuels du constructeur mais aussi de ses concurrents qui multiplient les angles et les courbes sur la carrosserie. Selon ses designers, la Prophecy s\u2019inspire d\u2019une pierre noire polie.<\/p>\n<figure class=\"figure text-center\"><img decoding=\"async\" class=\"article-img img-responsive-l\" src=\"https:\/\/img.bfmtv.com\/c\/0\/708\/be4\/2574877412bbe9c648f77fbdcaa3e.jpg\" alt=\"\"\/><figcaption class=\"figure-caption figcaption color-txt-0 title-xs hidden-xs\">\n                                    Hyundai<br \/>\n                                                    &#8211; L&rsquo;int\u00e9rieur du Hyundai Prophecy.<br \/>\n                            <\/figcaption><\/figure>\n<p>Pour avoir un aper\u00e7u de l\u2019int\u00e9rieur du v\u00e9hicule, il faut ouvrir ses portes antagonistes. On d\u00e9couvre alors un habitacle vert bleut\u00e9, sans volant (logique elle est compl\u00e8tement autonome), des si\u00e8ges tr\u00e8s futuristes et un \u00e9norme \u00e9cran central incurv\u00e9. Mais l\u00e0 encore, aucune indication technique.\u00a0<\/p>\n<aside class=\"bg-color-0 padding-inside-all-s bloc border-s\">\n<h4 class=\"box-txt-normal\">\n<p><strong>\u00c0 d\u00e9couvrir aussi en vid\u00e9o<\/strong><\/p>\n<\/h4>\n<\/aside>\n<p>D\u00e8s lors que faut-il retenir de cette Prophecy ? Le constructeur tr\u00e8s en pointe en mati\u00e8re d\u2019\u00e9lectrification (e-Niro, Soul, et Kona sont d\u00e9j\u00e0 \u00ab\u00a0volt\u00e9es\u00a0\u00bb)\u00a0pr\u00e9voit de d\u00e9voiler un nouveau mod\u00e8le l\u2019an prochain. Celui-ci doit \u00e9galement inaugurer une plate-forme originale pour les prochaines productions du Cor\u00e9en. Or, avec un concept aussi futuriste, Hyundai n\u2019\u00e9voque pas vraiment son futur imm\u00e9diat, \u00e0 moins qu\u2019il faille deviner dans les lignes de la Prophecy une d\u00e9claration d\u2019intention en mati\u00e8re de design.\u00a0<\/p>\n<\/p><\/div>\n<p><script>\n         !function(f,b,e,v,n,t,s){if(f.fbq)return;n=f.fbq=function()\n         {n.callMethod? n.callMethod.apply(n,arguments):n.queue.push(arguments)}\n         ;if(!f._fbq)f._fbq=n;\n             n.push=n;n.loaded=!0;n.version='2.0';n.queue=[];t=b.createElement(e);t.async=!0;\n             t.src=v;s=b.getElementsByTagName(e)[0];s.parentNode.insertBefore(t,s)}(window,\n                 document,'script','https:\/\/connect.facebook.net\/en_US\/fbevents.js');\n         fbq('init', '1065890633454496');\n         fbq('track', 'PageView');\n     <\/script><br \/>\n<br \/>[ad_2]<br \/>\n<br \/><a href=\"https:\/\/www.01net.com\/actualites\/prophecy-un-magnifique-concept-car-qui-ne-dit-rien-des-futures-voitures-electriques-de-hyundai-1868989.html\">Source link <\/a><\/p>\n","protected":false},"excerpt":{"rendered":"<p>[ad_1] \u00c0 l\u2019inverse d\u2019un Concept i4 qui r\u00e9v\u00e8le en grande partie ce que pourrait \u00eatre la future berline sportive de &hellip; <a href=\"https:\/\/www.affinite.fr\/index.php\/2020\/03\/08\/un-magnifique-concept-car-qui-ne-dit-rien-des-futures-voitures-electriques-de-hyundai\/\" class=\"more-link\">Plus <span class=\"screen-reader-text\">un magnifique concept car qui ne dit rien des futures voitures \u00e9lectriques de Hyundai<\/span> <span class=\"meta-nav\">&rarr;<\/span><\/a><\/p>\n","protected":false},"author":1,"featured_media":395,"comment_status":"open","ping_status":"open","sticky":false,"template":"","format":"standard","meta":{"_sitemap_exclude":false,"_sitemap_priority":"","_sitemap_frequency":"","footnotes":""},"categories":[1],"tags":[],"class_list":["post-394","post","type-post","status-publish","format-standard","has-post-thumbnail","hentry","category-tous"],"_links":{"self":[{"href":"https:\/\/www.affinite.fr\/index.php\/wp-json\/wp\/v2\/posts\/394"}],"collection":[{"href":"https:\/\/www.affinite.fr\/index.php\/wp-json\/wp\/v2\/posts"}],"about":[{"href":"https:\/\/www.affinite.fr\/index.php\/wp-json\/wp\/v2\/types\/post"}],"author":[{"embeddable":true,"href":"https:\/\/www.affinite.fr\/index.php\/wp-json\/wp\/v2\/users\/1"}],"replies":[{"embeddable":true,"href":"https:\/\/www.affinite.fr\/index.php\/wp-json\/wp\/v2\/comments?post=394"}],"version-history":[{"count":0,"href":"https:\/\/www.affinite.fr\/index.php\/wp-json\/wp\/v2\/posts\/394\/revisions"}],"wp:featuredmedia":[{"embeddable":true,"href":"https:\/\/www.affinite.fr\/index.php\/wp-json\/wp\/v2\/media\/395"}],"wp:attachment":[{"href":"https:\/\/www.affinite.fr\/index.php\/wp-json\/wp\/v2\/media?parent=394"}],"wp:term":[{"taxonomy":"category","embeddable":true,"href":"https:\/\/www.affinite.fr\/index.php\/wp-json\/wp\/v2\/categories?post=394"},{"taxonomy":"post_tag","embeddable":true,"href":"https:\/\/www.affinite.fr\/index.php\/wp-json\/wp\/v2\/tags?post=394"}],"curies":[{"name":"wp","href":"https:\/\/api.w.org\/{rel}","templated":true}]}}