{"id":3931,"date":"2020-06-12T05:59:21","date_gmt":"2020-06-12T05:59:21","guid":{"rendered":"https:\/\/www.affinite.fr\/index.php\/2020\/06\/12\/apple-tiendra-sa-traditionnelle-keynote-le-22-juin-a-19h\/"},"modified":"2020-06-12T05:59:21","modified_gmt":"2020-06-12T05:59:21","slug":"apple-tiendra-sa-traditionnelle-keynote-le-22-juin-a-19h","status":"publish","type":"post","link":"https:\/\/www.affinite.fr\/index.php\/2020\/06\/12\/apple-tiendra-sa-traditionnelle-keynote-le-22-juin-a-19h\/","title":{"rendered":"Apple tiendra sa traditionnelle keynote le 22 juin \u00e0 19h"},"content":{"rendered":"<p> [ad_1]<br \/>\n<\/p>\n<div itemprop=\"articleBody\">\n<p>La date de l\u2019ouverture de la <a href=\"https:\/\/www.01net.com\/actualites\/coronavirus-la-wwdc-d-apple-remplacee-par-une-conference-en-streaming-1874584.html\" target=\"_blank\" rel=\"noopener noreferrer\">WWDC 2020<\/a>, qui sera tardive et totalement virtuelle, est connue depuis <a href=\"https:\/\/www.01net.com\/actualites\/apple-wwdc-2020-la-conference-ou-sera-devoile-ios-14-debutera-le-22-juin-1908354.html\" target=\"_blank\" rel=\"noopener noreferrer\">le d\u00e9but du mois de mai<\/a>. On sait d\u00e9sormais avec certitude qu\u2019il y aura deux \u00e9v\u00e8nements d\u2019importance le premier jour, qui devraient \u00eatre accessibles \u00e0 tous.<br \/>Le premier est la traditionnelle keynote d&rsquo;ouverture, o\u00f9 Tim Cook et ses \u00e9quipes pr\u00e9senteront les nouveaut\u00e9s logicielles et, sans doute, mat\u00e9rielles. Selon le site d&rsquo;Apple, elle se tiendra \u00e0 10h, en Californie, il sera donc 19h en France.<\/p>\n<figure class=\"figure text-center\"><img decoding=\"async\" class=\"article-img img-responsive-l\" src=\"https:\/\/img.bfmtv.com\/c\/600\/334\/f18\/13dc23e1163707dfce98e462f80dd.jpg\" alt=\"\"\/><figcaption class=\"figure-caption figcaption color-txt-0 title-xs hidden-xs\"\/><\/figure>\n<p>Le second \u00e9v\u00e8nement est un peu moins grand public mais est g\u00e9n\u00e9ralement tr\u00e8s int\u00e9ressant \u00e0 suivre, puisqu\u2019il s\u2019agit du State of the Union d\u2019Apple. Une conf\u00e9rence plus technique, plus approfondie, o\u00f9 les messages essentiels de la conf\u00e9rence sont revus et d\u00e9taill\u00e9s \u00e0 destination des d\u00e9veloppeurs. Ce second rendez-vous aura lieu \u00e0 14h en Californie, donc 23h, en heure fran\u00e7aise.<\/p>\n<aside class=\"bg-color-0 padding-inside-all-s bloc border-s\">\n<h4 class=\"box-txt-normal\">\n<p><strong>A d\u00e9couvrir aussi en vid\u00e9o<\/strong><\/p>\n<\/h4>\n<\/aside>\n<p>Cette ann\u00e9e encore, de tr\u00e8s nombreuses annonces sont attendues et esp\u00e9r\u00e9es. Outre les habituelles introductions des nouvelles it\u00e9rations d\u2019iOS, d\u2019iPadOS, de watchOS, de tvOS et de macOS, Apple pourrait annoncer <a href=\"https:\/\/www.01net.com\/actualites\/wwdc-2020-apple-devrait-annoncer-la-transition-de-ses-mac-d-intel-vers-arm-le-22-juin-prochain-1930164.html\" target=\"_blank\" rel=\"noopener noreferrer\">la transition de ses Mac vers des puces ARM<\/a>, et non plus Intel. Un chantier colossal et ambitieux, qui pourrait avoir de nombreuses r\u00e9percussions, et enthousiasme d\u00e9j\u00e0 la bourse. Par ailleurs, <a href=\"https:\/\/www.01net.com\/actualites\/wwdc-2020-apple-pourrait-enfin-introduire-un-imac-redesigne-inspire-de-l-ipad-pro-1930418.html\" target=\"_blank\" rel=\"noopener noreferrer\">un nouvel iMac<\/a> pourrait \u00e9galement \u00eatre pr\u00e9sent\u00e9, enfin dot\u00e9 d\u2019un nouveau design\u00a0!<\/p>\n<\/p><\/div>\n<p><script>\n         !function(f,b,e,v,n,t,s){if(f.fbq)return;n=f.fbq=function()\n         {n.callMethod? n.callMethod.apply(n,arguments):n.queue.push(arguments)}\n         ;if(!f._fbq)f._fbq=n;\n             n.push=n;n.loaded=!0;n.version='2.0';n.queue=[];t=b.createElement(e);t.async=!0;\n             t.src=v;s=b.getElementsByTagName(e)[0];s.parentNode.insertBefore(t,s)}(window,\n                 document,'script','https:\/\/connect.facebook.net\/en_US\/fbevents.js');\n         fbq('init', '1065890633454496');\n         fbq('track', 'PageView');\n     <\/script><br \/>\n<br \/>[ad_2]<br \/>\n<br \/><a href=\"https:\/\/www.01net.com\/actualites\/wwdc-2020-apple-tiendra-sa-traditionnelle-keynote-le-22-juin-a-19h-1931869.html\">Source link <\/a><\/p>\n","protected":false},"excerpt":{"rendered":"<p>[ad_1] La date de l\u2019ouverture de la WWDC 2020, qui sera tardive et totalement virtuelle, est connue depuis le d\u00e9but &hellip; <a href=\"https:\/\/www.affinite.fr\/index.php\/2020\/06\/12\/apple-tiendra-sa-traditionnelle-keynote-le-22-juin-a-19h\/\" class=\"more-link\">Plus <span class=\"screen-reader-text\">Apple tiendra sa traditionnelle keynote le 22 juin \u00e0 19h<\/span> <span class=\"meta-nav\">&rarr;<\/span><\/a><\/p>\n","protected":false},"author":1,"featured_media":3932,"comment_status":"open","ping_status":"open","sticky":false,"template":"","format":"standard","meta":{"_sitemap_exclude":false,"_sitemap_priority":"","_sitemap_frequency":"","footnotes":""},"categories":[1],"tags":[],"class_list":["post-3931","post","type-post","status-publish","format-standard","has-post-thumbnail","hentry","category-tous"],"_links":{"self":[{"href":"https:\/\/www.affinite.fr\/index.php\/wp-json\/wp\/v2\/posts\/3931"}],"collection":[{"href":"https:\/\/www.affinite.fr\/index.php\/wp-json\/wp\/v2\/posts"}],"about":[{"href":"https:\/\/www.affinite.fr\/index.php\/wp-json\/wp\/v2\/types\/post"}],"author":[{"embeddable":true,"href":"https:\/\/www.affinite.fr\/index.php\/wp-json\/wp\/v2\/users\/1"}],"replies":[{"embeddable":true,"href":"https:\/\/www.affinite.fr\/index.php\/wp-json\/wp\/v2\/comments?post=3931"}],"version-history":[{"count":0,"href":"https:\/\/www.affinite.fr\/index.php\/wp-json\/wp\/v2\/posts\/3931\/revisions"}],"wp:featuredmedia":[{"embeddable":true,"href":"https:\/\/www.affinite.fr\/index.php\/wp-json\/wp\/v2\/media\/3932"}],"wp:attachment":[{"href":"https:\/\/www.affinite.fr\/index.php\/wp-json\/wp\/v2\/media?parent=3931"}],"wp:term":[{"taxonomy":"category","embeddable":true,"href":"https:\/\/www.affinite.fr\/index.php\/wp-json\/wp\/v2\/categories?post=3931"},{"taxonomy":"post_tag","embeddable":true,"href":"https:\/\/www.affinite.fr\/index.php\/wp-json\/wp\/v2\/tags?post=3931"}],"curies":[{"name":"wp","href":"https:\/\/api.w.org\/{rel}","templated":true}]}}