{"id":392,"date":"2020-03-08T11:49:25","date_gmt":"2020-03-08T11:49:25","guid":{"rendered":"https:\/\/www.affinite.fr\/index.php\/2020\/03\/08\/combien-vous-coutent-les-appareils-en-veille\/"},"modified":"2020-03-08T11:49:25","modified_gmt":"2020-03-08T11:49:25","slug":"combien-vous-coutent-les-appareils-en-veille","status":"publish","type":"post","link":"https:\/\/www.affinite.fr\/index.php\/2020\/03\/08\/combien-vous-coutent-les-appareils-en-veille\/","title":{"rendered":"combien vous co\u00fbtent les appareils en veille ?"},"content":{"rendered":"<p> [ad_1]<br \/>\n<\/p>\n<div itemprop=\"articleBody\">\n<p>Ils sont constamment actifs et attendent que vous\u00a0les sollicitiez. Tel est le sort\u00a0des appareils connect\u00e9s qui sont branch\u00e9s \u00e0 demeure sur les prises \u00e9lectriques de votre domicile. Mais \u00e0 combien peut s&rsquo;\u00e9lever la facture d&rsquo;\u00e9lectricit\u00e9 quand vous ne les utilisez pas et qu&rsquo;ils se contentent de rester en veille ? Nous avons voulu le d\u00e9terminer en mesurant leur\u00a0consommation \u00e9lectrique.<\/p>\n<p>Pour calculer le co\u00fbt d&rsquo;un appareil connect\u00e9, il faut d&rsquo;abord \u00e9tablir un tarif moyen de consommation \u00e9lectrique. Pour cela, nous avons utilis\u00e9 les tarifs EDF actuels, les donn\u00e9es de l&rsquo;INSEE (Institut national de la statistique et des \u00e9tudes \u00e9conomiques) et celles de l&rsquo;ADEME (Agence de l&rsquo;environnement et de la ma\u00eetrise de l&rsquo;\u00e9nergie).<\/p>\n<p>Un foyer dit \u00ab\u00a0moyen \u00bb est compos\u00e9 de 2 \u00e0 3 personnes. Sa consommation d&rsquo;\u00e9lectricit\u00e9 sp\u00e9cifique est \u00e9valu\u00e9e \u00e0 2700 kWh par an. Il s&rsquo;agit de la\u00a0consommation d&rsquo;\u00e9lectricit\u00e9 qui ne peut pas \u00eatre remplac\u00e9e par une autre \u00e9nergie, contrairement par exemple \u00e0 celle n\u00e9cessaire au chauffage ou \u00e0 la cuisson. C&rsquo;est le cas de la consommation des petits appareils \u00e9lectriques et \u00e9lectroniques. La puissance souscrite par notre foyer \u00ab moyen \u00bb est g\u00e9n\u00e9ralement de 6 kVA (sachant que cette puissance peut faire varier les co\u00fbts).<\/p>\n<p>Avec ces chiffres, nous pouvons alors utiliser le tarif de base EDF pour calculer le co\u00fbt par kWh sur la base d&rsquo;une ann\u00e9e d&rsquo;utilisation, en tenant compte \u00e0 la fois de l&rsquo;abonnement et de la consommation. Nous obtenons une valeur de 0,1999 euros par kWh. Il faut maintenant mesurer la consommation des appareils en veille. Pour cela, nous utilisons un wattm\u00e8tre. Quand cela est possible, nous utilisons aussi une fonction qui \u00e9tablit une mesure de consommation sur une heure. Sinon, nous mesurons la puissance instantan\u00e9e.<\/p>\n<p>Une fois toutes nos mesures effectu\u00e9es, nous avons \u00e9valu\u00e9 la consommation pour une ann\u00e9e en multipliant les r\u00e9sultats obtenus par 24 (le nombre d&rsquo;heures dans une journ\u00e9e), puis par 365 (le nombre de jours par\u00a0an). Enfin, nous avons\u00a0multipli\u00e9 ces nouveaux r\u00e9sultats\u00a0par le co\u00fbt\/kWh\u00a0pour obtenir\u00a0un co\u00fbt annuel. Voici ce que nous avons obtenu.<\/p>\n<h3 style=\"color:#333; font-family:arial,helvetica,sans-serif; font-size:23px; font-weight:700\">Enceintes connect\u00e9es<\/h3>\n<figure class=\"figure text-center\"><img decoding=\"async\" class=\"article-img img-responsive-l\" src=\"https:\/\/img.bfmtv.com\/c\/0\/708\/937\/8eff2586a70c1e0dbaf97b9486330.jpg\" alt=\"\"\/><figcaption class=\"figure-caption figcaption color-txt-0 title-xs hidden-xs\"\/><\/figure>\n<p><strong>Amazon Echo (3\u00e8me g\u00e9n\u00e9ration)<\/strong> : 1,9 Wh en veille avec micro allum\u00e9 et 1,8 Wh en veille avec micro \u00e9teint.<br \/>Co\u00fbt annuel en veille avec micro allum\u00e9 : 3,32 euros.<\/p>\n<p><strong>Google Home Max<\/strong> :\u00a05,05\u00a0Wh en veille avec micro allum\u00e9 et 4,85 Wh en veille avec micro \u00e9teint.<br \/>Co\u00fbt annuel en veille avec micro allum\u00e9 : 8,82 euros.<\/p>\n<p><strong>Google Nest Mini<\/strong>\u00a0:\u00a01,3\u00a0Wh en veille avec micro allum\u00e9 et 1,2\u00a0Wh en veille avec micro \u00e9teint.<br \/>Co\u00fbt annuel en veille avec micro allum\u00e9 : 2,27\u00a0euros.<\/p>\n<figure class=\"figure text-center\"><img decoding=\"async\" class=\"article-img img-responsive-l\" src=\"https:\/\/img.bfmtv.com\/c\/0\/708\/c31\/d0f3c52e44432eaa804a1eef9936c.jpg\" alt=\"\"\/><figcaption class=\"figure-caption figcaption color-txt-0 title-xs hidden-xs\"\/><\/figure>\n<p><strong>Google Nest Hub<\/strong> :\u00a01,8\u00a0Wh en veille avec micro allum\u00e9 et 1 Wh en veille avec micro \u00e9teint. (\u00e9cran \u00e9teint dans les deux cas)<br \/>Co\u00fbt annuel en veille avec micro allum\u00e9 : 3,15 euros.<\/p>\n<h3 style=\"color:#333; font-family:arial,helvetica,sans-serif; font-size:23px; font-weight:700\">Ampoule connect\u00e9e<\/h3>\n<figure class=\"figure text-center\"><img decoding=\"async\" class=\"article-img img-responsive-l\" src=\"https:\/\/img.bfmtv.com\/c\/0\/708\/7a4\/722eba9a2782f1090f0921802cf80.jpg\" alt=\"\"\/><figcaption class=\"figure-caption figcaption color-txt-0 title-xs hidden-xs\"\/><\/figure>\n<p><strong>Xiaomi smart Bulb<\/strong>\u00a0: 9,7\u00a0Wh allum\u00e9e et 0,9\u00a0Wh en veille.<br \/>Co\u00fbt annuel en veille : 1,57\u00a0euros.<\/p>\n<h3 style=\"color:#333; font-family:arial,helvetica,sans-serif; font-size:23px; font-weight:700\">Bo\u00eetier TV de streaming vid\u00e9o<\/h3>\n<figure class=\"figure text-center\"><img decoding=\"async\" class=\"article-img img-responsive-l\" src=\"https:\/\/img.bfmtv.com\/c\/0\/708\/f1d\/d062aa1cc9574539ca4aa2ff74ec4.jpg\" alt=\"\"\/><figcaption class=\"figure-caption figcaption color-txt-0 title-xs hidden-xs\"\/><\/figure>\n<p><strong>Google Chromecast<\/strong> : 1,75 Wh en streaming vid\u00e9o 1080p, 1,5 Wh en veille avec affichage de photos et 1,4 Wh en veille sans affichage.<br \/>Co\u00fbt annuel en veille (sans affichage) : 2,45\u00a0euros.<\/p>\n<h3 style=\"color:#333; font-family:arial,helvetica,sans-serif; font-size:23px; font-weight:700\">Cam\u00e9ra de surveillance<\/h3>\n<figure class=\"figure text-center\"><img decoding=\"async\" class=\"article-img img-responsive-l\" src=\"https:\/\/img.bfmtv.com\/c\/0\/708\/b37\/cf98f62db13b65ff40b96afe980aa.jpg\" alt=\"\"\/><figcaption class=\"figure-caption figcaption color-txt-0 title-xs hidden-xs\"\/><\/figure>\n<p><strong>Netatmo Welcome<\/strong> : 5,8 Wh en marche (pas de mode veille).<br \/>Co\u00fbt annuel : 10,14\u00a0euros.<\/p>\n<h3 style=\"color:#333; font-family:arial,helvetica,sans-serif; font-size:23px; font-weight:700\">Box Internet<\/h3>\n<figure class=\"figure text-center\"><img decoding=\"async\" class=\"article-img img-responsive-l\" src=\"https:\/\/img.bfmtv.com\/c\/0\/708\/65b\/bde9cf622fec6778dd7eb994eb204.jpg\" alt=\"\"\/><figcaption class=\"figure-caption figcaption color-txt-0 title-xs hidden-xs\"\/><\/figure>\n<p>La Box 8 de SFR est compos\u00e9e d&rsquo;un modem et d&rsquo;un d\u00e9codeur TV.<\/p>\n<p><strong>Modem SFR Box 8<\/strong> : 6,2 Wh en marche (pas de mode veille).<br \/>Co\u00fbt annuel du modem : 10,83 euros.<\/p>\n<p><strong>D\u00e9codeur TV SFR Box 8<\/strong> : 5,3 Wh en utilisation moyenne et 4,7 Wh en veille avec le t\u00e9l\u00e9viseur \u00e9teint (micro allum\u00e9 ou \u00e9teint).<br \/>Co\u00fbt annuel du d\u00e9codeur en veille : 8,21 euros.<\/p>\n<p>Co\u00fbt annuel des deux \u00e9l\u00e9ments : 19,04 euros.<\/p>\n<aside class=\"bg-color-0 padding-inside-all-s bloc border-s\">\n<h4 class=\"box-txt-normal\">\n<p><strong>A d\u00e9couvrir aussi en vid\u00e9o :<\/strong><\/p>\n<\/h4>\n<\/aside>\n<p>Au final, les trois\u00a0appareils qui se r\u00e9v\u00e8lent vraiment gourmands en veille sont l&rsquo;enceinte Google Home Max, la cam\u00e9ra de surveillance Netatmo Welcom et la box Internet SFR de derni\u00e8re g\u00e9n\u00e9ration. Mais il est int\u00e9ressant de comparer les consommations que nous avons mesur\u00e9es avec celles des t\u00e9l\u00e9viseurs actuels.<\/p>\n<p>Prenons comme exemple un t\u00e9l\u00e9viseur OLED 55 pouces, le <a href=\"https:\/\/www.01net.com\/tests\/test-tv-philips-55oled854-ambilight-et-ecran-oled-le-combo-gagnant-6356.html\" target=\"_blank\" rel=\"noopener noreferrer\">Philips 55OLED854<\/a> et un mod\u00e8le QLED 65 pouces, le\u00a0<a href=\"https:\/\/www.01net.com\/tests\/test-samsung-qe65q85r-jamais-un-televiseur-qled-ne-nous-avait-autant-impressionnes-6203.html\" target=\"_blank\" rel=\"noopener noreferrer\">Samsung QE65Q85R<\/a>. Pour les deux appareils, nous avons mesur\u00e9 une\u00a0consommation de 0,4 Wh en veille, soit un co\u00fbt annuel de 0,7\u00a0euros. Les appareils connect\u00e9s ont des consommations en veille sup\u00e9rieures \u00e0 celle d&rsquo;un t\u00e9l\u00e9viseur ! Ce qui prouve que les constructeurs ont encore beaucoup d&rsquo;efforts \u00e0 faire dans ce domaine.<\/p>\n<h3 style=\"color:#333; font-family:arial,helvetica,sans-serif; font-size:23px; font-weight:700\">Pas de tarif\u00a0sp\u00e9cifique chez les fournisseurs d&rsquo;\u00e9lectricit\u00e9<\/h3>\n<p>La solution la plus simple est bien entendu de d\u00e9brancher un \u00e0 un les appareils que vous n&rsquo;utilisez pas, ou de les mettre sur une multiprise avec un interrupteur pour tous les couper d&rsquo;un seul geste. Nous vous conseillons, par exemple, de le faire lors d&rsquo;\u00a0absences prolong\u00e9es (par exemple les vacances), sauf si vous avez des appareils qui n\u00e9cessitent un acc\u00e8s \u00e0 distance via la box (cam\u00e9ra de surveillance, thermostat connect\u00e9).<\/p>\n<p>Certes, vous pouvez tenter de\u00a0changer de fournisseur\u00a0d&rsquo;\u00e9lectricit\u00e9 en\u00a0utilisant un des nombreux comparateurs mis \u00e0 votre disposition, par exemple <a href=\"https:\/\/www.quechoisir.org\/comparateur-energie-n21201\/\" target=\"_blank\" rel=\"noopener noreferrer\">celui de l&rsquo;UFC-Que Choisir<\/a>. Mais il n&rsquo;existe pas de tarif sp\u00e9cifique pour diminuer la facture des objets connect\u00e9s.<\/p>\n<p>Par exemple, EDF propose un tarif Base, que nous avons utilis\u00e9, mais aussi un\u00a0tarif\u00a0Heures Creuses. Ce\u00a0dernier\u00a0vous permet de b\u00e9n\u00e9ficier d&rsquo;un prix\u00a0avantageux 8 heures par jour (g\u00e9n\u00e9ralement entre 22 h et 6 h du matin), ce qui peut \u00eatre tr\u00e8s int\u00e9ressant pour le lave-linge ou le ballon d&rsquo;eau, \u00e0 condition de les faire fonctionner dans les heures imparties, c&rsquo;est \u00e0 dire la nuit. En revanche, ce choix\u00a0n&rsquo;est pas avantageux pour un appareil connect\u00e9 qui fonctionne 24 heures sur 24 car les 8 heures creuses sont certes moins ch\u00e8res (13,37 centimes\/kWh au lieu de 15,46 centimes pour un abonnement 6 kVA), mais les 16 heures pleines deviennent plus ch\u00e8res (17,81 centimes\/kWh au lieu de 15,46 centimes).<\/p>\n<p>Ainsi, l&rsquo;enceinte Google Home Max en veille co\u00fbte 9,41 euros par an avec le tarif\u00a0Heures Creuses (2,70 euros en heures creuses et 6,71 euros en heures pleines), contre 8,82 euros avec le tarif Base.<\/p>\n<p>Bref, si vous changez de fournisseur d&rsquo;\u00e9lectricit\u00e9 ou de tarif, ce sera pour faire des \u00e9conomies sur des machines nettement plus \u00e9nergivores que vos appareils connect\u00e9s.<\/p>\n<\/p><\/div>\n<p><script>\n         !function(f,b,e,v,n,t,s){if(f.fbq)return;n=f.fbq=function()\n         {n.callMethod? n.callMethod.apply(n,arguments):n.queue.push(arguments)}\n         ;if(!f._fbq)f._fbq=n;\n             n.push=n;n.loaded=!0;n.version='2.0';n.queue=[];t=b.createElement(e);t.async=!0;\n             t.src=v;s=b.getElementsByTagName(e)[0];s.parentNode.insertBefore(t,s)}(window,\n                 document,'script','https:\/\/connect.facebook.net\/en_US\/fbevents.js');\n         fbq('init', '1065890633454496');\n         fbq('track', 'PageView');\n     <\/script><br \/>\n<br \/>[ad_2]<br \/>\n<br \/><a href=\"https:\/\/www.01net.com\/actualites\/maison-connectee-combien-vous-coutent-les-appareils-en-veille-1852152.html\">Source link <\/a><\/p>\n","protected":false},"excerpt":{"rendered":"<p>[ad_1] Ils sont constamment actifs et attendent que vous\u00a0les sollicitiez. Tel est le sort\u00a0des appareils connect\u00e9s qui sont branch\u00e9s \u00e0 &hellip; <a href=\"https:\/\/www.affinite.fr\/index.php\/2020\/03\/08\/combien-vous-coutent-les-appareils-en-veille\/\" class=\"more-link\">Plus <span class=\"screen-reader-text\">combien vous co\u00fbtent les appareils en veille ?<\/span> <span class=\"meta-nav\">&rarr;<\/span><\/a><\/p>\n","protected":false},"author":1,"featured_media":393,"comment_status":"open","ping_status":"open","sticky":false,"template":"","format":"standard","meta":{"_sitemap_exclude":false,"_sitemap_priority":"","_sitemap_frequency":"","footnotes":""},"categories":[1],"tags":[],"class_list":["post-392","post","type-post","status-publish","format-standard","has-post-thumbnail","hentry","category-tous"],"_links":{"self":[{"href":"https:\/\/www.affinite.fr\/index.php\/wp-json\/wp\/v2\/posts\/392"}],"collection":[{"href":"https:\/\/www.affinite.fr\/index.php\/wp-json\/wp\/v2\/posts"}],"about":[{"href":"https:\/\/www.affinite.fr\/index.php\/wp-json\/wp\/v2\/types\/post"}],"author":[{"embeddable":true,"href":"https:\/\/www.affinite.fr\/index.php\/wp-json\/wp\/v2\/users\/1"}],"replies":[{"embeddable":true,"href":"https:\/\/www.affinite.fr\/index.php\/wp-json\/wp\/v2\/comments?post=392"}],"version-history":[{"count":0,"href":"https:\/\/www.affinite.fr\/index.php\/wp-json\/wp\/v2\/posts\/392\/revisions"}],"wp:featuredmedia":[{"embeddable":true,"href":"https:\/\/www.affinite.fr\/index.php\/wp-json\/wp\/v2\/media\/393"}],"wp:attachment":[{"href":"https:\/\/www.affinite.fr\/index.php\/wp-json\/wp\/v2\/media?parent=392"}],"wp:term":[{"taxonomy":"category","embeddable":true,"href":"https:\/\/www.affinite.fr\/index.php\/wp-json\/wp\/v2\/categories?post=392"},{"taxonomy":"post_tag","embeddable":true,"href":"https:\/\/www.affinite.fr\/index.php\/wp-json\/wp\/v2\/tags?post=392"}],"curies":[{"name":"wp","href":"https:\/\/api.w.org\/{rel}","templated":true}]}}