{"id":3866,"date":"2020-06-10T23:08:43","date_gmt":"2020-06-10T23:08:43","guid":{"rendered":"https:\/\/www.affinite.fr\/index.php\/2020\/06\/10\/twitter-appose-son-label-anti-fake-news-sur-les-tweets-liant-5g-et-coronavirus\/"},"modified":"2020-06-10T23:08:43","modified_gmt":"2020-06-10T23:08:43","slug":"twitter-appose-son-label-anti-fake-news-sur-les-tweets-liant-5g-et-coronavirus","status":"publish","type":"post","link":"https:\/\/www.affinite.fr\/index.php\/2020\/06\/10\/twitter-appose-son-label-anti-fake-news-sur-les-tweets-liant-5g-et-coronavirus\/","title":{"rendered":"Twitter appose son label anti-fake news sur les tweets liant 5G et Coronavirus"},"content":{"rendered":"<p> [ad_1]<br \/>\n<\/p>\n<div itemprop=\"articleBody\">\n<p>Twitter passe un cap dans la chasse aux fake news sur le Coronavirus. Le r\u00e9seau social apposera d\u00e9sormais son label anti-fake news sur les messages liant la pand\u00e9mie et la 5G.<br \/>Sous les tweets concern\u00e9s, appara\u00eetra l\u2019avertissement suivant <em>\u00ab Les faits sur le Covid-19\u00a0\u00bb<\/em>. En cliquant dessus, on acc\u00e9dera au message <em>\u00ab\u00a0Non, la 5G n\u2019est pas responsable du Coronavirus\u00a0\u00bb<\/em>. Avec un fil renvoyant vers des articles de presse, des tweets et des sources officielles d\u00e9mentant cette th\u00e9orie du complot.<\/p>\n<figure class=\"figure text-center\"><img decoding=\"async\" class=\"article-img img-responsive-l\" src=\"https:\/\/img.bfmtv.com\/c\/700\/295\/5f4\/3e39108f0f39fa7d9b001e3bec205.jpeg\" alt=\"Le message de Twitter.\"\/><figcaption class=\"figure-caption figcaption color-txt-0 title-xs hidden-xs\">\n                                    Business Insider<br \/>\n                                                    &#8211; Le message de Twitter.<br \/>\n                            <\/figcaption><\/figure>\n<aside class=\"bg-color-0 padding-inside-all-s bloc border-s\">\n<h4 class=\"box-txt-normal\">\n<p><strong>A d\u00e9couvrir aussi en vid\u00e9o<\/strong><\/p>\n<\/h4>\n<\/aside>\n<h3 style=\"color:#333; font-family:arial,helvetica,sans-serif; font-size:23px; font-weight:700\">Certains tweets continuent d&rsquo;\u00eatre supprim\u00e9s<\/h3>\n<p>La plate-forme avait d\u00e9j\u00e0 entrepris de <a href=\"https:\/\/www.01net.com\/actualites\/twitter-va-supprimer-les-tweets-incitant-a-detruire-les-antennes-5g-1899206.html\" target=\"_blank\" rel=\"noopener noreferrer\">supprimer les messages appelant \u00e0 la destruction des antennes-relais <\/a>apr\u00e8s le vandalisme de certaines stations de base au Royaume-Uni durant le confinement.<\/p>\n<blockquote>\n<p><em>\u00ab Nous avons \u00e9largi nos directives sur les all\u00e9gations non v\u00e9rifi\u00e9es qui encouragent les gens \u00e0 se livrer \u00e0 des activit\u00e9s nuisibles, pouvant mener \u00e0 d\u00e9truire ou endommager des infrastructures 5G, ou entra\u00eener une panique g\u00e9n\u00e9ralis\u00e9e, des mouvements sociaux ou des troubles \u00e0 grande \u00e9chelle \u00bb<\/em>, avait d\u00e9clar\u00e9 un porte-parole de Twitter, d&rsquo;apr\u00e8s l&rsquo;AFP, le 23 avril.<\/p>\n<\/blockquote>\n<p>En France aussi, des destructions d&rsquo;antennes ont eu lieu ces derniers mois mais il est difficile de retrouver les auteurs et de conna\u00eetre leurs motivations. <a href=\"https:\/\/www.01net.com\/actualites\/qui-detruit-les-antennes-relais-en-france-1929438.html\" target=\"_blank\" rel=\"noopener noreferrer\">Certains actes de vandalisme seraient le fait de l&rsquo;ultra gauche<\/a> dans notre pays.<\/p>\n<p><strong>Source : <\/strong><a href=\"https:\/\/www.businessinsider.com\/twitter-factchecks-tweets-5g-coronavirus-2020-6?r=US&amp;IR=T\" target=\"_blank\" rel=\"noopener noreferrer\">Business Insider<\/a><\/p>\n<\/p><\/div>\n<p><script>\n         !function(f,b,e,v,n,t,s){if(f.fbq)return;n=f.fbq=function()\n         {n.callMethod? n.callMethod.apply(n,arguments):n.queue.push(arguments)}\n         ;if(!f._fbq)f._fbq=n;\n             n.push=n;n.loaded=!0;n.version='2.0';n.queue=[];t=b.createElement(e);t.async=!0;\n             t.src=v;s=b.getElementsByTagName(e)[0];s.parentNode.insertBefore(t,s)}(window,\n                 document,'script','https:\/\/connect.facebook.net\/en_US\/fbevents.js');\n         fbq('init', '1065890633454496');\n         fbq('track', 'PageView');\n     <\/script><br \/>\n<br \/>[ad_2]<br \/>\n<br \/><a href=\"https:\/\/www.01net.com\/actualites\/twitter-appose-son-label-anti-fake-news-sur-les-tweets-liant-5g-et-coronavirus-1930542.html\">Source link <\/a><\/p>\n","protected":false},"excerpt":{"rendered":"<p>[ad_1] Twitter passe un cap dans la chasse aux fake news sur le Coronavirus. Le r\u00e9seau social apposera d\u00e9sormais son &hellip; <a href=\"https:\/\/www.affinite.fr\/index.php\/2020\/06\/10\/twitter-appose-son-label-anti-fake-news-sur-les-tweets-liant-5g-et-coronavirus\/\" class=\"more-link\">Plus <span class=\"screen-reader-text\">Twitter appose son label anti-fake news sur les tweets liant 5G et Coronavirus<\/span> <span class=\"meta-nav\">&rarr;<\/span><\/a><\/p>\n","protected":false},"author":1,"featured_media":3822,"comment_status":"open","ping_status":"open","sticky":false,"template":"","format":"standard","meta":{"_sitemap_exclude":false,"_sitemap_priority":"","_sitemap_frequency":"","footnotes":""},"categories":[1],"tags":[],"class_list":["post-3866","post","type-post","status-publish","format-standard","has-post-thumbnail","hentry","category-tous"],"_links":{"self":[{"href":"https:\/\/www.affinite.fr\/index.php\/wp-json\/wp\/v2\/posts\/3866"}],"collection":[{"href":"https:\/\/www.affinite.fr\/index.php\/wp-json\/wp\/v2\/posts"}],"about":[{"href":"https:\/\/www.affinite.fr\/index.php\/wp-json\/wp\/v2\/types\/post"}],"author":[{"embeddable":true,"href":"https:\/\/www.affinite.fr\/index.php\/wp-json\/wp\/v2\/users\/1"}],"replies":[{"embeddable":true,"href":"https:\/\/www.affinite.fr\/index.php\/wp-json\/wp\/v2\/comments?post=3866"}],"version-history":[{"count":0,"href":"https:\/\/www.affinite.fr\/index.php\/wp-json\/wp\/v2\/posts\/3866\/revisions"}],"wp:featuredmedia":[{"embeddable":true,"href":"https:\/\/www.affinite.fr\/index.php\/wp-json\/wp\/v2\/media\/3822"}],"wp:attachment":[{"href":"https:\/\/www.affinite.fr\/index.php\/wp-json\/wp\/v2\/media?parent=3866"}],"wp:term":[{"taxonomy":"category","embeddable":true,"href":"https:\/\/www.affinite.fr\/index.php\/wp-json\/wp\/v2\/categories?post=3866"},{"taxonomy":"post_tag","embeddable":true,"href":"https:\/\/www.affinite.fr\/index.php\/wp-json\/wp\/v2\/tags?post=3866"}],"curies":[{"name":"wp","href":"https:\/\/api.w.org\/{rel}","templated":true}]}}