{"id":3774,"date":"2020-06-09T00:37:21","date_gmt":"2020-06-09T00:37:21","guid":{"rendered":"https:\/\/www.affinite.fr\/index.php\/2020\/06\/09\/le-vanmoof-s3-est-il-le-velo-electrique-le-plus-interessant-du-moment\/"},"modified":"2020-06-09T00:37:21","modified_gmt":"2020-06-09T00:37:21","slug":"le-vanmoof-s3-est-il-le-velo-electrique-le-plus-interessant-du-moment","status":"publish","type":"post","link":"https:\/\/www.affinite.fr\/index.php\/2020\/06\/09\/le-vanmoof-s3-est-il-le-velo-electrique-le-plus-interessant-du-moment\/","title":{"rendered":"Le VanMoof S3 est-il le v\u00e9lo \u00e9lectrique le plus int\u00e9ressant du moment ?"},"content":{"rendered":"<p> [ad_1]<br \/>\n<br \/><img decoding=\"async\" src=\"https:\/\/img.bfmtv.com\/i\/0\/0\/958\/c2e077c1ad3d890bfbca915c17a3f.JPG\" \/><\/p>\n<div itemprop=\"articleBody\">\n<p>Depuis son annonce le 21 avril dernier, le VanMoof S3 est consid\u00e9r\u00e9 comme l\u2019un des pr\u00e9tendants les plus s\u00e9rieux au titre honorifique du VAE au meilleur rapport qualit\u00e9 prix. Apr\u00e8s quelques semaines d\u2019essai au guidon de ce v\u00e9lo \u00e9lectrique \u00e0 la conduite si particuli\u00e8re nous en mesure de vous en dire plus, non seulement sur les performances du S3 (et du X3, son alter \u00e9go pour les cyclistes de plus petite taille), mais aussi sur certains choix techniques ou encore sur les am\u00e9liorations de son application.<\/p>\n<blockquote>\n<p><strong>Lire :<\/strong> <a href=\"https:\/\/www.01net.com\/tests\/on-a-teste-le-vanmoof-s3-la-nouvelle-reference-des-velos-electriques-connectes-6456.html\" target=\"_blank\" rel=\"noopener noreferrer\">notre test complet du VanMoof S3<\/a><\/p>\n<\/blockquote>\n<p>En effet, sur le papier, VanMoof coche toutes les cases en ayant retravaill\u00e9 ou modifi\u00e9 les rares aspects n\u00e9gatifs soulign\u00e9s sur le pr\u00e9d\u00e9cesseur de 2019, S2. Nouvelle transmission, passage \u00e0 des freins \u00e0 disque hydrauliques et surtout, une baisse spectaculaire de 1 300 euros de son prix. Ces changements font-ils du S3 le v\u00e9lo \u00e0 assistance \u00e9lectrique le plus int\u00e9ressant du moment ? R\u00e9ponse en vid\u00e9o.\u00a0<\/p>\n<\/p><\/div>\n<p><script>\n         !function(f,b,e,v,n,t,s){if(f.fbq)return;n=f.fbq=function()\n         {n.callMethod? n.callMethod.apply(n,arguments):n.queue.push(arguments)}\n         ;if(!f._fbq)f._fbq=n;\n             n.push=n;n.loaded=!0;n.version='2.0';n.queue=[];t=b.createElement(e);t.async=!0;\n             t.src=v;s=b.getElementsByTagName(e)[0];s.parentNode.insertBefore(t,s)}(window,\n                 document,'script','https:\/\/connect.facebook.net\/en_US\/fbevents.js');\n         fbq('init', '1065890633454496');\n         fbq('track', 'PageView');\n     <\/script><br \/>\n<br \/>[ad_2]<br \/>\n<br \/><a href=\"https:\/\/www.01net.com\/actualites\/le-vanmoof-s3-est-il-le-velo-electrique-le-plus-interessant-du-moment-1929323.html\">Source link <\/a><\/p>\n","protected":false},"excerpt":{"rendered":"<p>[ad_1] Depuis son annonce le 21 avril dernier, le VanMoof S3 est consid\u00e9r\u00e9 comme l\u2019un des pr\u00e9tendants les plus s\u00e9rieux &hellip; <a href=\"https:\/\/www.affinite.fr\/index.php\/2020\/06\/09\/le-vanmoof-s3-est-il-le-velo-electrique-le-plus-interessant-du-moment\/\" class=\"more-link\">Plus <span class=\"screen-reader-text\">Le VanMoof S3 est-il le v\u00e9lo \u00e9lectrique le plus int\u00e9ressant du moment ?<\/span> <span class=\"meta-nav\">&rarr;<\/span><\/a><\/p>\n","protected":false},"author":1,"featured_media":3775,"comment_status":"open","ping_status":"open","sticky":false,"template":"","format":"standard","meta":{"_sitemap_exclude":false,"_sitemap_priority":"","_sitemap_frequency":"","footnotes":""},"categories":[1],"tags":[],"class_list":["post-3774","post","type-post","status-publish","format-standard","has-post-thumbnail","hentry","category-tous"],"_links":{"self":[{"href":"https:\/\/www.affinite.fr\/index.php\/wp-json\/wp\/v2\/posts\/3774"}],"collection":[{"href":"https:\/\/www.affinite.fr\/index.php\/wp-json\/wp\/v2\/posts"}],"about":[{"href":"https:\/\/www.affinite.fr\/index.php\/wp-json\/wp\/v2\/types\/post"}],"author":[{"embeddable":true,"href":"https:\/\/www.affinite.fr\/index.php\/wp-json\/wp\/v2\/users\/1"}],"replies":[{"embeddable":true,"href":"https:\/\/www.affinite.fr\/index.php\/wp-json\/wp\/v2\/comments?post=3774"}],"version-history":[{"count":0,"href":"https:\/\/www.affinite.fr\/index.php\/wp-json\/wp\/v2\/posts\/3774\/revisions"}],"wp:featuredmedia":[{"embeddable":true,"href":"https:\/\/www.affinite.fr\/index.php\/wp-json\/wp\/v2\/media\/3775"}],"wp:attachment":[{"href":"https:\/\/www.affinite.fr\/index.php\/wp-json\/wp\/v2\/media?parent=3774"}],"wp:term":[{"taxonomy":"category","embeddable":true,"href":"https:\/\/www.affinite.fr\/index.php\/wp-json\/wp\/v2\/categories?post=3774"},{"taxonomy":"post_tag","embeddable":true,"href":"https:\/\/www.affinite.fr\/index.php\/wp-json\/wp\/v2\/tags?post=3774"}],"curies":[{"name":"wp","href":"https:\/\/api.w.org\/{rel}","templated":true}]}}