{"id":3697,"date":"2020-06-06T02:26:53","date_gmt":"2020-06-06T02:26:53","guid":{"rendered":"https:\/\/www.affinite.fr\/index.php\/2020\/06\/06\/facebook-va-signaler-quand-un-media-est-controle-par-un-etat\/"},"modified":"2020-06-06T02:26:53","modified_gmt":"2020-06-06T02:26:53","slug":"facebook-va-signaler-quand-un-media-est-controle-par-un-etat","status":"publish","type":"post","link":"https:\/\/www.affinite.fr\/index.php\/2020\/06\/06\/facebook-va-signaler-quand-un-media-est-controle-par-un-etat\/","title":{"rendered":"Facebook va signaler quand un m\u00e9dia est contr\u00f4l\u00e9 par un \u00e9tat"},"content":{"rendered":"<p> [ad_1]<br \/>\n<\/p>\n<div itemprop=\"articleBody\">\n<p>Quand on consulte les m\u00e9dias, il est utile de savoir qui tire les ficelles. Pour gagner en transparence de ce point de vue, Facebook va d\u00e9sormais signaler sur les pages des m\u00e9dias s\u2019ils sont sous le contr\u00f4le d\u2019un \u00e9tat, et cela de fa\u00e7on globale sur son r\u00e9seau social.<\/p>\n<p>Cette information appara\u00eetra sous la forme d\u2019un label situ\u00e9 juste en dessous du nom du m\u00e9dia. D\u00e8s la semaine prochaine, elle sera \u00e9galement visible pour les utilisateurs am\u00e9ricains au niveau des messages post\u00e9s dans le flux d\u2019actualit\u00e9s (News Feed). D\u2019ici \u00e0 la fin de l\u2019\u00e9t\u00e9, ce label sera par ailleurs appos\u00e9 sur les publicit\u00e9s que ces m\u00e9dias diffuseront sur la plate-forme.<\/p>\n<figure class=\"figure text-center\"><img decoding=\"async\" class=\"article-img img-responsive-l\" src=\"https:\/\/img.bfmtv.com\/c\/0\/708\/372\/439f184f981d10f9e6a189634bf54.jpg\" alt=\"\"\/><figcaption class=\"figure-caption figcaption color-txt-0 title-xs hidden-xs\"\/><\/figure>\n<p>Pour identifier les m\u00e9dias contr\u00f4l\u00e9s par un \u00e9tat, Facebook s\u2019appuie sur un groupe de plus de 65\u00a0experts. Ils utilisent un ensemble de crit\u00e8res pour \u00e9valuer l\u2019influence gouvernementale et l\u2019ind\u00e9pendance journalistique. Les sources de financement en font \u00e9videmment partie, mais pas seulement. <\/p>\n<aside class=\"bg-color-0 padding-inside-all-s bloc border-s\">\n<h4 class=\"box-txt-normal\">\n<p><b>A d\u00e9couvrir aussi en vid\u00e9o<\/b><\/p>\n<\/h4>\n<\/aside>\n<p>Ils analysent \u00e9galement les lois sur la presse dans les pays, les chartes \u00e9ditoriales, le positionnement \u00e9ditorial, la composition des \u00e9quipes dirigeantes ou la gouvernance de ces structures m\u00e9diatiques. Les m\u00e9dias ainsi identifi\u00e9s pourront contester cette labellisation, \u00e0 condition d\u2019apporter des \u00e9l\u00e9ments probants.<\/p>\n<p><strong>Source<\/strong>: <a href=\"https:\/\/about.fb.com\/news\/2020\/06\/labeling-state-controlled-media\/\" target=\"_blank\" rel=\"noopener noreferrer\">Facebook<\/a><\/p><\/div>\n<p><script>\n         !function(f,b,e,v,n,t,s){if(f.fbq)return;n=f.fbq=function()\n         {n.callMethod? n.callMethod.apply(n,arguments):n.queue.push(arguments)}\n         ;if(!f._fbq)f._fbq=n;\n             n.push=n;n.loaded=!0;n.version='2.0';n.queue=[];t=b.createElement(e);t.async=!0;\n             t.src=v;s=b.getElementsByTagName(e)[0];s.parentNode.insertBefore(t,s)}(window,\n                 document,'script','https:\/\/connect.facebook.net\/en_US\/fbevents.js');\n         fbq('init', '1065890633454496');\n         fbq('track', 'PageView');\n     <\/script><br \/>\n<br \/>[ad_2]<br \/>\n<br \/><a href=\"https:\/\/www.01net.com\/actualites\/facebook-va-signaler-quand-un-media-est-controle-par-un-etat-1927512.html\">Source link <\/a><\/p>\n","protected":false},"excerpt":{"rendered":"<p>[ad_1] Quand on consulte les m\u00e9dias, il est utile de savoir qui tire les ficelles. Pour gagner en transparence de &hellip; <a href=\"https:\/\/www.affinite.fr\/index.php\/2020\/06\/06\/facebook-va-signaler-quand-un-media-est-controle-par-un-etat\/\" class=\"more-link\">Plus <span class=\"screen-reader-text\">Facebook va signaler quand un m\u00e9dia est contr\u00f4l\u00e9 par un \u00e9tat<\/span> <span class=\"meta-nav\">&rarr;<\/span><\/a><\/p>\n","protected":false},"author":1,"featured_media":3698,"comment_status":"open","ping_status":"open","sticky":false,"template":"","format":"standard","meta":{"_sitemap_exclude":false,"_sitemap_priority":"","_sitemap_frequency":"","footnotes":""},"categories":[1],"tags":[],"class_list":["post-3697","post","type-post","status-publish","format-standard","has-post-thumbnail","hentry","category-tous"],"_links":{"self":[{"href":"https:\/\/www.affinite.fr\/index.php\/wp-json\/wp\/v2\/posts\/3697"}],"collection":[{"href":"https:\/\/www.affinite.fr\/index.php\/wp-json\/wp\/v2\/posts"}],"about":[{"href":"https:\/\/www.affinite.fr\/index.php\/wp-json\/wp\/v2\/types\/post"}],"author":[{"embeddable":true,"href":"https:\/\/www.affinite.fr\/index.php\/wp-json\/wp\/v2\/users\/1"}],"replies":[{"embeddable":true,"href":"https:\/\/www.affinite.fr\/index.php\/wp-json\/wp\/v2\/comments?post=3697"}],"version-history":[{"count":0,"href":"https:\/\/www.affinite.fr\/index.php\/wp-json\/wp\/v2\/posts\/3697\/revisions"}],"wp:featuredmedia":[{"embeddable":true,"href":"https:\/\/www.affinite.fr\/index.php\/wp-json\/wp\/v2\/media\/3698"}],"wp:attachment":[{"href":"https:\/\/www.affinite.fr\/index.php\/wp-json\/wp\/v2\/media?parent=3697"}],"wp:term":[{"taxonomy":"category","embeddable":true,"href":"https:\/\/www.affinite.fr\/index.php\/wp-json\/wp\/v2\/categories?post=3697"},{"taxonomy":"post_tag","embeddable":true,"href":"https:\/\/www.affinite.fr\/index.php\/wp-json\/wp\/v2\/tags?post=3697"}],"curies":[{"name":"wp","href":"https:\/\/api.w.org\/{rel}","templated":true}]}}