{"id":3622,"date":"2020-06-04T13:06:39","date_gmt":"2020-06-04T13:06:39","guid":{"rendered":"https:\/\/www.affinite.fr\/index.php\/2020\/06\/04\/la-beta-dios-13-5-5-montre-quapple-travaille-sur-un-abonnement-unique-pour-tous-ses-services\/"},"modified":"2020-06-04T13:06:39","modified_gmt":"2020-06-04T13:06:39","slug":"la-beta-dios-13-5-5-montre-quapple-travaille-sur-un-abonnement-unique-pour-tous-ses-services","status":"publish","type":"post","link":"https:\/\/www.affinite.fr\/index.php\/2020\/06\/04\/la-beta-dios-13-5-5-montre-quapple-travaille-sur-un-abonnement-unique-pour-tous-ses-services\/","title":{"rendered":"La b\u00eata d&rsquo;iOS 13.5.5 montre qu&rsquo;Apple travaille sur un abonnement unique pour tous ses services\u00a0"},"content":{"rendered":"<p> [ad_1]<br \/>\n<br \/><img decoding=\"async\" src=\"https:\/\/img.bfmtv.com\/i\/0\/0\/1c7\/86e4f498a834c26ef08e8dab3d05e.png\" \/><\/p>\n<div itemprop=\"articleBody\">\n<p class=\"MsoNormal\">La rumeur court d\u00e9j\u00e0 depuis plusieurs mois. <a href=\"https:\/\/www.01net.com\/actualites\/apple-commercialiserait-un-abonnement-unique-a-tous-ses-services-en-2020-1806466.html\" target=\"_blank\" rel=\"noopener noreferrer\">Apple pr\u00e9parerait un abonnement unique donnant acc\u00e8s \u00e0 tous ses services en 2020<\/a>.<\/p>\n<p class=\"MsoNormal\">L\u2019arriv\u00e9e de cette nouvelle offre, qui pourrait regrouper Apple TV+, Apple Music, Apple Arcade, Apple News+, et peut-\u00eatre m\u00eame de l\u2019espace de stockage sur iCloud semble se confirmer. 9to5Mac rapporte en effet avoir trouv\u00e9 plusieurs indices allant en ce sens, dans la version b\u00eata d\u2019iOS 13.5.5 et qui n\u2019\u00e9taient pas pr\u00e9sents dans les pr\u00e9c\u00e9dentes versions.<\/p>\n<aside class=\"bg-color-0 padding-inside-all-s bloc border-s\">\n<h4 class=\"box-txt-normal\">\n<p><strong>A d\u00e9couvrir aussi en vid\u00e9o<\/strong><\/p>\n<\/h4>\n<\/aside>\n<p class=\"MsoNormal\">Plusieurs fichiers d\u2019iOS li\u00e9s \u00e0 la gestion des services d\u2019abonnement d\u2019Apple mentionnent un \u00ab\u00a0bundle offer\u00a0\u00bb ainsi qu\u2019un \u00ab\u00a0bundle subscription\u00a0\u00bb (litt\u00e9ralement \u00ab\u00a0Offre group\u00e9e\u00a0\u00bb et \u00ab\u00a0Abonnement group\u00e9\u00a0\u00bb).<\/p>\n<p class=\"MsoNormal\">Bien que ces indices soient d\u00e9j\u00e0 pr\u00e9sents dans iOS 13.5.5, rien n\u2019indique quand cette suppos\u00e9e offre sera propos\u00e9e aux utilisateurs.<\/p>\n<p class=\"MsoNormal\">Source\u00a0: <a href=\"https:\/\/9to5mac.com\/2020\/06\/03\/apple-bundle-services-code\/\" target=\"_blank\" rel=\"noopener noreferrer\">9to5Mac <\/a><\/p>\n<\/p><\/div>\n<p><script>\n         !function(f,b,e,v,n,t,s){if(f.fbq)return;n=f.fbq=function()\n         {n.callMethod? n.callMethod.apply(n,arguments):n.queue.push(arguments)}\n         ;if(!f._fbq)f._fbq=n;\n             n.push=n;n.loaded=!0;n.version='2.0';n.queue=[];t=b.createElement(e);t.async=!0;\n             t.src=v;s=b.getElementsByTagName(e)[0];s.parentNode.insertBefore(t,s)}(window,\n                 document,'script','https:\/\/connect.facebook.net\/en_US\/fbevents.js');\n         fbq('init', '1065890633454496');\n         fbq('track', 'PageView');\n     <\/script><br \/>\n<br \/>[ad_2]<br \/>\n<br \/><a href=\"https:\/\/www.01net.com\/actualites\/la-beta-d-ios-13-5-5-montre-qu-apple-travaille-sur-un-abonnement-unique-pour-tous-ses-services-1926823.html\">Source link <\/a><\/p>\n","protected":false},"excerpt":{"rendered":"<p>[ad_1] La rumeur court d\u00e9j\u00e0 depuis plusieurs mois. Apple pr\u00e9parerait un abonnement unique donnant acc\u00e8s \u00e0 tous ses services en &hellip; <a href=\"https:\/\/www.affinite.fr\/index.php\/2020\/06\/04\/la-beta-dios-13-5-5-montre-quapple-travaille-sur-un-abonnement-unique-pour-tous-ses-services\/\" class=\"more-link\">Plus <span class=\"screen-reader-text\">La b\u00eata d&rsquo;iOS 13.5.5 montre qu&rsquo;Apple travaille sur un abonnement unique pour tous ses services\u00a0<\/span> <span class=\"meta-nav\">&rarr;<\/span><\/a><\/p>\n","protected":false},"author":1,"featured_media":3623,"comment_status":"open","ping_status":"open","sticky":false,"template":"","format":"standard","meta":{"_sitemap_exclude":false,"_sitemap_priority":"","_sitemap_frequency":"","footnotes":""},"categories":[1],"tags":[],"class_list":["post-3622","post","type-post","status-publish","format-standard","has-post-thumbnail","hentry","category-tous"],"_links":{"self":[{"href":"https:\/\/www.affinite.fr\/index.php\/wp-json\/wp\/v2\/posts\/3622"}],"collection":[{"href":"https:\/\/www.affinite.fr\/index.php\/wp-json\/wp\/v2\/posts"}],"about":[{"href":"https:\/\/www.affinite.fr\/index.php\/wp-json\/wp\/v2\/types\/post"}],"author":[{"embeddable":true,"href":"https:\/\/www.affinite.fr\/index.php\/wp-json\/wp\/v2\/users\/1"}],"replies":[{"embeddable":true,"href":"https:\/\/www.affinite.fr\/index.php\/wp-json\/wp\/v2\/comments?post=3622"}],"version-history":[{"count":0,"href":"https:\/\/www.affinite.fr\/index.php\/wp-json\/wp\/v2\/posts\/3622\/revisions"}],"wp:featuredmedia":[{"embeddable":true,"href":"https:\/\/www.affinite.fr\/index.php\/wp-json\/wp\/v2\/media\/3623"}],"wp:attachment":[{"href":"https:\/\/www.affinite.fr\/index.php\/wp-json\/wp\/v2\/media?parent=3622"}],"wp:term":[{"taxonomy":"category","embeddable":true,"href":"https:\/\/www.affinite.fr\/index.php\/wp-json\/wp\/v2\/categories?post=3622"},{"taxonomy":"post_tag","embeddable":true,"href":"https:\/\/www.affinite.fr\/index.php\/wp-json\/wp\/v2\/tags?post=3622"}],"curies":[{"name":"wp","href":"https:\/\/api.w.org\/{rel}","templated":true}]}}