{"id":3612,"date":"2020-06-04T08:50:34","date_gmt":"2020-06-04T08:50:34","guid":{"rendered":"https:\/\/www.affinite.fr\/index.php\/2020\/06\/04\/snapchat-ne-mettra-plus-en-avant-le-compte-de-donald-trump\/"},"modified":"2020-06-04T08:50:34","modified_gmt":"2020-06-04T08:50:34","slug":"snapchat-ne-mettra-plus-en-avant-le-compte-de-donald-trump","status":"publish","type":"post","link":"https:\/\/www.affinite.fr\/index.php\/2020\/06\/04\/snapchat-ne-mettra-plus-en-avant-le-compte-de-donald-trump\/","title":{"rendered":"Snapchat ne mettra plus en avant le compte de Donald Trump"},"content":{"rendered":"<p> [ad_1]<br \/>\n<br \/><img decoding=\"async\" src=\"https:\/\/img.bfmtv.com\/i\/0\/0\/018d\/311ad1fdb913c416f44eb76ae112.jpeg\" \/><\/p>\n<div itemprop=\"articleBody\">\n<p>Snapchat s&rsquo;invite dans\u00a0<a href=\"https:\/\/www.01net.com\/actualites\/donald-trump-va-signer-un-decret-visant-a-reguler-les-reseaux-sociaux-1921917.html\" target=\"_blank\" rel=\"noopener noreferrer\">la guerre qui oppose\u00a0les r\u00e9seaux sociaux <\/a>\u00e0 Donald Trump. Dans une lettre envoy\u00e9e aux m\u00e9dias am\u00e9ricains, l&rsquo;entreprise annonce avoir d\u00e9cid\u00e9 de ne plus promouvoir le compte du pr\u00e9sident am\u00e9ricain dans sa section Discover. Tr\u00e8s populaire, cet onglet m\u00e9lange le contenu publi\u00e9 par les c\u00e9l\u00e9brit\u00e9s et les\u00a0marques avec du contenu en provenance des m\u00e9dias. Pour consulter les publications du pr\u00e9sident am\u00e9ricain, il faut d\u00e9sormais le suivre. Donald Trump ne sera plus promu automatiquement.\u00a0<\/p>\n<blockquote>\n<p><strong>\u00c0 lire aussi :\u00a0<\/strong><a href=\"https:\/\/www.01net.com\/actualites\/tweet-glorifiant-la-violence-twitter-signale-un-nouveau-message-de-donald-trump-1923118.html\" target=\"_blank\" rel=\"noopener noreferrer\">Tweet \u00ab\u00a0glorifiant la violence\u00a0\u00bb\u00a0: Twitter signale un nouveau message de Donald Trump<\/a><\/p>\n<\/blockquote>\n<h3 style=\"color:#333; font-family:arial,helvetica,sans-serif; font-size:23px; font-weight:700\">Incitations \u00e0 la violence\u00a0<\/h3>\n<p>Le plus \u00e9tonnant dans cette annonce est que les faits reproch\u00e9s \u00e0 Donald Trump par Snapchat ont \u00e9t\u00e9 commis sur\u2026 Twitter. En effet, ce sont les tweets du pr\u00e9sident appelant \u00e0 la violence contre les\u00a0manifestants qui ont \u00e9nerv\u00e9 le PDG de l&rsquo;entreprise, Evan Spiegel.\u00a0<em>\u00ab Nous n&rsquo;amplifierons pas les voix des personnes qui incitent \u00e0 la violence raciale ou \u00e0 l&rsquo;injustice en leur offrant une mise en avant gratuite dans Discover\u00a0\u00bb<\/em> explique un porte-parole de l&rsquo;entreprise. Pr\u00e9cisons que si Donald Trump n&rsquo;a pas publi\u00e9 ce contenu directement sur Snapchat, il arrive \u00e0 ses \u00e9quipes de publier des captures d&rsquo;\u00e9cran de ses tweets sur Instagram ou Snapchat. Les fameux messages controvers\u00e9s peuvent donc appara\u00eetre sur la plate-forme.\u00a0<\/p>\n<aside class=\"bg-color-0 padding-inside-all-s bloc border-s\">\n<h4 class=\"box-txt-normal\">\n<p><strong>\u00c0 d\u00e9couvrir aussi en vid\u00e9o :<\/strong><\/p>\n<\/h4>\n<\/aside>\n<p>                Dans un communiqu\u00e9, l&rsquo;\u00e9quipe de campagne de Donald Trump s&rsquo;offusque de la d\u00e9cision du r\u00e9seau social.\u00a0<em>\u00abSnapchat essaye de truquer l\u2019\u00e9lection de 2020\u00bb <\/em>d\u00e9clare Brad Parscale, le directeur de campagne de Trump. Il reproche au\u00a0<em>\u00abPDG radical Evan Spiegel\u00bb<\/em> d&rsquo;utiliser son argent pour <em>\u00abpromouvoir Joe Biden\u00bb,<\/em> l&rsquo;adversaire d\u00e9mocrate de Donald Trump et ex vice-pr\u00e9sident de Barack Obama. Enfin, les \u00e9quipes de Donald Trump r\u00e9futent l&rsquo;argument de la violence. Pour elles,\u00a0<em>\u00ab Snapchat hait le fait que tant d\u2019utilisateurs regardent le contenu du pr\u00e9sident \u00bb.\u00a0<\/em><\/p><\/div>\n<p><script>\n         !function(f,b,e,v,n,t,s){if(f.fbq)return;n=f.fbq=function()\n         {n.callMethod? n.callMethod.apply(n,arguments):n.queue.push(arguments)}\n         ;if(!f._fbq)f._fbq=n;\n             n.push=n;n.loaded=!0;n.version='2.0';n.queue=[];t=b.createElement(e);t.async=!0;\n             t.src=v;s=b.getElementsByTagName(e)[0];s.parentNode.insertBefore(t,s)}(window,\n                 document,'script','https:\/\/connect.facebook.net\/en_US\/fbevents.js');\n         fbq('init', '1065890633454496');\n         fbq('track', 'PageView');\n     <\/script><br \/>\n<br \/>[ad_2]<br \/>\n<br \/><a href=\"https:\/\/www.01net.com\/actualites\/snapchat-ne-mettra-plus-en-avant-le-compte-de-donald-trump-1926778.html\">Source link <\/a><\/p>\n","protected":false},"excerpt":{"rendered":"<p>[ad_1] Snapchat s&rsquo;invite dans\u00a0la guerre qui oppose\u00a0les r\u00e9seaux sociaux \u00e0 Donald Trump. Dans une lettre envoy\u00e9e aux m\u00e9dias am\u00e9ricains, l&rsquo;entreprise &hellip; <a href=\"https:\/\/www.affinite.fr\/index.php\/2020\/06\/04\/snapchat-ne-mettra-plus-en-avant-le-compte-de-donald-trump\/\" class=\"more-link\">Plus <span class=\"screen-reader-text\">Snapchat ne mettra plus en avant le compte de Donald Trump<\/span> <span class=\"meta-nav\">&rarr;<\/span><\/a><\/p>\n","protected":false},"author":1,"featured_media":3613,"comment_status":"open","ping_status":"open","sticky":false,"template":"","format":"standard","meta":{"_sitemap_exclude":false,"_sitemap_priority":"","_sitemap_frequency":"","footnotes":""},"categories":[1],"tags":[],"class_list":["post-3612","post","type-post","status-publish","format-standard","has-post-thumbnail","hentry","category-tous"],"_links":{"self":[{"href":"https:\/\/www.affinite.fr\/index.php\/wp-json\/wp\/v2\/posts\/3612"}],"collection":[{"href":"https:\/\/www.affinite.fr\/index.php\/wp-json\/wp\/v2\/posts"}],"about":[{"href":"https:\/\/www.affinite.fr\/index.php\/wp-json\/wp\/v2\/types\/post"}],"author":[{"embeddable":true,"href":"https:\/\/www.affinite.fr\/index.php\/wp-json\/wp\/v2\/users\/1"}],"replies":[{"embeddable":true,"href":"https:\/\/www.affinite.fr\/index.php\/wp-json\/wp\/v2\/comments?post=3612"}],"version-history":[{"count":0,"href":"https:\/\/www.affinite.fr\/index.php\/wp-json\/wp\/v2\/posts\/3612\/revisions"}],"wp:featuredmedia":[{"embeddable":true,"href":"https:\/\/www.affinite.fr\/index.php\/wp-json\/wp\/v2\/media\/3613"}],"wp:attachment":[{"href":"https:\/\/www.affinite.fr\/index.php\/wp-json\/wp\/v2\/media?parent=3612"}],"wp:term":[{"taxonomy":"category","embeddable":true,"href":"https:\/\/www.affinite.fr\/index.php\/wp-json\/wp\/v2\/categories?post=3612"},{"taxonomy":"post_tag","embeddable":true,"href":"https:\/\/www.affinite.fr\/index.php\/wp-json\/wp\/v2\/tags?post=3612"}],"curies":[{"name":"wp","href":"https:\/\/api.w.org\/{rel}","templated":true}]}}