{"id":3557,"date":"2020-06-03T06:54:54","date_gmt":"2020-06-03T06:54:54","guid":{"rendered":"https:\/\/www.affinite.fr\/index.php\/2020\/06\/03\/les-anonymous-reviennent-ils-a-la-vie-en-reaction-a-la-mort-de-george-floyd\/"},"modified":"2020-06-03T06:54:54","modified_gmt":"2020-06-03T06:54:54","slug":"les-anonymous-reviennent-ils-a-la-vie-en-reaction-a-la-mort-de-george-floyd","status":"publish","type":"post","link":"https:\/\/www.affinite.fr\/index.php\/2020\/06\/03\/les-anonymous-reviennent-ils-a-la-vie-en-reaction-a-la-mort-de-george-floyd\/","title":{"rendered":"Les Anonymous reviennent-ils \u00e0 la vie en r\u00e9action \u00e0 la mort de George Floyd ?"},"content":{"rendered":"<p> [ad_1]<br \/>\n<br \/><img decoding=\"async\" src=\"https:\/\/img.bfmtv.com\/i\/0\/0\/641\/d4a52a66ee33ac36d7f6b0d3adea5.jpg\" \/><\/p>\n<div itemprop=\"articleBody\">\n<p>Les Anonymous font de nouveau parler d&rsquo;eux aux Etats-Unis. Redout\u00e9 dans les ann\u00e9es 2010, ce collectif de hackers s\u2019\u00e9tait mis quelque peu en retrait apr\u00e8s l\u2019arrestation de certains de ses membres. Le mouvement de protestation populaire qui a suivi le d\u00e9c\u00e8s de George Floyd, maltrait\u00e9 et tu\u00e9 par des policiers, est peut-\u00eatre l\u2019occasion pour les hacktivistes de revenir sur le devant de la sc\u00e8ne.<\/p>\n<h3 style=\"color:#333; font-family:arial,helvetica,sans-serif; font-size:23px; font-weight:700\">Le site de la police de Minneapolis cibl\u00e9<\/h3>\n<p>Il semblerait que l\u2019on puisse attribuer au mouvement plusieurs \u00ab\u00a0cyber-attaques\u00a0\u00bb. \u00a0Dont une par d\u00e9ni de service ayant affect\u00e9 le site Web de la police de Minneapolis.<br \/>Le d\u00e9tournement est \u00e9galement \u00e0 l\u2019\u0153uvre\u00a0: un site des Nations Unies s\u2019est ainsi retrouv\u00e9 avec une photo de George Floyd en Une et un hommage au disparu, accompagn\u00e9 du logo des Anonymous. Des activistes font enfin circuler des documents mettant en cause Donald Trump dans de vieilles affaires.<\/p>\n<aside class=\"bg-color-0 padding-inside-all-s bloc border-s\">\n<h4 class=\"box-txt-normal\">\n<p><strong>A d\u00e9couvrir aussi en vid\u00e9o<\/strong><\/p>\n<\/h4>\n<\/aside>\n<p>Lanc\u00e9 en 2006 sur 4chan, le mouvement Anonymous est informel et sans hi\u00e9rarchie. Ses membres ont r\u00e9alis\u00e9 leur premier coup d\u2019\u00e9clat en 2008 en lan\u00e7ant des attaques contre les int\u00e9r\u00eats de la Scientologie.<br \/>Une manifestation les avaient m\u00eame r\u00e9unis dans la rue et conduit \u00e0 prendre le masque de Guy Hawkes comme embl\u00e8me. Ils ont \u00e9galement soutenu le printemps arabe et le mouvement Occupy Wall Street.<\/p>\n<p><strong>Source :<\/strong> <a href=\"https:\/\/www.bbc.com\/news\/technology-52879000\" target=\"_blank\" rel=\"noopener noreferrer\">BBC<\/a><\/p><\/div>\n<p><script>\n         !function(f,b,e,v,n,t,s){if(f.fbq)return;n=f.fbq=function()\n         {n.callMethod? n.callMethod.apply(n,arguments):n.queue.push(arguments)}\n         ;if(!f._fbq)f._fbq=n;\n             n.push=n;n.loaded=!0;n.version='2.0';n.queue=[];t=b.createElement(e);t.async=!0;\n             t.src=v;s=b.getElementsByTagName(e)[0];s.parentNode.insertBefore(t,s)}(window,\n                 document,'script','https:\/\/connect.facebook.net\/en_US\/fbevents.js');\n         fbq('init', '1065890633454496');\n         fbq('track', 'PageView');\n     <\/script><br \/>\n<br \/>[ad_2]<br \/>\n<br \/><a href=\"https:\/\/www.01net.com\/actualites\/les-anonymous-reviennent-ils-a-la-vie-en-reaction-a-la-mort-de-george-floyd-1925655.html\">Source link <\/a><\/p>\n","protected":false},"excerpt":{"rendered":"<p>[ad_1] Les Anonymous font de nouveau parler d&rsquo;eux aux Etats-Unis. Redout\u00e9 dans les ann\u00e9es 2010, ce collectif de hackers s\u2019\u00e9tait &hellip; <a href=\"https:\/\/www.affinite.fr\/index.php\/2020\/06\/03\/les-anonymous-reviennent-ils-a-la-vie-en-reaction-a-la-mort-de-george-floyd\/\" class=\"more-link\">Plus <span class=\"screen-reader-text\">Les Anonymous reviennent-ils \u00e0 la vie en r\u00e9action \u00e0 la mort de George Floyd ?<\/span> <span class=\"meta-nav\">&rarr;<\/span><\/a><\/p>\n","protected":false},"author":1,"featured_media":3558,"comment_status":"open","ping_status":"open","sticky":false,"template":"","format":"standard","meta":{"_sitemap_exclude":false,"_sitemap_priority":"","_sitemap_frequency":"","footnotes":""},"categories":[1],"tags":[],"class_list":["post-3557","post","type-post","status-publish","format-standard","has-post-thumbnail","hentry","category-tous"],"_links":{"self":[{"href":"https:\/\/www.affinite.fr\/index.php\/wp-json\/wp\/v2\/posts\/3557"}],"collection":[{"href":"https:\/\/www.affinite.fr\/index.php\/wp-json\/wp\/v2\/posts"}],"about":[{"href":"https:\/\/www.affinite.fr\/index.php\/wp-json\/wp\/v2\/types\/post"}],"author":[{"embeddable":true,"href":"https:\/\/www.affinite.fr\/index.php\/wp-json\/wp\/v2\/users\/1"}],"replies":[{"embeddable":true,"href":"https:\/\/www.affinite.fr\/index.php\/wp-json\/wp\/v2\/comments?post=3557"}],"version-history":[{"count":0,"href":"https:\/\/www.affinite.fr\/index.php\/wp-json\/wp\/v2\/posts\/3557\/revisions"}],"wp:featuredmedia":[{"embeddable":true,"href":"https:\/\/www.affinite.fr\/index.php\/wp-json\/wp\/v2\/media\/3558"}],"wp:attachment":[{"href":"https:\/\/www.affinite.fr\/index.php\/wp-json\/wp\/v2\/media?parent=3557"}],"wp:term":[{"taxonomy":"category","embeddable":true,"href":"https:\/\/www.affinite.fr\/index.php\/wp-json\/wp\/v2\/categories?post=3557"},{"taxonomy":"post_tag","embeddable":true,"href":"https:\/\/www.affinite.fr\/index.php\/wp-json\/wp\/v2\/tags?post=3557"}],"curies":[{"name":"wp","href":"https:\/\/api.w.org\/{rel}","templated":true}]}}