{"id":3542,"date":"2020-06-02T22:35:49","date_gmt":"2020-06-02T22:35:49","guid":{"rendered":"https:\/\/www.affinite.fr\/index.php\/2020\/06\/02\/reduction-des-debits-sur-netflix-youtube-apple-tv-a-quand-le-retour-a-la-normale\/"},"modified":"2020-06-02T22:35:49","modified_gmt":"2020-06-02T22:35:49","slug":"reduction-des-debits-sur-netflix-youtube-apple-tv-a-quand-le-retour-a-la-normale","status":"publish","type":"post","link":"https:\/\/www.affinite.fr\/index.php\/2020\/06\/02\/reduction-des-debits-sur-netflix-youtube-apple-tv-a-quand-le-retour-a-la-normale\/","title":{"rendered":"R\u00e9duction des d\u00e9bits sur Netflix, Youtube, Apple TV+&#8230; A quand le retour \u00e0 la normale ?"},"content":{"rendered":"<p> [ad_1]<br \/>\n<br \/><img decoding=\"async\" src=\"https:\/\/img.bfmtv.com\/i\/0\/0\/c48\/7324318c682db3ff3dcef038989b6.jpg\" \/><\/p>\n<div itemprop=\"articleBody\">\n<p>C\u2019est la question que beaucoup d\u2019abonn\u00e9s aux services de SVOD se posent\u00a0: quand les d\u00e9bits habituels seront-ils remis en place\u00a0? Au d\u00e9but du confinement \u00e0 la mi-mars, ils avaient en effet r\u00e9pondu \u00e0 la demande de Thierry Breton, commissaire europ\u00e9en au March\u00e9 int\u00e9rieur. Pour \u00e9viter de saturer les infrastructures d\u2019Internet, les grands noms du secteur avaient alors accept\u00e9 de r\u00e9duire les d\u00e9bits de leur flux d\u2019environ 25 %.<\/p>\n<div data-force-click=\"true\" class=\"bloc\">\n<blockquote class=\"twitter-tweet\">\n<p dir=\"ltr\" lang=\"fr\">Hey netflix c&rsquo;est quand l&rsquo;arr\u00eat de la limitation du d\u00e9bit sur le 2160p car c&rsquo;est un peu deguelasse \u00e0 7 meg&#8230;historiquement on etait sur du 15 20 meg.<a href=\"https:\/\/twitter.com\/hashtag\/Netflix?src=hash&amp;ref_src=twsrc%5Etfw\">#Netflix<\/a> <a href=\"https:\/\/twitter.com\/hashtag\/NetflixConseilleMoi?src=hash&amp;ref_src=twsrc%5Etfw\">#NetflixConseilleMoi<\/a><\/p>\n<p>\u2014 root (@nnnnsboules) <a href=\"https:\/\/twitter.com\/nnnnsboules\/status\/1267191104350441479?ref_src=twsrc%5Etfw\">May 31, 2020<\/a><\/p><\/blockquote><\/div>\n<p>Mais depuis, le d\u00e9confinement est arriv\u00e9 et il semblerait logique que cela revienne \u00e0 la normale. D\u2019autant plus que certains abonn\u00e9s \u2013 notamment ceux de Netflix \u2013 payent un suppl\u00e9ment pour acc\u00e9der \u00e0 une d\u00e9finition 4K pour b\u00e9n\u00e9ficier de la meilleure qualit\u00e9 d\u2019image possible. \u00c0 l\u2019occasion de <em><a href=\"https:\/\/www.01net.com\/01tv\/l-ultra-haute-emission\/\" target=\"_blank\" rel=\"noopener noreferrer\">l\u2019Ultra Haute \u00c9mission<\/a><\/em> diffus\u00e9e ce 2 juin sur 01TV, nous avons donc contact\u00e9 les principaux services disponibles en France pour faire le point.<\/p>\n<h3 style=\"color:#333; font-family:arial,helvetica,sans-serif; font-size:23px; font-weight:700\">Une seule date communiqu\u00e9e : celle de YouTube<\/h3>\n<p>Netflix ouvre le bal en expliquant les circonstances et les efforts r\u00e9alis\u00e9s pour que son service reste disponible malgr\u00e9 la forte mont\u00e9e en charge\u00a0: <em>\u00ab\u00a0Alors que les conditions du r\u00e9seau s&rsquo;am\u00e9liorent, nous commencerons \u00e0 lever les plafonds de d\u00e9bit que nous avons introduits en mars pays par pays. Au cours des deux derniers mois, nous avons ajout\u00e9 plus de quatre fois la capacit\u00e9 normale pour faire face \u00e0 l&rsquo;augmentation de la demande et aider \u00e0 maintenir la qualit\u00e9 de notre service pour nos membres\u00a0\u00bb<\/em>. Toutefois, aucune date de retour \u00e0 la normale n\u2019est donc pr\u00e9cis\u00e9e pour la France par la soci\u00e9t\u00e9 de Los Gatos (Californie).<\/p>\n<p>Du c\u00f4t\u00e9 de YouTube ce n\u2019est pas r\u00e9ellement une r\u00e9duction de d\u00e9bit qui avait \u00e9t\u00e9 d\u00e9cid\u00e9e, mais la diffusion en d\u00e9finition standard par d\u00e9faut. Pour acc\u00e9der par exemple au Full HD, l\u2019utilisateur devait configurer cela manuellement sur chaque vid\u00e9o visionn\u00e9e. <em>\u00ab\u00a0Nous avions d\u00e9cid\u00e9 d&rsquo;appliquer cela dans monde entier<\/em>, explique YouTube \u00e0 01net. <em>Nous continuons de suivre cette situation avec beaucoup d&rsquo;attention.<\/em> <em>Aussi, nous avons d\u00e9cid\u00e9 de garder temporairement par d\u00e9faut toutes les vid\u00e9os sur YouTube en d\u00e9finition standard jusqu&rsquo;au 7 juin\u00a0\u00bb<\/em>.<\/p>\n<h3 style=\"color:#333; font-family:arial,helvetica,sans-serif; font-size:23px; font-weight:700\">Statu quo chez Amazon, Apple et Disney+<\/h3>\n<p>Apple, toujours tr\u00e8s laconique dans ses d\u00e9clarations, nous a simplement d\u00e9clar\u00e9 qu\u2019ils <em>\u00ab\u00a0[n\u2019avaient] rien annonc\u00e9 \u00e0 ce jour sur le sujet\u00a0\u00bb<\/em>. La situation reste donc identique jusqu\u2019\u00e0 une date encore non communiqu\u00e9e. Disney+ nous a pr\u00e9cis\u00e9 lui non plus n\u2019avoir rien d\u00e9clar\u00e9 jusqu\u2019\u00e0 pr\u00e9sent, l\u00e0 encore c\u2019est donc le statu quo chez le g\u00e9ant am\u00e9ricain du divertissement.<\/p>\n<p>Enfin, Amazon ne nous a toujours pas r\u00e9pondu directement. Toutefois, aucune communication de sa part n\u2019a \u00e9t\u00e9 faite de mani\u00e8re globale. On peut donc estimer que les d\u00e9bits de leur flux sont toujours brid\u00e9s. Il donc falloir continuer \u00e0 s&rsquo;armer de patience pour profiter \u00e0 fond de votre t\u00e9l\u00e9viseur OLED 4K HDR dernier cri.<\/p>\n<\/p><\/div>\n<p><script async src=\"http:\/\/platform.twitter.com\/widgets.js\" charset=\"utf-8\"><\/script><script>\n         !function(f,b,e,v,n,t,s){if(f.fbq)return;n=f.fbq=function()\n         {n.callMethod? n.callMethod.apply(n,arguments):n.queue.push(arguments)}\n         ;if(!f._fbq)f._fbq=n;\n             n.push=n;n.loaded=!0;n.version='2.0';n.queue=[];t=b.createElement(e);t.async=!0;\n             t.src=v;s=b.getElementsByTagName(e)[0];s.parentNode.insertBefore(t,s)}(window,\n                 document,'script','https:\/\/connect.facebook.net\/en_US\/fbevents.js');\n         fbq('init', '1065890633454496');\n         fbq('track', 'PageView');\n     <\/script><br \/>\n<br \/>[ad_2]<br \/>\n<br \/><a href=\"https:\/\/www.01net.com\/actualites\/reduction-des-debits-sur-netflix-youtube-apple-tv-a-quand-le-retour-a-la-normale-1925645.html\">Source link <\/a><\/p>\n","protected":false},"excerpt":{"rendered":"<p>[ad_1] C\u2019est la question que beaucoup d\u2019abonn\u00e9s aux services de SVOD se posent\u00a0: quand les d\u00e9bits habituels seront-ils remis en &hellip; <a href=\"https:\/\/www.affinite.fr\/index.php\/2020\/06\/02\/reduction-des-debits-sur-netflix-youtube-apple-tv-a-quand-le-retour-a-la-normale\/\" class=\"more-link\">Plus <span class=\"screen-reader-text\">R\u00e9duction des d\u00e9bits sur Netflix, Youtube, Apple TV+&#8230; A quand le retour \u00e0 la normale ?<\/span> <span class=\"meta-nav\">&rarr;<\/span><\/a><\/p>\n","protected":false},"author":1,"featured_media":441,"comment_status":"open","ping_status":"open","sticky":false,"template":"","format":"standard","meta":{"_sitemap_exclude":false,"_sitemap_priority":"","_sitemap_frequency":"","footnotes":""},"categories":[1],"tags":[],"class_list":["post-3542","post","type-post","status-publish","format-standard","has-post-thumbnail","hentry","category-tous"],"_links":{"self":[{"href":"https:\/\/www.affinite.fr\/index.php\/wp-json\/wp\/v2\/posts\/3542"}],"collection":[{"href":"https:\/\/www.affinite.fr\/index.php\/wp-json\/wp\/v2\/posts"}],"about":[{"href":"https:\/\/www.affinite.fr\/index.php\/wp-json\/wp\/v2\/types\/post"}],"author":[{"embeddable":true,"href":"https:\/\/www.affinite.fr\/index.php\/wp-json\/wp\/v2\/users\/1"}],"replies":[{"embeddable":true,"href":"https:\/\/www.affinite.fr\/index.php\/wp-json\/wp\/v2\/comments?post=3542"}],"version-history":[{"count":0,"href":"https:\/\/www.affinite.fr\/index.php\/wp-json\/wp\/v2\/posts\/3542\/revisions"}],"wp:featuredmedia":[{"embeddable":true,"href":"https:\/\/www.affinite.fr\/index.php\/wp-json\/wp\/v2\/media\/441"}],"wp:attachment":[{"href":"https:\/\/www.affinite.fr\/index.php\/wp-json\/wp\/v2\/media?parent=3542"}],"wp:term":[{"taxonomy":"category","embeddable":true,"href":"https:\/\/www.affinite.fr\/index.php\/wp-json\/wp\/v2\/categories?post=3542"},{"taxonomy":"post_tag","embeddable":true,"href":"https:\/\/www.affinite.fr\/index.php\/wp-json\/wp\/v2\/tags?post=3542"}],"curies":[{"name":"wp","href":"https:\/\/api.w.org\/{rel}","templated":true}]}}