{"id":3537,"date":"2020-06-02T19:21:13","date_gmt":"2020-06-02T19:21:13","guid":{"rendered":"https:\/\/www.affinite.fr\/index.php\/2020\/06\/02\/le-nouveau-diffuseur-de-la-ligue-1-sassocie-a-tf1-sa-chaine-sappellera-telefoot\/"},"modified":"2020-06-02T19:21:13","modified_gmt":"2020-06-02T19:21:13","slug":"le-nouveau-diffuseur-de-la-ligue-1-sassocie-a-tf1-sa-chaine-sappellera-telefoot","status":"publish","type":"post","link":"https:\/\/www.affinite.fr\/index.php\/2020\/06\/02\/le-nouveau-diffuseur-de-la-ligue-1-sassocie-a-tf1-sa-chaine-sappellera-telefoot\/","title":{"rendered":"Le nouveau diffuseur de la Ligue 1 s\u2019associe \u00e0 TF1 : sa cha\u00eene s\u2019appellera T\u00e9l\u00e9foot"},"content":{"rendered":"<p> [ad_1]<br \/>\n<br \/><img decoding=\"async\" src=\"https:\/\/img.bfmtv.com\/i\/0\/0\/715\/f6d0bf9b53e7dfed7e52732bbe32f.jpg\" \/><\/p>\n<div itemprop=\"articleBody\">\n<p>L\u2019offre de diffusion des matchs de Ligue 1 par Mediapro prend forme. La soci\u00e9t\u00e9 espagnole et TF1 ont annonc\u00e9 ce 2 juin la signature d\u2019un partenariat. La future cha\u00eene \u2013 qui diffusera 80 % des matchs de premi\u00e8re division \u2013 s\u2019appellera T\u00e9l\u00e9foot, comme l\u2019\u00e9mission existant depuis 1977.<\/p>\n<p>En plus de cette licence de marque, la collaboration portera sur l\u2019\u00e9ditorial et la production. Enfin, le duo Gr\u00e9goire Margotton et Bixente Lizarazu commentera les vingt plus belles affiches de Ligue 1 diffus\u00e9es par T\u00e9l\u00e9foot. Ce partenariat a \u00e9t\u00e9 sign\u00e9 pour quatre ans, soit la dur\u00e9e des droits acquis par Mediapro.<\/p>\n<p>D\u00e8s la reprise du championnat fran\u00e7ais le 23 ao\u00fbt prochain \u2013 en raison de la crise du coronavirus \u2013, T\u00e9l\u00e9foot diffusera donc les matchs du vendredi 21 h, samedi 17 h, dimanche 13 h, le multiplex du dimanche 15 h et l\u2019affiche de la journ\u00e9e, le dimanche \u00e0 21 h. Canal+, qui a rachet\u00e9 deux lots initialement acquis par beIN Sports, aura deux matchs, ceux du samedi 21 h et du dimanche 17 h.<\/p>\n<h3 style=\"color:#333;font-family:arial,helvetica,sans-serif;font-size:23px;font-weight:700;\">Une offre OTT future victime du piratage IPTV ?<\/h3>\n<p>La cha\u00eene n\u2019a toujours pas annonc\u00e9 ses offres commerciales ni son mode de diffusion. En toute vraisemblance, c\u2019est via OTT (applications smartphones, tvOS, Android TV, etc.) et les box des op\u00e9rateurs qu\u2019elle devrait \u00eatre disponible. Le patron de Mediapro Jaume Roures avait \u00e9voqu\u00e9 le prix de 25 euros par mois pour y acc\u00e9der.<\/p>\n<p>Ce tarif pourrait dissuader fortement les amateurs de football, dont une partie a d\u00e9sormais pris l\u2019habitude de pirater les cha\u00eenes sportives gr\u00e2ce aux offres d\u2019IPTV ill\u00e9gale. On estime que <a href=\"https:\/\/www.01net.com\/actualites\/l-iptv-pirate-reste-le-cauchemar-des-ayants-droit-avec-1-milliard-d-euros-genere-par-an-en-europe-1815599.html\" target=\"_blank\" rel=\"noopener noreferrer\">10 % de la population europ\u00e9enne y a recours pour un chiffre d\u2019affaires de 1 milliard d\u2019euros par an<\/a>. Des chiffres et des offres qui en font <a href=\"https:\/\/www.01net.com\/actualites\/le-piratage-iptv-nouveau-cauchemar-des-ayants-droit-1353847.html\" target=\"_blank\" rel=\"noopener noreferrer\">le nouveau cauchemar des ayants droit<\/a>.<\/p>\n<p><strong>Source : <a href=\"https:\/\/twitter.com\/GroupeTF1\/status\/1267695044129099777?s=20\" target=\"_blank\" rel=\"noopener noreferrer\">Groupe TF1<\/a><\/strong><\/p>\n<\/p><\/div>\n<p><script async src=\"http:\/\/platform.twitter.com\/widgets.js\" charset=\"utf-8\"><\/script><script>\n         !function(f,b,e,v,n,t,s){if(f.fbq)return;n=f.fbq=function()\n         {n.callMethod? n.callMethod.apply(n,arguments):n.queue.push(arguments)}\n         ;if(!f._fbq)f._fbq=n;\n             n.push=n;n.loaded=!0;n.version='2.0';n.queue=[];t=b.createElement(e);t.async=!0;\n             t.src=v;s=b.getElementsByTagName(e)[0];s.parentNode.insertBefore(t,s)}(window,\n                 document,'script','https:\/\/connect.facebook.net\/en_US\/fbevents.js');\n         fbq('init', '1065890633454496');\n         fbq('track', 'PageView');\n     <\/script><br \/>\n<br \/>[ad_2]<br \/>\n<br \/><a href=\"https:\/\/www.01net.com\/actualites\/le-nouveau-diffuseur-de-la-ligue-1-s-associe-a-tf1-sa-chaine-s-appellera-telefoot-1925547.html\">Source link <\/a><\/p>\n","protected":false},"excerpt":{"rendered":"<p>[ad_1] L\u2019offre de diffusion des matchs de Ligue 1 par Mediapro prend forme. La soci\u00e9t\u00e9 espagnole et TF1 ont annonc\u00e9 &hellip; <a href=\"https:\/\/www.affinite.fr\/index.php\/2020\/06\/02\/le-nouveau-diffuseur-de-la-ligue-1-sassocie-a-tf1-sa-chaine-sappellera-telefoot\/\" class=\"more-link\">Plus <span class=\"screen-reader-text\">Le nouveau diffuseur de la Ligue 1 s\u2019associe \u00e0 TF1 : sa cha\u00eene s\u2019appellera T\u00e9l\u00e9foot<\/span> <span class=\"meta-nav\">&rarr;<\/span><\/a><\/p>\n","protected":false},"author":1,"featured_media":3538,"comment_status":"open","ping_status":"open","sticky":false,"template":"","format":"standard","meta":{"_sitemap_exclude":false,"_sitemap_priority":"","_sitemap_frequency":"","footnotes":""},"categories":[1],"tags":[],"class_list":["post-3537","post","type-post","status-publish","format-standard","has-post-thumbnail","hentry","category-tous"],"_links":{"self":[{"href":"https:\/\/www.affinite.fr\/index.php\/wp-json\/wp\/v2\/posts\/3537"}],"collection":[{"href":"https:\/\/www.affinite.fr\/index.php\/wp-json\/wp\/v2\/posts"}],"about":[{"href":"https:\/\/www.affinite.fr\/index.php\/wp-json\/wp\/v2\/types\/post"}],"author":[{"embeddable":true,"href":"https:\/\/www.affinite.fr\/index.php\/wp-json\/wp\/v2\/users\/1"}],"replies":[{"embeddable":true,"href":"https:\/\/www.affinite.fr\/index.php\/wp-json\/wp\/v2\/comments?post=3537"}],"version-history":[{"count":0,"href":"https:\/\/www.affinite.fr\/index.php\/wp-json\/wp\/v2\/posts\/3537\/revisions"}],"wp:featuredmedia":[{"embeddable":true,"href":"https:\/\/www.affinite.fr\/index.php\/wp-json\/wp\/v2\/media\/3538"}],"wp:attachment":[{"href":"https:\/\/www.affinite.fr\/index.php\/wp-json\/wp\/v2\/media?parent=3537"}],"wp:term":[{"taxonomy":"category","embeddable":true,"href":"https:\/\/www.affinite.fr\/index.php\/wp-json\/wp\/v2\/categories?post=3537"},{"taxonomy":"post_tag","embeddable":true,"href":"https:\/\/www.affinite.fr\/index.php\/wp-json\/wp\/v2\/tags?post=3537"}],"curies":[{"name":"wp","href":"https:\/\/api.w.org\/{rel}","templated":true}]}}